{"id":997,"date":"2012-12-25T10:33:46","date_gmt":"2012-12-25T09:33:46","guid":{"rendered":"http:\/\/lag.bassinminier62.org\/site\/?p=997"},"modified":"2013-10-16T10:39:54","modified_gmt":"2013-10-16T08:39:54","slug":"film-de-guerre","status":"publish","type":"post","link":"https:\/\/www.lelag.fr\/site\/film-de-guerre\/","title":{"rendered":"Film de guerre"},"content":{"rendered":"<p><strong>Programmation au LAG : samedi 23 mars \u00e0 16h30, dans le cadre du festival <a title=\"Bobines Rebelles 2013\" href=\"http:\/\/lag.bassinminier62.org\/site\/cinema\/bobines-rebelles\/bobines-rebelles-2013\/\">Bobines rebelles 2013<\/a><\/strong><\/p>\n<p><strong>En pr\u00e9sence de la r\u00e9alisatrice<\/strong><\/p>\n<p>de Carmit Harash, France, 2007, 47 min<\/p>\n<p><strong>R\u00e9sum\u00e9 :<\/strong><br \/>\nGuerre isra\u00e9lo-libanaise, \u00e9t\u00e9 2006. Retour \u00e0 Nahariya, ma ville natale, \u00e0 dix kilom\u00e8tres de la fronti\u00e8re libanaise. Une ville fant\u00f4me. Mes errances dans la ville, vid\u00e9e de la plupart de ses habitants, et mon retour dans la maison de mes parents, sont aussi un retour au pass\u00e9, \u00e0 une autre guerre, d\u00e9j\u00e0 v\u00e9cue \u00e0 l\u2019\u00e9poque, dans cette maison \u2013 la guerre de Kippour en 1973. C\u2019est un film sur les guerres. La guerre \u00e0 Nahariya, les guerres entre moi et mes parents, enferm\u00e9s dans la maison en attendant la fin des combats, la guerre de la propagande \u00e0 la t\u00e9l\u00e9\u2026 Les images et les voix du pr\u00e9sent et du pass\u00e9 se m\u00ealent.<br \/>\nCe qu\u2019on a aim\u00e9 :<br \/>\nL\u2019auteure, qui vit en France depuis plus de 10 ans, nous d\u00e9voile son regard critique sur Isra\u00ebl. On d\u00e9couvre \u00e0 travers elle la complexit\u00e9 d\u2019un conflit vieux d\u2019un demi-si\u00e8cle. N\u00e9e dans une famille juive venue d\u2019Irak, elle met \u00e0 jour les contradictions de la soci\u00e9t\u00e9 isra\u00e9lienne.<\/p>\n<p>&nbsp;<\/p>\n<div id=\"attachment_998\" style=\"width: 710px\" class=\"wp-caption aligncenter\"><a href=\"http:\/\/lag.bassinminier62.org\/site\/wp-content\/uploads\/2012\/12\/FilmDeGuerre.jpg\"><img loading=\"lazy\" decoding=\"async\" aria-describedby=\"caption-attachment-998\" class=\"size-full wp-image-998\" alt=\"Film de guerre\" src=\"http:\/\/lag.bassinminier62.org\/site\/wp-content\/uploads\/2012\/12\/FilmDeGuerre.jpg\" width=\"700\" height=\"492\" srcset=\"https:\/\/www.lelag.fr\/site\/wp-content\/uploads\/2012\/12\/FilmDeGuerre.jpg 700w, https:\/\/www.lelag.fr\/site\/wp-content\/uploads\/2012\/12\/FilmDeGuerre-300x210.jpg 300w\" sizes=\"auto, (max-width: 700px) 100vw, 700px\" \/><\/a><p id=\"caption-attachment-998\" class=\"wp-caption-text\">Film de guerre<\/p><\/div>\n","protected":false},"excerpt":{"rendered":"<p>Programmation au LAG : samedi 23 mars \u00e0 16h30, dans le cadre du festival Bobines rebelles 2013 En pr\u00e9sence de la r\u00e9alisatrice de Carmit Harash, France, 2007, 47 min R\u00e9sum\u00e9 : Guerre isra\u00e9lo-libanaise, \u00e9t\u00e9 2006. Retour \u00e0 Nahariya, ma ville &hellip; <a href=\"https:\/\/www.lelag.fr\/site\/film-de-guerre\/\">Continuer la lecture <span class=\"meta-nav\">&rarr;<\/span><\/a><\/p>\n","protected":false},"author":1,"featured_media":0,"comment_status":"closed","ping_status":"closed","sticky":false,"template":"","format":"standard","meta":{"footnotes":""},"categories":[5],"tags":[],"class_list":["post-997","post","type-post","status-publish","format-standard","hentry","category-bobines-rebelles-2013"],"_links":{"self":[{"href":"https:\/\/www.lelag.fr\/site\/wp-json\/wp\/v2\/posts\/997","targetHints":{"allow":["GET"]}}],"collection":[{"href":"https:\/\/www.lelag.fr\/site\/wp-json\/wp\/v2\/posts"}],"about":[{"href":"https:\/\/www.lelag.fr\/site\/wp-json\/wp\/v2\/types\/post"}],"author":[{"embeddable":true,"href":"https:\/\/www.lelag.fr\/site\/wp-json\/wp\/v2\/users\/1"}],"replies":[{"embeddable":true,"href":"https:\/\/www.lelag.fr\/site\/wp-json\/wp\/v2\/comments?post=997"}],"version-history":[{"count":6,"href":"https:\/\/www.lelag.fr\/site\/wp-json\/wp\/v2\/posts\/997\/revisions"}],"predecessor-version":[{"id":1519,"href":"https:\/\/www.lelag.fr\/site\/wp-json\/wp\/v2\/posts\/997\/revisions\/1519"}],"wp:attachment":[{"href":"https:\/\/www.lelag.fr\/site\/wp-json\/wp\/v2\/media?parent=997"}],"wp:term":[{"taxonomy":"category","embeddable":true,"href":"https:\/\/www.lelag.fr\/site\/wp-json\/wp\/v2\/categories?post=997"},{"taxonomy":"post_tag","embeddable":true,"href":"https:\/\/www.lelag.fr\/site\/wp-json\/wp\/v2\/tags?post=997"}],"curies":[{"name":"wp","href":"https:\/\/api.w.org\/{rel}","templated":true}]}}