{"id":987,"date":"2012-12-24T16:46:51","date_gmt":"2012-12-24T15:46:51","guid":{"rendered":"http:\/\/lag.bassinminier62.org\/site\/?p=987"},"modified":"2013-10-16T10:40:13","modified_gmt":"2013-10-16T08:40:13","slug":"de-lautre-cote-de-la-route","status":"publish","type":"post","link":"https:\/\/www.lelag.fr\/site\/de-lautre-cote-de-la-route\/","title":{"rendered":"De l&rsquo;autre c\u00f4t\u00e9 de la route"},"content":{"rendered":"<p><strong>Programmation au LAG : samedi 23 mars \u00e0 15h00, dans le cadre du <\/strong><strong> festival <a title=\"Bobines Rebelles 2013\" href=\"http:\/\/lag.bassinminier62.org\/site\/cinema\/bobines-rebelles\/bobines-rebelles-2013\/\">Bobines rebelles 2013<\/a><\/strong><\/p>\n<p><strong>En pr\u00e9sence de la r\u00e9alisatrice<\/strong><\/p>\n<p>de Laurence Doumic &#8211; 2010 &#8211; 52 min<\/p>\n<p><strong>R\u00e9sum\u00e9 (version courte) :<\/strong><br \/>\nDe l&rsquo;autre c\u00f4t\u00e9 de la route&#8230; il y a un grand feu la nuit, puis des coups de marteaux et on voit enfin s&rsquo;\u00e9lever des cabanes entre les arbres. Colette, curieuse, d\u00e9cide de traverser la route \u00e0 la rencontre de ses nouveau voisins&#8230; Elle est accueillie par toute une famille Tsigane de Roumanie. Colette s&rsquo;\u00e9prend peu \u00e0 peu d&rsquo;Eva, de Sami et de leurs deux enfants. En d\u00e9pit de leur situation pr\u00e9caire, elle croit en leurs multiples capacit\u00e9s et veut que cela se sache, tant au niveau des habitants de sa cit\u00e9 qu&rsquo;\u00e0 celui des \u00e9lus, pour qu&rsquo;eux aussi, traversent la route&#8230;<\/p>\n<p><strong>R\u00e9sum\u00e9 (version longue) :<\/strong><\/p>\n<p>Une nuit, Colette aper\u00e7oit par sa fen\u00eatre un grand feu sur le terrain de l\u2019autre c\u00f4t\u00e9 de la route. Le lendemain, elle entend le bruit des marteaux et voit des cabanes s\u2019\u00e9lever entre les arbres. Curieuse, elle d\u00e9cide de traverser la route \u00e0 la rencontre de ces \u00e9tranges habitants. Elle est accueillie par toute une famille tsigane de Roumanie.<br \/>\nColette s\u2019\u00e9prend peu \u00e0 peu d\u2019Eva, de Sami et de leurs deux enfants.<br \/>\nEn d\u00e9pit de leur situation pr\u00e9caire, elle croit en leurs multiples capacit\u00e9s et veut que cela se sache. Elle entreprend alors de convaincre les habitants de sa cit\u00e9, les badauds et aussi les \u00e9lus de traverser la route \u00e0 leur tour.<br \/>\nAu fil des saisons, le campement se charge d\u2019\u00e9motions et de souvenirs. Le quotidien et les \u00e9v\u00e8nements importants creusent peu \u00e0 peu le sillon du destin de cette famille en France : le premier jour d\u2019\u00e9cole de Samuel et les larmes de sa grand-m\u00e8re, les repas joviaux cuisin\u00e9s par Eva sous le regard de tous, la sollicitude des copains de l\u2019autre c\u00f4t\u00e9 de la route, l\u2019extase d\u2019un \u00e9lu pour la d\u00e9coration d\u2019une cabane, la visite onirique d\u2019enfants de la cit\u00e9, le nettoyage \u00e9pique du terrain, l\u2019h\u00e9bergement d\u2019une autre famille en plein hiver, la pr\u00e9paration d\u00e9licate des fleurs au printemps, et le projet d\u2019agriculture en ville de Colette.<br \/>\nLa vie hors du camp est aussi \u00e9prouvante. Elle r\u00e9v\u00e8le l\u2019absolue indigence \u00e0 laquelle la famille est condamn\u00e9e mais aussi la po\u00e9sie d\u2019instants partag\u00e9s : dans un champ de jonquilles o\u00f9 Eva joue une vendeuse des quatre saisons, \u00e0 v\u00e9lo quand le regard de Samuel se pose sur les tentes des exclus, dans une usine ravag\u00e9e par le feu o\u00f9 ils tentent au m\u00e9pris du danger de r\u00e9cup\u00e9rer des v\u00eatements, dans une brocante o\u00f9 rayonnent la joie de vivre et l\u2019humour d\u2019Eva. Au cours de dessin, \u00e0 l\u2019\u00e9cole ou Samuel apprivoise le regard des autres enfants \u2026<br \/>\nPeu \u00e0 peu la vie de la famille s\u2019organise, \u00e9volue, s\u2019am\u00e9liore, mais h\u00e9las, l\u2019intervention de la police met un terme \u00e0 leurs espoirs et au r\u00eave de Colette. Ils l\u00e8vent le camp avec panache avant la date fatidique pour que \u00ab\u00a0ceux qui viendront les expulser ne trouvent que des fant\u00f4mes\u2026\u00a0\u00bb<br \/>\nTout semble perdu et pourtant tout est possible.<\/p>\n<p>&nbsp;<\/p>\n<p><strong>Ce qu&rsquo;on a aim\u00e9 :<\/strong><br \/>\nUn film \u00e9mouvant qui tend \u00e0 d\u00e9faire les pr\u00e9jug\u00e9s que l&rsquo;on peut avoir sur la communaut\u00e9 tsigane. Colette et la famille de Samuel sont un bel exemple de solidarit\u00e9 et d&rsquo;engagement politique dans la soci\u00e9t\u00e9 actuelle. La r\u00e9alisatrice r\u00e9ussit un film sensible o\u00f9 tous les personnages, attachants, sont anim\u00e9s d&rsquo;une pers\u00e9v\u00e9rance \u00e0 toute \u00e9preuve. Et \u00e7a donne envie de faire de m\u00eame.<\/p>\n<div id=\"attachment_988\" style=\"width: 650px\" class=\"wp-caption alignnone\"><a href=\"http:\/\/lag.bassinminier62.org\/site\/wp-content\/uploads\/2012\/12\/DeLAutreCoteDeLaRoute.jpeg\"><img loading=\"lazy\" decoding=\"async\" aria-describedby=\"caption-attachment-988\" class=\"size-large wp-image-988\" alt=\"De l'autre c\u00f4t\u00e9 de la route\" src=\"http:\/\/lag.bassinminier62.org\/site\/wp-content\/uploads\/2012\/12\/DeLAutreCoteDeLaRoute-1024x576.jpeg\" width=\"640\" height=\"360\" srcset=\"https:\/\/www.lelag.fr\/site\/wp-content\/uploads\/2012\/12\/DeLAutreCoteDeLaRoute-1024x576.jpeg 1024w, https:\/\/www.lelag.fr\/site\/wp-content\/uploads\/2012\/12\/DeLAutreCoteDeLaRoute-300x168.jpeg 300w, https:\/\/www.lelag.fr\/site\/wp-content\/uploads\/2012\/12\/DeLAutreCoteDeLaRoute.jpeg 1280w\" sizes=\"auto, (max-width: 640px) 100vw, 640px\" \/><\/a><p id=\"caption-attachment-988\" class=\"wp-caption-text\">De l&rsquo;autre c\u00f4t\u00e9 de la route<\/p><\/div>\n<p>&nbsp;<\/p>\n<div id=\"attachment_994\" style=\"width: 760px\" class=\"wp-caption alignnone\"><a href=\"http:\/\/lag.bassinminier62.org\/site\/wp-content\/uploads\/2012\/12\/DeLAutreCoteDeLaRoute-2.jpeg\"><img loading=\"lazy\" decoding=\"async\" aria-describedby=\"caption-attachment-994\" class=\"size-full wp-image-994\" alt=\"De l'autre c\u00f4t\u00e9 de la route\" src=\"http:\/\/lag.bassinminier62.org\/site\/wp-content\/uploads\/2012\/12\/DeLAutreCoteDeLaRoute-2.jpeg\" width=\"750\" height=\"554\" srcset=\"https:\/\/www.lelag.fr\/site\/wp-content\/uploads\/2012\/12\/DeLAutreCoteDeLaRoute-2.jpeg 750w, https:\/\/www.lelag.fr\/site\/wp-content\/uploads\/2012\/12\/DeLAutreCoteDeLaRoute-2-300x221.jpeg 300w\" sizes=\"auto, (max-width: 750px) 100vw, 750px\" \/><\/a><p id=\"caption-attachment-994\" class=\"wp-caption-text\">De l&rsquo;autre c\u00f4t\u00e9 de la route<\/p><\/div>\n","protected":false},"excerpt":{"rendered":"<p>Programmation au LAG : samedi 23 mars \u00e0 15h00, dans le cadre du festival Bobines rebelles 2013 En pr\u00e9sence de la r\u00e9alisatrice de Laurence Doumic &#8211; 2010 &#8211; 52 min R\u00e9sum\u00e9 (version courte) : De l&rsquo;autre c\u00f4t\u00e9 de la route&#8230; &hellip; <a href=\"https:\/\/www.lelag.fr\/site\/de-lautre-cote-de-la-route\/\">Continuer la lecture <span class=\"meta-nav\">&rarr;<\/span><\/a><\/p>\n","protected":false},"author":1,"featured_media":0,"comment_status":"closed","ping_status":"closed","sticky":false,"template":"","format":"standard","meta":{"footnotes":""},"categories":[5],"tags":[],"class_list":["post-987","post","type-post","status-publish","format-standard","hentry","category-bobines-rebelles-2013"],"_links":{"self":[{"href":"https:\/\/www.lelag.fr\/site\/wp-json\/wp\/v2\/posts\/987","targetHints":{"allow":["GET"]}}],"collection":[{"href":"https:\/\/www.lelag.fr\/site\/wp-json\/wp\/v2\/posts"}],"about":[{"href":"https:\/\/www.lelag.fr\/site\/wp-json\/wp\/v2\/types\/post"}],"author":[{"embeddable":true,"href":"https:\/\/www.lelag.fr\/site\/wp-json\/wp\/v2\/users\/1"}],"replies":[{"embeddable":true,"href":"https:\/\/www.lelag.fr\/site\/wp-json\/wp\/v2\/comments?post=987"}],"version-history":[{"count":9,"href":"https:\/\/www.lelag.fr\/site\/wp-json\/wp\/v2\/posts\/987\/revisions"}],"predecessor-version":[{"id":1521,"href":"https:\/\/www.lelag.fr\/site\/wp-json\/wp\/v2\/posts\/987\/revisions\/1521"}],"wp:attachment":[{"href":"https:\/\/www.lelag.fr\/site\/wp-json\/wp\/v2\/media?parent=987"}],"wp:term":[{"taxonomy":"category","embeddable":true,"href":"https:\/\/www.lelag.fr\/site\/wp-json\/wp\/v2\/categories?post=987"},{"taxonomy":"post_tag","embeddable":true,"href":"https:\/\/www.lelag.fr\/site\/wp-json\/wp\/v2\/tags?post=987"}],"curies":[{"name":"wp","href":"https:\/\/api.w.org\/{rel}","templated":true}]}}