{"id":972,"date":"2012-12-24T16:22:50","date_gmt":"2012-12-24T15:22:50","guid":{"rendered":"http:\/\/lag.bassinminier62.org\/site\/?p=972"},"modified":"2013-10-16T10:40:32","modified_gmt":"2013-10-16T08:40:32","slug":"9ter","status":"publish","type":"post","link":"https:\/\/www.lelag.fr\/site\/9ter\/","title":{"rendered":"9Ter"},"content":{"rendered":"<p><strong>Programmation au LAG : samedi 23 mars \u00e0 13h30, dans le cadre du <\/strong><strong> festival <a title=\"Bobines Rebelles 2013\" href=\"http:\/\/lag.bassinminier62.org\/site\/cinema\/bobines-rebelles\/bobines-rebelles-2013\/\">Bobines rebelles 2013<\/a><\/strong><\/p>\n<p>En pr\u00e9sence des r\u00e9alisatrices<\/p>\n<p>de C\u00e9line Darmayan et Origan Cannella, Belgique, 2010, 56 min<\/p>\n<p><strong>R\u00e9sum\u00e9 :<\/strong><br \/>\nEn Belgique, l\u2019article 9ter de la loi du 15 d\u00e9cembre 1980 autorise une personne \u00e9trang\u00e8re \u00e0 demander un titre de s\u00e9jour, si elle souffre d\u2019une maladie entra\u00eenant un risque r\u00e9el pour sa vie. Pour beaucoup de personnes sans-papiers, cet article est la seule solution pour acc\u00e9der \u00e0 un statut l\u00e9gal.<\/p>\n<p>\u00c0 Bruxelles, en mars 2009, plus de 1 000 personnes d\u00e9cident d\u2019entamer une gr\u00e8ve de la faim. Ce film nous emm\u00e8ne \u00e0 la rencontre d\u2019hommes et de femmes qui, prisonniers de cette situation, sont confront\u00e9s \u00e0 ce choix : mettre ou non leurs vies en danger pour obtenir des papiers.<\/p>\n<p><strong>En t\u00e9l\u00e9chargement<\/strong> : <strong><a href=\"http:\/\/lag.bassinminier62.org\/site\/wp-content\/uploads\/2012\/12\/9Ter-DossierPresse.pdf\">le dossier de presse 9Ter<\/a><\/strong><\/p>\n<p>\u00c0 voir : <a title=\"9Ter\" href=\"http:\/\/ia600403.us.archive.org\/31\/items\/Film9ter\/BandeAnnonce9terH264.mov\">la bande annonce 9Ter<\/a><\/p>\n<div id=\"attachment_976\" style=\"width: 310px\" class=\"wp-caption aligncenter\"><a href=\"http:\/\/lag.bassinminier62.org\/site\/wp-content\/uploads\/2012\/12\/9Ter-01.jpg\"><img loading=\"lazy\" decoding=\"async\" aria-describedby=\"caption-attachment-976\" class=\"size-medium wp-image-976 \" alt=\"9Ter\" src=\"http:\/\/lag.bassinminier62.org\/site\/wp-content\/uploads\/2012\/12\/9Ter-01-300x168.jpg\" width=\"300\" height=\"168\" srcset=\"https:\/\/www.lelag.fr\/site\/wp-content\/uploads\/2012\/12\/9Ter-01-300x168.jpg 300w, https:\/\/www.lelag.fr\/site\/wp-content\/uploads\/2012\/12\/9Ter-01.jpg 1024w\" sizes=\"auto, (max-width: 300px) 100vw, 300px\" \/><\/a><p id=\"caption-attachment-976\" class=\"wp-caption-text\">9Ter<\/p><\/div>\n","protected":false},"excerpt":{"rendered":"<p>Programmation au LAG : samedi 23 mars \u00e0 13h30, dans le cadre du festival Bobines rebelles 2013 En pr\u00e9sence des r\u00e9alisatrices de C\u00e9line Darmayan et Origan Cannella, Belgique, 2010, 56 min R\u00e9sum\u00e9 : En Belgique, l\u2019article 9ter de la loi &hellip; <a href=\"https:\/\/www.lelag.fr\/site\/9ter\/\">Continuer la lecture <span class=\"meta-nav\">&rarr;<\/span><\/a><\/p>\n","protected":false},"author":1,"featured_media":0,"comment_status":"closed","ping_status":"closed","sticky":false,"template":"","format":"standard","meta":{"footnotes":""},"categories":[5],"tags":[],"class_list":["post-972","post","type-post","status-publish","format-standard","hentry","category-bobines-rebelles-2013"],"_links":{"self":[{"href":"https:\/\/www.lelag.fr\/site\/wp-json\/wp\/v2\/posts\/972","targetHints":{"allow":["GET"]}}],"collection":[{"href":"https:\/\/www.lelag.fr\/site\/wp-json\/wp\/v2\/posts"}],"about":[{"href":"https:\/\/www.lelag.fr\/site\/wp-json\/wp\/v2\/types\/post"}],"author":[{"embeddable":true,"href":"https:\/\/www.lelag.fr\/site\/wp-json\/wp\/v2\/users\/1"}],"replies":[{"embeddable":true,"href":"https:\/\/www.lelag.fr\/site\/wp-json\/wp\/v2\/comments?post=972"}],"version-history":[{"count":11,"href":"https:\/\/www.lelag.fr\/site\/wp-json\/wp\/v2\/posts\/972\/revisions"}],"predecessor-version":[{"id":1523,"href":"https:\/\/www.lelag.fr\/site\/wp-json\/wp\/v2\/posts\/972\/revisions\/1523"}],"wp:attachment":[{"href":"https:\/\/www.lelag.fr\/site\/wp-json\/wp\/v2\/media?parent=972"}],"wp:term":[{"taxonomy":"category","embeddable":true,"href":"https:\/\/www.lelag.fr\/site\/wp-json\/wp\/v2\/categories?post=972"},{"taxonomy":"post_tag","embeddable":true,"href":"https:\/\/www.lelag.fr\/site\/wp-json\/wp\/v2\/tags?post=972"}],"curies":[{"name":"wp","href":"https:\/\/api.w.org\/{rel}","templated":true}]}}