{"id":872,"date":"2012-12-12T17:39:55","date_gmt":"2012-12-12T16:39:55","guid":{"rendered":"http:\/\/lag.bassinminier62.org\/site\/?p=872"},"modified":"2013-03-11T11:29:25","modified_gmt":"2013-03-11T10:29:25","slug":"la-vie-nest-pas-immobile","status":"publish","type":"post","link":"https:\/\/www.lelag.fr\/site\/la-vie-nest-pas-immobile\/","title":{"rendered":"La vie n&rsquo;est pas immobile"},"content":{"rendered":"<p><strong>Programmation au LAG : vendredi #### \u00e0 20h00, dans le cadre du cycle <a title=\"Docu Femmes\" href=\"..\/projets-2012-2013\/docu-femmes\/\">Docu Femmes<\/a><\/strong><\/p>\n<p><strong>En pr\u00e9sence du r\u00e9alisateur.<\/strong><\/p>\n<p>de Alassane Diago, Congo \u2013 France \u2013 Belgique, 2011, 59 min<br \/>\n<strong>R\u00e9sum\u00e9 :<\/strong><br \/>\nC\u2019est l\u2019histoire de femmes : m\u00e8res de famille, \u00e9pouses, femmes travailleuses et acharn\u00e9es. Pour certaines, le mari a immigr\u00e9 ; pour d\u2019autres, il est tout simplement inactif ou immobilis\u00e9 par une maladie incurable.<br \/>\nC\u2019est l\u2019histoire des femmes qui, regroup\u00e9es et mobilis\u00e9es pour la survie de leur foyer, sont fatigu\u00e9es et habit\u00e9es par un fort d\u00e9sir de d\u00e9noncer l\u2019injustice et la soumission que leur impose la minorit\u00e9 des hommes qui les dirigent.<br \/>\nHoul\u00e8ye est l\u2019une d\u2019entre elles. Elle pleure, rit mais ne veut surtout pas \u00eatre prisonni\u00e8re de son pass\u00e9.<\/p>\n<div id=\"attachment_873\" style=\"width: 650px\" class=\"wp-caption aligncenter\"><a href=\"http:\/\/lag.bassinminier62.org\/site\/wp-content\/uploads\/2012\/12\/LaVieNEstPasImmobile.jpg\"><img loading=\"lazy\" decoding=\"async\" aria-describedby=\"caption-attachment-873\" class=\"size-large wp-image-873\" title=\"LaVieNEstPasImmobile\" alt=\"La vie n'est pas immobile\" src=\"http:\/\/lag.bassinminier62.org\/site\/wp-content\/uploads\/2012\/12\/LaVieNEstPasImmobile-1024x768.jpg\" width=\"640\" height=\"480\" srcset=\"https:\/\/www.lelag.fr\/site\/wp-content\/uploads\/2012\/12\/LaVieNEstPasImmobile-1024x768.jpg 1024w, https:\/\/www.lelag.fr\/site\/wp-content\/uploads\/2012\/12\/LaVieNEstPasImmobile-300x225.jpg 300w\" sizes=\"auto, (max-width: 640px) 100vw, 640px\" \/><\/a><p id=\"caption-attachment-873\" class=\"wp-caption-text\">La vie n&rsquo;est pas immobile<\/p><\/div>\n","protected":false},"excerpt":{"rendered":"<p>Programmation au LAG : vendredi #### \u00e0 20h00, dans le cadre du cycle Docu Femmes En pr\u00e9sence du r\u00e9alisateur. de Alassane Diago, Congo \u2013 France \u2013 Belgique, 2011, 59 min R\u00e9sum\u00e9 : C\u2019est l\u2019histoire de femmes : m\u00e8res de famille, &hellip; <a href=\"https:\/\/www.lelag.fr\/site\/la-vie-nest-pas-immobile\/\">Continuer la lecture <span class=\"meta-nav\">&rarr;<\/span><\/a><\/p>\n","protected":false},"author":1,"featured_media":0,"comment_status":"closed","ping_status":"closed","sticky":false,"template":"","format":"standard","meta":{"footnotes":""},"categories":[4],"tags":[],"class_list":["post-872","post","type-post","status-publish","format-standard","hentry","category-docu-femmes-2013"],"_links":{"self":[{"href":"https:\/\/www.lelag.fr\/site\/wp-json\/wp\/v2\/posts\/872","targetHints":{"allow":["GET"]}}],"collection":[{"href":"https:\/\/www.lelag.fr\/site\/wp-json\/wp\/v2\/posts"}],"about":[{"href":"https:\/\/www.lelag.fr\/site\/wp-json\/wp\/v2\/types\/post"}],"author":[{"embeddable":true,"href":"https:\/\/www.lelag.fr\/site\/wp-json\/wp\/v2\/users\/1"}],"replies":[{"embeddable":true,"href":"https:\/\/www.lelag.fr\/site\/wp-json\/wp\/v2\/comments?post=872"}],"version-history":[{"count":2,"href":"https:\/\/www.lelag.fr\/site\/wp-json\/wp\/v2\/posts\/872\/revisions"}],"predecessor-version":[{"id":1272,"href":"https:\/\/www.lelag.fr\/site\/wp-json\/wp\/v2\/posts\/872\/revisions\/1272"}],"wp:attachment":[{"href":"https:\/\/www.lelag.fr\/site\/wp-json\/wp\/v2\/media?parent=872"}],"wp:term":[{"taxonomy":"category","embeddable":true,"href":"https:\/\/www.lelag.fr\/site\/wp-json\/wp\/v2\/categories?post=872"},{"taxonomy":"post_tag","embeddable":true,"href":"https:\/\/www.lelag.fr\/site\/wp-json\/wp\/v2\/tags?post=872"}],"curies":[{"name":"wp","href":"https:\/\/api.w.org\/{rel}","templated":true}]}}