{"id":868,"date":"2012-12-12T17:32:22","date_gmt":"2012-12-12T16:32:22","guid":{"rendered":"http:\/\/lag.bassinminier62.org\/site\/?p=868"},"modified":"2013-03-11T11:27:52","modified_gmt":"2013-03-11T10:27:52","slug":"la-revolution-du-desir","status":"publish","type":"post","link":"https:\/\/www.lelag.fr\/site\/la-revolution-du-desir\/","title":{"rendered":"La r\u00e9volution du d\u00e9sir"},"content":{"rendered":"<p><strong>Programmation au LAG : vendredi #### \u00e0 20h00, dans le cadre du cycle <a title=\"Docu Femmes\" href=\"..\/projets-2012-2013\/docu-femmes\/\">Docu Femmes<\/a><\/strong><\/p>\n<p><strong>En pr\u00e9sence du r\u00e9alisateur<\/strong><br \/>\nde Alessandro Avellis, France, 2006, 1h 20 min<br \/>\n<strong>R\u00e9sum\u00e9 :<\/strong><br \/>\nCe documentaire est une exploration de la n\u00e9buleuse qui a donn\u00e9 vie aux mouvements de lib\u00e9ration sexuelle en France et une interrogation sur le passage de la r\u00e9volte \u00e0 la normalisation des homos. Au travers des actions de commandos d\u00e9lirants et d\u2019essais aux titres \u00e9vocateurs (\u00ab Le Rapport contre la normalit\u00e9 \u00bb ou \u00ab Trois milliards de pervers \u00bb), s\u2019esquissent les portraits de Guy Hocquenghem et de Fran\u00e7oise d\u2019Eaubonne, intellectuels \u00e9tonnants et partisans inconditionnels de la r\u00e9volution du d\u00e9sir.<br \/>\nOn y retrouve Ren\u00e9 Sch\u00e9rer, Catherine Deudon, photographe du MLF, Carole Roussopoulos, cin\u00e9aste militante, Joani Hocquenghem, fr\u00e8re de Guy, Marie-Jo Bonnet, historienne, les Panth\u00e8res Roses et d\u2019autres intervenants.<\/p>\n<div id=\"attachment_869\" style=\"width: 370px\" class=\"wp-caption aligncenter\"><a href=\"http:\/\/lag.bassinminier62.org\/site\/wp-content\/uploads\/2012\/12\/LaRevolutionDuDesir.jpg\"><img loading=\"lazy\" decoding=\"async\" aria-describedby=\"caption-attachment-869\" class=\"size-full wp-image-869\" title=\"La R\u00e9volution du d\u00e9sir\" alt=\"\" src=\"http:\/\/lag.bassinminier62.org\/site\/wp-content\/uploads\/2012\/12\/LaRevolutionDuDesir.jpg\" width=\"360\" height=\"288\" srcset=\"https:\/\/www.lelag.fr\/site\/wp-content\/uploads\/2012\/12\/LaRevolutionDuDesir.jpg 360w, https:\/\/www.lelag.fr\/site\/wp-content\/uploads\/2012\/12\/LaRevolutionDuDesir-300x240.jpg 300w\" sizes=\"auto, (max-width: 360px) 100vw, 360px\" \/><\/a><p id=\"caption-attachment-869\" class=\"wp-caption-text\">La R\u00e9volution du d\u00e9sir<\/p><\/div>\n","protected":false},"excerpt":{"rendered":"<p>Programmation au LAG : vendredi #### \u00e0 20h00, dans le cadre du cycle Docu Femmes En pr\u00e9sence du r\u00e9alisateur de Alessandro Avellis, France, 2006, 1h 20 min R\u00e9sum\u00e9 : Ce documentaire est une exploration de la n\u00e9buleuse qui a donn\u00e9 &hellip; <a href=\"https:\/\/www.lelag.fr\/site\/la-revolution-du-desir\/\">Continuer la lecture <span class=\"meta-nav\">&rarr;<\/span><\/a><\/p>\n","protected":false},"author":1,"featured_media":0,"comment_status":"closed","ping_status":"closed","sticky":false,"template":"","format":"standard","meta":{"footnotes":""},"categories":[4],"tags":[],"class_list":["post-868","post","type-post","status-publish","format-standard","hentry","category-docu-femmes-2013"],"_links":{"self":[{"href":"https:\/\/www.lelag.fr\/site\/wp-json\/wp\/v2\/posts\/868","targetHints":{"allow":["GET"]}}],"collection":[{"href":"https:\/\/www.lelag.fr\/site\/wp-json\/wp\/v2\/posts"}],"about":[{"href":"https:\/\/www.lelag.fr\/site\/wp-json\/wp\/v2\/types\/post"}],"author":[{"embeddable":true,"href":"https:\/\/www.lelag.fr\/site\/wp-json\/wp\/v2\/users\/1"}],"replies":[{"embeddable":true,"href":"https:\/\/www.lelag.fr\/site\/wp-json\/wp\/v2\/comments?post=868"}],"version-history":[{"count":3,"href":"https:\/\/www.lelag.fr\/site\/wp-json\/wp\/v2\/posts\/868\/revisions"}],"predecessor-version":[{"id":1270,"href":"https:\/\/www.lelag.fr\/site\/wp-json\/wp\/v2\/posts\/868\/revisions\/1270"}],"wp:attachment":[{"href":"https:\/\/www.lelag.fr\/site\/wp-json\/wp\/v2\/media?parent=868"}],"wp:term":[{"taxonomy":"category","embeddable":true,"href":"https:\/\/www.lelag.fr\/site\/wp-json\/wp\/v2\/categories?post=868"},{"taxonomy":"post_tag","embeddable":true,"href":"https:\/\/www.lelag.fr\/site\/wp-json\/wp\/v2\/tags?post=868"}],"curies":[{"name":"wp","href":"https:\/\/api.w.org\/{rel}","templated":true}]}}