{"id":856,"date":"2012-12-12T17:13:33","date_gmt":"2012-12-12T16:13:33","guid":{"rendered":"http:\/\/lag.bassinminier62.org\/site\/?p=856"},"modified":"2013-10-16T10:40:55","modified_gmt":"2013-10-16T08:40:55","slug":"degal-a-egales","status":"publish","type":"post","link":"https:\/\/www.lelag.fr\/site\/degal-a-egales\/","title":{"rendered":"D\u2019\u00e9gal \u00e0 \u00e9gales"},"content":{"rendered":"<p><strong>Programmation au LAG : samedi 23 mars \u00e0 18h00, dans le cadre du cycle <a title=\"Docu Femmes\" href=\"http:\/\/lag.bassinminier62.org\/site\/projets-2012-2013\/docu-femmes\/\">Docu Femmes<\/a> et dans le cadre du<\/strong><strong> festival <a title=\"Bobines Rebelles 2013\" href=\"http:\/\/lag.bassinminier62.org\/site\/cinema\/bobines-rebelles\/bobines-rebelles-2013\/\">Bobines rebelles 2013<\/a><\/strong><\/p>\n<p>de Christophe Cordier et Corinne M\u00e9lis, France, 2010, 52 min<\/p>\n<p><strong>R\u00e9sum\u00e9 :<\/strong><\/p>\n<p>Ce film s\u2019int\u00e9resse \u00e0 des pionni\u00e8res.<\/p>\n<p>Elles sont migrantes ou filles d\u2019immigrants, et syndicalistes. Elles ont choisi de s\u2019engager face \u00e0 la duret\u00e9 des conditions de travail et \u00e0 la pr\u00e9carit\u00e9 des salari\u00e9s dans les secteurs du nettoyage, du commerce, des services aux particuliers, d\u2019industries \u00e0 l\u2019agonie, o\u00f9 l\u2019on retrouve nombre de femmes issues de l\u2019immigration.<\/p>\n<p>En provenance d\u2019Afrique du Nord et d\u2019Afrique de l\u2019Ouest, elles s\u2019inscrivent dans une histoire migratoire post-coloniale qui impr\u00e8gne leur cheminement individuel. Travailleuses et syndicalistes, elles bousculent les st\u00e9r\u00e9otypes sur les \u00ab femmes immigr\u00e9es \u00bb.<br \/>\nActivistes en milieu masculin, elles sortent des r\u00f4les f\u00e9minins attendus.<br \/>\nEnfin, elles ne cessent de se d\u00e9placer : des banlieues de r\u00e9sidence \u00e0 leur lieu de travail, d\u2019un lieu de travail et d\u2019une r\u00e9gion \u00e0 l\u2019autre lorsque l\u2019usine ferme ou qu\u2019elles sont licenci\u00e9es, de leur lieu de travail au syndicat, de \u00ab tourn\u00e9es syndicales \u00bb en n\u00e9gociations, de r\u00e9unions en manifestations, de l\u2019espace public aux espaces priv\u00e9s.<br \/>\nTraversant et retraversant ces multiples fronti\u00e8res, elles incitent leurs interlocuteurs \u00e0 modifier leur regard sur les femmes, sur les immigr\u00e9-e-s, sur les ouvri\u00e8r\u2013e\u2013s et les pr\u00e9caires. Elles sont peu nombreuses dans ce cas : Nora, l\u2019assistante maternelle dont les premiers pas de secr\u00e9taire g\u00e9n\u00e9rale ouvrent le film est l\u2019une de ces pionni\u00e8res, tout comme Doroth\u00e9e, Keira, et Anissa.<br \/>\nPar\u2013del\u00e0 les conflits du travail, elles nous racontent une d\u00e9marche d\u2019\u00e9mancipation individuelle et collective dans une soci\u00e9t\u00e9 o\u00f9 sexisme et racisme restent d\u2019actualit\u00e9, tandis que s\u2019accentue la pr\u00e9carisation du salariat. Dans l\u2019espoir d\u2019\u00eatre trait\u00e9es, enfin, \u00ab d\u2019\u00e9gal \u00e0 \u00e9gales \u00bb.<\/p>\n<div id=\"attachment_858\" style=\"width: 648px\" class=\"wp-caption aligncenter\"><a href=\"http:\/\/lag.bassinminier62.org\/site\/wp-content\/uploads\/2012\/12\/Egales.jpg\"><img loading=\"lazy\" decoding=\"async\" aria-describedby=\"caption-attachment-858\" class=\"size-full wp-image-858\" title=\"Egales\" alt=\"D'\u00e9gal \u00e0 \u00e9gales\" src=\"http:\/\/lag.bassinminier62.org\/site\/wp-content\/uploads\/2012\/12\/Egales.jpg\" width=\"638\" height=\"359\" srcset=\"https:\/\/www.lelag.fr\/site\/wp-content\/uploads\/2012\/12\/Egales.jpg 638w, https:\/\/www.lelag.fr\/site\/wp-content\/uploads\/2012\/12\/Egales-300x168.jpg 300w\" sizes=\"auto, (max-width: 638px) 100vw, 638px\" \/><\/a><p id=\"caption-attachment-858\" class=\"wp-caption-text\">D&rsquo;\u00e9gal \u00e0 \u00e9gales<\/p><\/div>\n","protected":false},"excerpt":{"rendered":"<p>Programmation au LAG : samedi 23 mars \u00e0 18h00, dans le cadre du cycle Docu Femmes et dans le cadre du festival Bobines rebelles 2013 de Christophe Cordier et Corinne M\u00e9lis, France, 2010, 52 min R\u00e9sum\u00e9 : Ce film s\u2019int\u00e9resse &hellip; <a href=\"https:\/\/www.lelag.fr\/site\/degal-a-egales\/\">Continuer la lecture <span class=\"meta-nav\">&rarr;<\/span><\/a><\/p>\n","protected":false},"author":1,"featured_media":0,"comment_status":"closed","ping_status":"open","sticky":false,"template":"","format":"standard","meta":{"footnotes":""},"categories":[5,4],"tags":[],"class_list":["post-856","post","type-post","status-publish","format-standard","hentry","category-bobines-rebelles-2013","category-docu-femmes-2013"],"_links":{"self":[{"href":"https:\/\/www.lelag.fr\/site\/wp-json\/wp\/v2\/posts\/856","targetHints":{"allow":["GET"]}}],"collection":[{"href":"https:\/\/www.lelag.fr\/site\/wp-json\/wp\/v2\/posts"}],"about":[{"href":"https:\/\/www.lelag.fr\/site\/wp-json\/wp\/v2\/types\/post"}],"author":[{"embeddable":true,"href":"https:\/\/www.lelag.fr\/site\/wp-json\/wp\/v2\/users\/1"}],"replies":[{"embeddable":true,"href":"https:\/\/www.lelag.fr\/site\/wp-json\/wp\/v2\/comments?post=856"}],"version-history":[{"count":9,"href":"https:\/\/www.lelag.fr\/site\/wp-json\/wp\/v2\/posts\/856\/revisions"}],"predecessor-version":[{"id":1525,"href":"https:\/\/www.lelag.fr\/site\/wp-json\/wp\/v2\/posts\/856\/revisions\/1525"}],"wp:attachment":[{"href":"https:\/\/www.lelag.fr\/site\/wp-json\/wp\/v2\/media?parent=856"}],"wp:term":[{"taxonomy":"category","embeddable":true,"href":"https:\/\/www.lelag.fr\/site\/wp-json\/wp\/v2\/categories?post=856"},{"taxonomy":"post_tag","embeddable":true,"href":"https:\/\/www.lelag.fr\/site\/wp-json\/wp\/v2\/tags?post=856"}],"curies":[{"name":"wp","href":"https:\/\/api.w.org\/{rel}","templated":true}]}}