{"id":843,"date":"2012-12-10T21:24:19","date_gmt":"2012-12-10T20:24:19","guid":{"rendered":"http:\/\/lag.bassinminier62.org\/site\/?p=843"},"modified":"2013-10-16T10:41:12","modified_gmt":"2013-10-16T08:41:12","slug":"cheveux-rouges-et-cafe-noir","status":"publish","type":"post","link":"https:\/\/www.lelag.fr\/site\/cheveux-rouges-et-cafe-noir\/","title":{"rendered":"Cheveux rouges et caf\u00e9 noir"},"content":{"rendered":"<p><strong>Programmation au LAG : samedi 23 mars \u00e0 11h00, dans le cadre du cycle <a title=\"Docu Femmes\" href=\"http:\/\/lag.bassinminier62.org\/site\/projets-2012-2013\/docu-femmes\/\">Docu Femmes<\/a> et dans le cadre du <\/strong><strong> festival <a title=\"Bobines Rebelles 2013\" href=\"http:\/\/lag.bassinminier62.org\/site\/cinema\/bobines-rebelles\/bobines-rebelles-2013\/\">Bobines rebelles 2013<\/a><\/strong><\/p>\n<p>Un documentaire de Milena Bochet, Belgique \u2013 France, 2012, 56 min<\/p>\n<p><strong>R\u00e9sum\u00e9 :<\/strong><br \/>\nHermanovce, Slovaquie. Un village rom au fond de la vall\u00e9e. De vieilles baraques et de nouvelles en b\u00e9ton. Un esprit qui r\u00f4de\u2026 celui de Vozarania, l\u2019anc\u00eatre qui continue \u00e0 transmettre\u2026 de m\u00e8re en fille.<br \/>\nQuatre femmes rom nous racontent leur quotidien \u00e0 travers des gestes s\u00e9culaires, au fil de mots qui voyagent \u00e0 la fronti\u00e8re avec d\u2019autres mondes. Histoires de transmission mais aussi d\u2019oubli\u2026<\/p>\n<p><strong>Ce qu\u2019on a aim\u00e9 :<\/strong><br \/>\nUn film sur les Roms dans leur pays d\u2019origine. On d\u00e9couvre leur vie de s\u00e9dentaires, leurs relations avec la soci\u00e9t\u00e9 slovaque. L\u2019auteure nous livre une parole intime et ethnographique, d\u00e9voilant sa complicit\u00e9 avec ces femmes.<\/p>\n<div id=\"attachment_850\" style=\"width: 724px\" class=\"wp-caption aligncenter\"><a href=\"http:\/\/lag.bassinminier62.org\/site\/wp-content\/uploads\/2012\/12\/Cheveux-rouges.jpg\"><img loading=\"lazy\" decoding=\"async\" aria-describedby=\"caption-attachment-850\" class=\"size-full wp-image-850\" title=\"Cheveux-rouges\" alt=\"Cheveux rouges et caf\u00e9 noir\" src=\"http:\/\/lag.bassinminier62.org\/site\/wp-content\/uploads\/2012\/12\/Cheveux-rouges.jpg\" width=\"714\" height=\"282\" srcset=\"https:\/\/www.lelag.fr\/site\/wp-content\/uploads\/2012\/12\/Cheveux-rouges.jpg 714w, https:\/\/www.lelag.fr\/site\/wp-content\/uploads\/2012\/12\/Cheveux-rouges-300x118.jpg 300w\" sizes=\"auto, (max-width: 714px) 100vw, 714px\" \/><\/a><p id=\"caption-attachment-850\" class=\"wp-caption-text\">Cheveux rouges et caf\u00e9 noir<\/p><\/div>\n<div id=\"attachment_941\" style=\"width: 610px\" class=\"wp-caption aligncenter\"><a href=\"http:\/\/lag.bassinminier62.org\/site\/wp-content\/uploads\/2012\/12\/Cheveux-rouges-01.jpg\"><img loading=\"lazy\" decoding=\"async\" aria-describedby=\"caption-attachment-941\" class=\"size-full wp-image-941\" alt=\"Cheveux rouges et caf\u00e9 noir\" src=\"http:\/\/lag.bassinminier62.org\/site\/wp-content\/uploads\/2012\/12\/Cheveux-rouges-01.jpg\" width=\"600\" height=\"360\" srcset=\"https:\/\/www.lelag.fr\/site\/wp-content\/uploads\/2012\/12\/Cheveux-rouges-01.jpg 600w, https:\/\/www.lelag.fr\/site\/wp-content\/uploads\/2012\/12\/Cheveux-rouges-01-300x180.jpg 300w\" sizes=\"auto, (max-width: 600px) 100vw, 600px\" \/><\/a><p id=\"caption-attachment-941\" class=\"wp-caption-text\">Cheveux rouges et caf\u00e9 noir<\/p><\/div>\n<div id=\"attachment_942\" style=\"width: 610px\" class=\"wp-caption aligncenter\"><a href=\"http:\/\/lag.bassinminier62.org\/site\/wp-content\/uploads\/2012\/12\/Cheveux-rouges-02.jpg\"><img loading=\"lazy\" decoding=\"async\" aria-describedby=\"caption-attachment-942\" class=\"size-full wp-image-942\" alt=\"Cheveux rouges et caf\u00e9 noir\" src=\"http:\/\/lag.bassinminier62.org\/site\/wp-content\/uploads\/2012\/12\/Cheveux-rouges-02.jpg\" width=\"600\" height=\"360\" srcset=\"https:\/\/www.lelag.fr\/site\/wp-content\/uploads\/2012\/12\/Cheveux-rouges-02.jpg 600w, https:\/\/www.lelag.fr\/site\/wp-content\/uploads\/2012\/12\/Cheveux-rouges-02-300x180.jpg 300w\" sizes=\"auto, (max-width: 600px) 100vw, 600px\" \/><\/a><p id=\"caption-attachment-942\" class=\"wp-caption-text\">Cheveux rouges et caf\u00e9 noir<\/p><\/div>\n<p>&nbsp;<\/p>\n<p>&nbsp;<\/p>\n","protected":false},"excerpt":{"rendered":"<p>Programmation au LAG : samedi 23 mars \u00e0 11h00, dans le cadre du cycle Docu Femmes et dans le cadre du festival Bobines rebelles 2013 Un documentaire de Milena Bochet, Belgique \u2013 France, 2012, 56 min R\u00e9sum\u00e9 : Hermanovce, Slovaquie. &hellip; <a href=\"https:\/\/www.lelag.fr\/site\/cheveux-rouges-et-cafe-noir\/\">Continuer la lecture <span class=\"meta-nav\">&rarr;<\/span><\/a><\/p>\n","protected":false},"author":1,"featured_media":0,"comment_status":"closed","ping_status":"open","sticky":false,"template":"","format":"standard","meta":{"footnotes":""},"categories":[5,4],"tags":[],"class_list":["post-843","post","type-post","status-publish","format-standard","hentry","category-bobines-rebelles-2013","category-docu-femmes-2013"],"_links":{"self":[{"href":"https:\/\/www.lelag.fr\/site\/wp-json\/wp\/v2\/posts\/843","targetHints":{"allow":["GET"]}}],"collection":[{"href":"https:\/\/www.lelag.fr\/site\/wp-json\/wp\/v2\/posts"}],"about":[{"href":"https:\/\/www.lelag.fr\/site\/wp-json\/wp\/v2\/types\/post"}],"author":[{"embeddable":true,"href":"https:\/\/www.lelag.fr\/site\/wp-json\/wp\/v2\/users\/1"}],"replies":[{"embeddable":true,"href":"https:\/\/www.lelag.fr\/site\/wp-json\/wp\/v2\/comments?post=843"}],"version-history":[{"count":10,"href":"https:\/\/www.lelag.fr\/site\/wp-json\/wp\/v2\/posts\/843\/revisions"}],"predecessor-version":[{"id":1527,"href":"https:\/\/www.lelag.fr\/site\/wp-json\/wp\/v2\/posts\/843\/revisions\/1527"}],"wp:attachment":[{"href":"https:\/\/www.lelag.fr\/site\/wp-json\/wp\/v2\/media?parent=843"}],"wp:term":[{"taxonomy":"category","embeddable":true,"href":"https:\/\/www.lelag.fr\/site\/wp-json\/wp\/v2\/categories?post=843"},{"taxonomy":"post_tag","embeddable":true,"href":"https:\/\/www.lelag.fr\/site\/wp-json\/wp\/v2\/tags?post=843"}],"curies":[{"name":"wp","href":"https:\/\/api.w.org\/{rel}","templated":true}]}}