{"id":835,"date":"2012-12-10T21:16:45","date_gmt":"2012-12-10T20:16:45","guid":{"rendered":"http:\/\/lag.bassinminier62.org\/site\/?p=835"},"modified":"2013-11-11T18:42:45","modified_gmt":"2013-11-11T17:42:45","slug":"lile-de-chelo","status":"publish","type":"post","link":"https:\/\/www.lelag.fr\/site\/lile-de-chelo\/","title":{"rendered":"L&rsquo;\u00eele de Chelo"},"content":{"rendered":"<p><strong>Programmation au LAG : vendredi 1er mars \u00e0 20h00, dans le cadre du cycle <a title=\"Docu Femmes\" href=\"http:\/\/lag.bassinminier62.org\/site\/projets-2012-2013\/docu-femmes\/\">Docu Femmes<\/a><\/strong><\/p>\n<p><strong>En pr\u00e9sence de la r\u00e9alisatrice<\/strong><br \/>\nUn documentaire de Odette Martinez-Maler, Isma\u00ebl Cobo et Laetitia Puertas, France \u2013 Espagne, 2008, 57 min<br \/>\n<strong><\/strong><\/p>\n<p><strong>R\u00e9sum\u00e9 :<\/strong><br \/>\nChelo se bat pour faire \u00e9lever une st\u00e8le sur la fosse commune o\u00f9 fut jet\u00e9 Acadio, son amant et compagnon d\u2019armes qui trouva la mort dans une embuscade en 1946.<br \/>\nJusqu\u2019\u00e0 pr\u00e9sent l\u2019Espagne lui refuse ce droit sous pr\u00e9texte qu\u2019ils n\u2019\u00e9taient pas mari\u00e9s. Mais Chelo n\u2019abandonne pas et poursuit son voyage.<br \/>\nLe film recueille sa parole, son t\u00e9moignage sur ce qu\u2019elle a v\u00e9cu pendant la guerre d\u2019Espagne et les ann\u00e9es de r\u00e9sistance arm\u00e9e au franquisme.<\/p>\n<div id=\"attachment_839\" style=\"width: 410px\" class=\"wp-caption aligncenter\"><a href=\"http:\/\/lag.bassinminier62.org\/site\/wp-content\/uploads\/2012\/12\/Lile-de-Chelo.jpg\"><img loading=\"lazy\" decoding=\"async\" aria-describedby=\"caption-attachment-839\" class=\"size-full wp-image-839\" title=\"Lile-de-Chelo\" alt=\"L'\u00eele de Chelo\" src=\"http:\/\/lag.bassinminier62.org\/site\/wp-content\/uploads\/2012\/12\/Lile-de-Chelo.jpg\" width=\"400\" height=\"266\" srcset=\"https:\/\/www.lelag.fr\/site\/wp-content\/uploads\/2012\/12\/Lile-de-Chelo.jpg 400w, https:\/\/www.lelag.fr\/site\/wp-content\/uploads\/2012\/12\/Lile-de-Chelo-300x199.jpg 300w\" sizes=\"auto, (max-width: 400px) 100vw, 400px\" \/><\/a><p id=\"caption-attachment-839\" class=\"wp-caption-text\">L&rsquo;\u00eele de Chelo<\/p><\/div>\n<p><strong>\u00c0 \u00e9couter<\/strong> : <a href=\"http:\/\/lelag.fr\/lag\/20121120-OdetteMartinez-RadioLibertaire.ogg\" target=\"_blank\">l&rsquo;interview de Odette Martinez Maler, \u00e0 propos de Chelo, r\u00e9alis\u00e9e par Radio Libertaire, le 20 novembre 2011<\/a><\/p>\n<p><strong>\u00c0 lire<\/strong> (PDF \u00e0 t\u00e9l\u00e9charger):<\/p>\n<ul>\n<li><a href=\"http:\/\/lag.bassinminier62.org\/site\/wp-content\/uploads\/2012\/12\/IleDeChelo.pdf\">Un document de pr\u00e9sentation de \u00ab\u00a0L&rsquo;\u00cele de Chelo\u00a0\u00bb, le contexte historique, l&rsquo;\u00e9quipe de r\u00e9alisateur-trices, <\/a><\/li>\n<li><a href=\"http:\/\/lag.bassinminier62.org\/site\/wp-content\/uploads\/2012\/12\/LIleDeChelo-LeTemoinALEcran.pdf\">Martinez-Maler Odette, \u00ab L&rsquo;\u00eele de Chelo : le t\u00e9moin \u00e0 l&rsquo;\u00e9cran \u00bb, Mat\u00e9riaux pour l&rsquo;histoire de notre temps , 2008\/1 N\u00b0 89-90, p. 94-100<\/a><\/li>\n<li><a href=\"http:\/\/lag.bassinminier62.org\/site\/wp-content\/uploads\/2012\/12\/LesGuerillasAntiFranquistesAProposDUneAmnesie.pdf\">Martinez-Maler Odette, \u00ab Les gu\u00e9rillas antifranquistes (1939-1961). \u00c0 propos d&rsquo;une amn\u00e9sie \u00bb, Mouvements, 2002\/1 no19, p. 144-149<\/a><\/li>\n<\/ul>\n","protected":false},"excerpt":{"rendered":"<p>Programmation au LAG : vendredi 1er mars \u00e0 20h00, dans le cadre du cycle Docu Femmes En pr\u00e9sence de la r\u00e9alisatrice Un documentaire de Odette Martinez-Maler, Isma\u00ebl Cobo et Laetitia Puertas, France \u2013 Espagne, 2008, 57 min R\u00e9sum\u00e9 : Chelo &hellip; <a href=\"https:\/\/www.lelag.fr\/site\/lile-de-chelo\/\">Continuer la lecture <span class=\"meta-nav\">&rarr;<\/span><\/a><\/p>\n","protected":false},"author":1,"featured_media":0,"comment_status":"closed","ping_status":"open","sticky":false,"template":"","format":"standard","meta":{"footnotes":""},"categories":[4],"tags":[],"class_list":["post-835","post","type-post","status-publish","format-standard","hentry","category-docu-femmes-2013"],"_links":{"self":[{"href":"https:\/\/www.lelag.fr\/site\/wp-json\/wp\/v2\/posts\/835","targetHints":{"allow":["GET"]}}],"collection":[{"href":"https:\/\/www.lelag.fr\/site\/wp-json\/wp\/v2\/posts"}],"about":[{"href":"https:\/\/www.lelag.fr\/site\/wp-json\/wp\/v2\/types\/post"}],"author":[{"embeddable":true,"href":"https:\/\/www.lelag.fr\/site\/wp-json\/wp\/v2\/users\/1"}],"replies":[{"embeddable":true,"href":"https:\/\/www.lelag.fr\/site\/wp-json\/wp\/v2\/comments?post=835"}],"version-history":[{"count":18,"href":"https:\/\/www.lelag.fr\/site\/wp-json\/wp\/v2\/posts\/835\/revisions"}],"predecessor-version":[{"id":1605,"href":"https:\/\/www.lelag.fr\/site\/wp-json\/wp\/v2\/posts\/835\/revisions\/1605"}],"wp:attachment":[{"href":"https:\/\/www.lelag.fr\/site\/wp-json\/wp\/v2\/media?parent=835"}],"wp:term":[{"taxonomy":"category","embeddable":true,"href":"https:\/\/www.lelag.fr\/site\/wp-json\/wp\/v2\/categories?post=835"},{"taxonomy":"post_tag","embeddable":true,"href":"https:\/\/www.lelag.fr\/site\/wp-json\/wp\/v2\/tags?post=835"}],"curies":[{"name":"wp","href":"https:\/\/api.w.org\/{rel}","templated":true}]}}