{"id":830,"date":"2012-12-10T21:09:39","date_gmt":"2012-12-10T20:09:39","guid":{"rendered":"http:\/\/lag.bassinminier62.org\/site\/?p=830"},"modified":"2012-12-17T18:00:53","modified_gmt":"2012-12-17T17:00:53","slug":"safar","status":"publish","type":"post","link":"https:\/\/www.lelag.fr\/site\/safar\/","title":{"rendered":"SAFAR"},"content":{"rendered":"<p><strong>Programmation au LAG : vendredi 1er f\u00e9vrier \u00e0 20h00, dans le cadre du cycle <a title=\"Docu Femmes\" href=\"http:\/\/lag.bassinminier62.org\/site\/projets-2012-2013\/docu-femmes\/\">Docu Femmes<\/a><\/strong><\/p>\n<p><strong>En pr\u00e9sence du r\u00e9alisateur (sous r\u00e9serve)<\/strong><br \/>\nUn documentaire de Talheh Daryanavard, Belgique, 2010, 55 min<\/p>\n<p><strong>R\u00e9sum\u00e9 :<\/strong><br \/>\nAmina, Fatoma et Asma sont trois amies originaires de petites \u00eeles lointaines du Golfe persique situ\u00e9es au sud de l\u2019Iran. Elles sont parvenues \u00e0 faire des \u00e9tudes universitaires \u00e0 T\u00e9h\u00e9ran d\u2019o\u00f9 elles prennent un train qui va les ramener vers leur village natal.<br \/>\n\u00ab Safar \u00bb les accompagne tout au long de ce trajet dans l\u2019espace intime d\u2019un compartiment. Ce voyage ordinaire, sans rep\u00e8res g\u00e9ographiques particuliers, se transforme au fil des heures en un retour sur soi o\u00f9 chacune \u00e9voque son parcours et en fait le bilan avec une lucidit\u00e9 d\u00e9concertante.<br \/>\nTandis que d\u00e9filent les paysages par la fen\u00eatre, se d\u00e9voilent trois trajectoires de vie faites tant de r\u00eaves et de d\u00e9sirs que d\u2019h\u00e9sitation et d\u2019incertitudes.<\/p>\n<div id=\"attachment_831\" style=\"width: 610px\" class=\"wp-caption aligncenter\"><a href=\"http:\/\/lag.bassinminier62.org\/site\/wp-content\/uploads\/2012\/12\/Safar.jpg\"><img loading=\"lazy\" decoding=\"async\" aria-describedby=\"caption-attachment-831\" class=\"size-full wp-image-831\" title=\"Safar\" alt=\"Safar\" src=\"http:\/\/lag.bassinminier62.org\/site\/wp-content\/uploads\/2012\/12\/Safar.jpg\" width=\"600\" height=\"338\" srcset=\"https:\/\/www.lelag.fr\/site\/wp-content\/uploads\/2012\/12\/Safar.jpg 600w, https:\/\/www.lelag.fr\/site\/wp-content\/uploads\/2012\/12\/Safar-300x169.jpg 300w\" sizes=\"auto, (max-width: 600px) 100vw, 600px\" \/><\/a><p id=\"caption-attachment-831\" class=\"wp-caption-text\">Safar<\/p><\/div>\n<div id=\"attachment_919\" style=\"width: 610px\" class=\"wp-caption aligncenter\"><a href=\"http:\/\/lag.bassinminier62.org\/site\/wp-content\/uploads\/2012\/12\/SAFAR-02.jpg\"><img loading=\"lazy\" decoding=\"async\" aria-describedby=\"caption-attachment-919\" class=\"size-full wp-image-919\" alt=\"SAFAR\" src=\"http:\/\/lag.bassinminier62.org\/site\/wp-content\/uploads\/2012\/12\/SAFAR-02.jpg\" width=\"600\" height=\"360\" srcset=\"https:\/\/www.lelag.fr\/site\/wp-content\/uploads\/2012\/12\/SAFAR-02.jpg 600w, https:\/\/www.lelag.fr\/site\/wp-content\/uploads\/2012\/12\/SAFAR-02-300x180.jpg 300w\" sizes=\"auto, (max-width: 600px) 100vw, 600px\" \/><\/a><p id=\"caption-attachment-919\" class=\"wp-caption-text\">SAFAR<\/p><\/div>\n<div id=\"attachment_920\" style=\"width: 610px\" class=\"wp-caption aligncenter\"><a href=\"http:\/\/lag.bassinminier62.org\/site\/wp-content\/uploads\/2012\/12\/SAFAR-03.jpg\"><img loading=\"lazy\" decoding=\"async\" aria-describedby=\"caption-attachment-920\" class=\"size-full wp-image-920\" alt=\"SAFAR\" src=\"http:\/\/lag.bassinminier62.org\/site\/wp-content\/uploads\/2012\/12\/SAFAR-03.jpg\" width=\"600\" height=\"360\" srcset=\"https:\/\/www.lelag.fr\/site\/wp-content\/uploads\/2012\/12\/SAFAR-03.jpg 600w, https:\/\/www.lelag.fr\/site\/wp-content\/uploads\/2012\/12\/SAFAR-03-300x180.jpg 300w\" sizes=\"auto, (max-width: 600px) 100vw, 600px\" \/><\/a><p id=\"caption-attachment-920\" class=\"wp-caption-text\">SAFAR<\/p><\/div>\n<div id=\"attachment_921\" style=\"width: 610px\" class=\"wp-caption aligncenter\"><a href=\"http:\/\/lag.bassinminier62.org\/site\/wp-content\/uploads\/2012\/12\/SAFAR-04.jpg\"><img loading=\"lazy\" decoding=\"async\" aria-describedby=\"caption-attachment-921\" class=\"size-full wp-image-921\" alt=\"SAFAR\" src=\"http:\/\/lag.bassinminier62.org\/site\/wp-content\/uploads\/2012\/12\/SAFAR-04.jpg\" width=\"600\" height=\"360\" srcset=\"https:\/\/www.lelag.fr\/site\/wp-content\/uploads\/2012\/12\/SAFAR-04.jpg 600w, https:\/\/www.lelag.fr\/site\/wp-content\/uploads\/2012\/12\/SAFAR-04-300x180.jpg 300w\" sizes=\"auto, (max-width: 600px) 100vw, 600px\" \/><\/a><p id=\"caption-attachment-921\" class=\"wp-caption-text\">SAFAR<\/p><\/div>\n<p>&nbsp;<\/p>\n<p>&nbsp;<\/p>\n","protected":false},"excerpt":{"rendered":"<p>Programmation au LAG : vendredi 1er f\u00e9vrier \u00e0 20h00, dans le cadre du cycle Docu Femmes En pr\u00e9sence du r\u00e9alisateur (sous r\u00e9serve) Un documentaire de Talheh Daryanavard, Belgique, 2010, 55 min R\u00e9sum\u00e9 : Amina, Fatoma et Asma sont trois amies &hellip; <a href=\"https:\/\/www.lelag.fr\/site\/safar\/\">Continuer la lecture <span class=\"meta-nav\">&rarr;<\/span><\/a><\/p>\n","protected":false},"author":1,"featured_media":0,"comment_status":"closed","ping_status":"open","sticky":false,"template":"","format":"standard","meta":{"footnotes":""},"categories":[4],"tags":[],"class_list":["post-830","post","type-post","status-publish","format-standard","hentry","category-docu-femmes-2013"],"_links":{"self":[{"href":"https:\/\/www.lelag.fr\/site\/wp-json\/wp\/v2\/posts\/830","targetHints":{"allow":["GET"]}}],"collection":[{"href":"https:\/\/www.lelag.fr\/site\/wp-json\/wp\/v2\/posts"}],"about":[{"href":"https:\/\/www.lelag.fr\/site\/wp-json\/wp\/v2\/types\/post"}],"author":[{"embeddable":true,"href":"https:\/\/www.lelag.fr\/site\/wp-json\/wp\/v2\/users\/1"}],"replies":[{"embeddable":true,"href":"https:\/\/www.lelag.fr\/site\/wp-json\/wp\/v2\/comments?post=830"}],"version-history":[{"count":6,"href":"https:\/\/www.lelag.fr\/site\/wp-json\/wp\/v2\/posts\/830\/revisions"}],"predecessor-version":[{"id":834,"href":"https:\/\/www.lelag.fr\/site\/wp-json\/wp\/v2\/posts\/830\/revisions\/834"}],"wp:attachment":[{"href":"https:\/\/www.lelag.fr\/site\/wp-json\/wp\/v2\/media?parent=830"}],"wp:term":[{"taxonomy":"category","embeddable":true,"href":"https:\/\/www.lelag.fr\/site\/wp-json\/wp\/v2\/categories?post=830"},{"taxonomy":"post_tag","embeddable":true,"href":"https:\/\/www.lelag.fr\/site\/wp-json\/wp\/v2\/tags?post=830"}],"curies":[{"name":"wp","href":"https:\/\/api.w.org\/{rel}","templated":true}]}}