{"id":620,"date":"2012-10-21T17:13:15","date_gmt":"2012-10-21T16:13:15","guid":{"rendered":"http:\/\/lag.bassinminier62.org\/site\/?p=620"},"modified":"2014-01-18T13:33:48","modified_gmt":"2014-01-18T12:33:48","slug":"20-octobre-une-belle-inauguration","status":"publish","type":"post","link":"https:\/\/www.lelag.fr\/site\/20-octobre-une-belle-inauguration\/","title":{"rendered":"20 octobre : une belle inauguration !!!"},"content":{"rendered":"<p>Inauguration r\u00e9ussie !<\/p>\n<p>C&rsquo;\u00e9tait donc le samedi 20 octobre (<a title=\"Le LAG : octobre 2012\" href=\"http:\/\/lag.bassinminier62.org\/site\/le-lag\/le-lag-octobre-2012\/\">voir l&rsquo;annonce en ligne<\/a>), et ce fut une longue et belle journ\u00e9e. On la retrace en photos, avant de regarder l&rsquo;ensemble du diaporama.<\/p>\n<p>&nbsp;<\/p>\n<div id=\"attachment_525\" style=\"width: 310px\" class=\"wp-caption alignleft\"><a href=\"http:\/\/lag.bassinminier62.org\/site\/wp-content\/uploads\/2012\/09\/20121020-InaugurationLAG-004.jpg\"><img loading=\"lazy\" decoding=\"async\" aria-describedby=\"caption-attachment-525\" class=\"size-medium wp-image-525\" title=\"20121020-InaugurationLAG-004\" alt=\"Inauguration du LAG : costume de rigueur exig\u00e9 !\" src=\"http:\/\/lag.bassinminier62.org\/site\/wp-content\/uploads\/2012\/09\/20121020-InaugurationLAG-004-300x225.jpg\" width=\"300\" height=\"225\" srcset=\"https:\/\/www.lelag.fr\/site\/wp-content\/uploads\/2012\/09\/20121020-InaugurationLAG-004-300x225.jpg 300w, https:\/\/www.lelag.fr\/site\/wp-content\/uploads\/2012\/09\/20121020-InaugurationLAG-004.jpg 640w\" sizes=\"auto, (max-width: 300px) 100vw, 300px\" \/><\/a><p id=\"caption-attachment-525\" class=\"wp-caption-text\">Inauguration du LAG : costume de rigueur exig\u00e9 !<\/p><\/div>\n<div id=\"attachment_526\" style=\"width: 310px\" class=\"wp-caption aligncenter\"><a href=\"http:\/\/lag.bassinminier62.org\/site\/wp-content\/uploads\/2012\/09\/20121020-InaugurationLAG-010.jpg\"><img loading=\"lazy\" decoding=\"async\" aria-describedby=\"caption-attachment-526\" class=\"size-medium wp-image-526\" title=\"20121020-InaugurationLAG-010\" alt=\"Les ami-es de l'autogestion dans les rues de Li\u00e9vin\" src=\"http:\/\/lag.bassinminier62.org\/site\/wp-content\/uploads\/2012\/09\/20121020-InaugurationLAG-010-300x225.jpg\" width=\"300\" height=\"225\" srcset=\"https:\/\/www.lelag.fr\/site\/wp-content\/uploads\/2012\/09\/20121020-InaugurationLAG-010-300x225.jpg 300w, https:\/\/www.lelag.fr\/site\/wp-content\/uploads\/2012\/09\/20121020-InaugurationLAG-010.jpg 640w\" sizes=\"auto, (max-width: 300px) 100vw, 300px\" \/><\/a><p id=\"caption-attachment-526\" class=\"wp-caption-text\">Les ami-es de l&rsquo;autogestion dans les rues de Li\u00e9vin<\/p><\/div>\n<div id=\"attachment_527\" style=\"width: 310px\" class=\"wp-caption alignright\"><a href=\"http:\/\/lag.bassinminier62.org\/site\/wp-content\/uploads\/2012\/09\/20121020-InaugurationLAG-017.jpg\"><img loading=\"lazy\" decoding=\"async\" aria-describedby=\"caption-attachment-527\" class=\"size-medium wp-image-527\" title=\"20121020-InaugurationLAG-017\" alt=\"On n'est pas tout seul : les RG sont l\u00e0 !\" src=\"http:\/\/lag.bassinminier62.org\/site\/wp-content\/uploads\/2012\/09\/20121020-InaugurationLAG-017-300x225.jpg\" width=\"300\" height=\"225\" srcset=\"https:\/\/www.lelag.fr\/site\/wp-content\/uploads\/2012\/09\/20121020-InaugurationLAG-017-300x225.jpg 300w, https:\/\/www.lelag.fr\/site\/wp-content\/uploads\/2012\/09\/20121020-InaugurationLAG-017.jpg 640w\" sizes=\"auto, (max-width: 300px) 100vw, 300px\" \/><\/a><p id=\"caption-attachment-527\" class=\"wp-caption-text\">On n&rsquo;est pas tout seul : les RG sont l\u00e0 !<\/p><\/div>\n<p>&nbsp;<\/p>\n<div id=\"attachment_529\" style=\"width: 310px\" class=\"wp-caption aligncenter\"><a href=\"http:\/\/lag.bassinminier62.org\/site\/wp-content\/uploads\/2012\/09\/20121020-InaugurationLAG-020.jpg\"><img loading=\"lazy\" decoding=\"async\" aria-describedby=\"caption-attachment-529\" class=\"size-medium wp-image-529\" title=\"20121020-InaugurationLAG-020\" alt=\"Vive les banques : un arr\u00eat devant le Crado Agricole\" src=\"http:\/\/lag.bassinminier62.org\/site\/wp-content\/uploads\/2012\/09\/20121020-InaugurationLAG-020-300x225.jpg\" width=\"300\" height=\"225\" srcset=\"https:\/\/www.lelag.fr\/site\/wp-content\/uploads\/2012\/09\/20121020-InaugurationLAG-020-300x225.jpg 300w, https:\/\/www.lelag.fr\/site\/wp-content\/uploads\/2012\/09\/20121020-InaugurationLAG-020.jpg 640w\" sizes=\"auto, (max-width: 300px) 100vw, 300px\" \/><\/a><p id=\"caption-attachment-529\" class=\"wp-caption-text\">Vive les banques : un arr\u00eat devant le Crado Agricole<\/p><\/div>\n<div id=\"attachment_530\" style=\"width: 310px\" class=\"wp-caption alignleft\"><a href=\"http:\/\/lag.bassinminier62.org\/site\/wp-content\/uploads\/2012\/09\/20121020-InaugurationLAG-025.jpg\"><img loading=\"lazy\" decoding=\"async\" aria-describedby=\"caption-attachment-530\" class=\"size-medium wp-image-530\" title=\"20121020-InaugurationLAG-025\" alt=\"Arriv\u00e9e au LAG : prises de parole\" src=\"http:\/\/lag.bassinminier62.org\/site\/wp-content\/uploads\/2012\/09\/20121020-InaugurationLAG-025-300x225.jpg\" width=\"300\" height=\"225\" srcset=\"https:\/\/www.lelag.fr\/site\/wp-content\/uploads\/2012\/09\/20121020-InaugurationLAG-025-300x225.jpg 300w, https:\/\/www.lelag.fr\/site\/wp-content\/uploads\/2012\/09\/20121020-InaugurationLAG-025.jpg 640w\" sizes=\"auto, (max-width: 300px) 100vw, 300px\" \/><\/a><p id=\"caption-attachment-530\" class=\"wp-caption-text\">Arriv\u00e9e au LAG : prises de parole&#8230;<\/p><\/div>\n<div id=\"attachment_531\" style=\"width: 310px\" class=\"wp-caption aligncenter\"><a href=\"http:\/\/lag.bassinminier62.org\/site\/wp-content\/uploads\/2012\/09\/20121020-InaugurationLAG-032.jpg\"><img loading=\"lazy\" decoding=\"async\" aria-describedby=\"caption-attachment-531\" class=\"size-medium wp-image-531\" title=\"20121020-InaugurationLAG-032\" alt=\"... et ap\u00e9ro!\" src=\"http:\/\/lag.bassinminier62.org\/site\/wp-content\/uploads\/2012\/09\/20121020-InaugurationLAG-032-300x225.jpg\" width=\"300\" height=\"225\" srcset=\"https:\/\/www.lelag.fr\/site\/wp-content\/uploads\/2012\/09\/20121020-InaugurationLAG-032-300x225.jpg 300w, https:\/\/www.lelag.fr\/site\/wp-content\/uploads\/2012\/09\/20121020-InaugurationLAG-032.jpg 640w\" sizes=\"auto, (max-width: 300px) 100vw, 300px\" \/><\/a><p id=\"caption-attachment-531\" class=\"wp-caption-text\">&#8230; et ap\u00e9ro!<\/p><\/div>\n<div id=\"attachment_533\" style=\"width: 310px\" class=\"wp-caption alignright\"><a href=\"http:\/\/lag.bassinminier62.org\/site\/wp-content\/uploads\/2012\/09\/20121020-InaugurationLAG-053.jpg\"><img loading=\"lazy\" decoding=\"async\" aria-describedby=\"caption-attachment-533\" class=\"size-medium wp-image-533\" title=\"20121020-InaugurationLAG-053\" alt=\"En concert : le duo des falaises\" src=\"http:\/\/lag.bassinminier62.org\/site\/wp-content\/uploads\/2012\/09\/20121020-InaugurationLAG-053-300x225.jpg\" width=\"300\" height=\"225\" srcset=\"https:\/\/www.lelag.fr\/site\/wp-content\/uploads\/2012\/09\/20121020-InaugurationLAG-053-300x225.jpg 300w, https:\/\/www.lelag.fr\/site\/wp-content\/uploads\/2012\/09\/20121020-InaugurationLAG-053.jpg 640w\" sizes=\"auto, (max-width: 300px) 100vw, 300px\" \/><\/a><p id=\"caption-attachment-533\" class=\"wp-caption-text\">En concert : le duo des falaises<\/p><\/div>\n<div id=\"attachment_535\" style=\"width: 310px\" class=\"wp-caption aligncenter\"><a href=\"http:\/\/lag.bassinminier62.org\/site\/wp-content\/uploads\/2012\/09\/20121020-InaugurationLAG-082.jpg\"><img loading=\"lazy\" decoding=\"async\" aria-describedby=\"caption-attachment-535\" class=\"size-medium wp-image-535\" title=\"20121020-InaugurationLAG-082\" alt=\"Auberge espagnole\" src=\"http:\/\/lag.bassinminier62.org\/site\/wp-content\/uploads\/2012\/09\/20121020-InaugurationLAG-082-300x225.jpg\" width=\"300\" height=\"225\" srcset=\"https:\/\/www.lelag.fr\/site\/wp-content\/uploads\/2012\/09\/20121020-InaugurationLAG-082-300x225.jpg 300w, https:\/\/www.lelag.fr\/site\/wp-content\/uploads\/2012\/09\/20121020-InaugurationLAG-082.jpg 640w\" sizes=\"auto, (max-width: 300px) 100vw, 300px\" \/><\/a><p id=\"caption-attachment-535\" class=\"wp-caption-text\">Auberge espagnole<\/p><\/div>\n<div id=\"attachment_537\" style=\"width: 310px\" class=\"wp-caption alignleft\"><a href=\"http:\/\/lag.bassinminier62.org\/site\/wp-content\/uploads\/2012\/09\/20121020-InaugurationLAG-102.jpg\"><img loading=\"lazy\" decoding=\"async\" aria-describedby=\"caption-attachment-537\" class=\"size-medium wp-image-537\" title=\"20121020-InaugurationLAG-102\" alt=\"Sc\u00e8ne ouverte\" src=\"http:\/\/lag.bassinminier62.org\/site\/wp-content\/uploads\/2012\/09\/20121020-InaugurationLAG-102-300x225.jpg\" width=\"300\" height=\"225\" srcset=\"https:\/\/www.lelag.fr\/site\/wp-content\/uploads\/2012\/09\/20121020-InaugurationLAG-102-300x225.jpg 300w, https:\/\/www.lelag.fr\/site\/wp-content\/uploads\/2012\/09\/20121020-InaugurationLAG-102.jpg 640w\" sizes=\"auto, (max-width: 300px) 100vw, 300px\" \/><\/a><p id=\"caption-attachment-537\" class=\"wp-caption-text\">Sc\u00e8ne ouverte<\/p><\/div>\n<div id=\"attachment_538\" style=\"width: 310px\" class=\"wp-caption aligncenter\"><a href=\"http:\/\/lag.bassinminier62.org\/site\/wp-content\/uploads\/2012\/09\/20121020-InaugurationLAG-111.jpg\"><img loading=\"lazy\" decoding=\"async\" aria-describedby=\"caption-attachment-538\" class=\"size-medium wp-image-538\" title=\"20121020-InaugurationLAG-111\" alt=\"Et on encha\u00eene par la chorale\" src=\"http:\/\/lag.bassinminier62.org\/site\/wp-content\/uploads\/2012\/09\/20121020-InaugurationLAG-111-300x225.jpg\" width=\"300\" height=\"225\" srcset=\"https:\/\/www.lelag.fr\/site\/wp-content\/uploads\/2012\/09\/20121020-InaugurationLAG-111-300x225.jpg 300w, https:\/\/www.lelag.fr\/site\/wp-content\/uploads\/2012\/09\/20121020-InaugurationLAG-111.jpg 640w\" sizes=\"auto, (max-width: 300px) 100vw, 300px\" \/><\/a><p id=\"caption-attachment-538\" class=\"wp-caption-text\">Et on encha\u00eene par la chorale<\/p><\/div>\n<p>&nbsp;<\/p>\n<p><a title=\"20 octobre : inauguration du LAG\" href=\"http:\/\/lelag.fr\/lag\/20121020-InaugurationLAG\/\"> Encore plus de photos, avec le diaporama&#8230;<\/a><\/p>\n<p>&nbsp;<\/p>\n<p>&nbsp;<\/p>\n","protected":false},"excerpt":{"rendered":"<p>Inauguration r\u00e9ussie ! C&rsquo;\u00e9tait donc le samedi 20 octobre (voir l&rsquo;annonce en ligne), et ce fut une longue et belle journ\u00e9e. On la retrace en photos, avant de regarder l&rsquo;ensemble du diaporama. &nbsp; &nbsp; &nbsp; Encore plus de photos, avec &hellip; <a href=\"https:\/\/www.lelag.fr\/site\/20-octobre-une-belle-inauguration\/\">Continuer la lecture <span class=\"meta-nav\">&rarr;<\/span><\/a><\/p>\n","protected":false},"author":1,"featured_media":0,"comment_status":"closed","ping_status":"open","sticky":false,"template":"","format":"standard","meta":{"footnotes":""},"categories":[3],"tags":[],"class_list":["post-620","post","type-post","status-publish","format-standard","hentry","category-au-lag"],"_links":{"self":[{"href":"https:\/\/www.lelag.fr\/site\/wp-json\/wp\/v2\/posts\/620","targetHints":{"allow":["GET"]}}],"collection":[{"href":"https:\/\/www.lelag.fr\/site\/wp-json\/wp\/v2\/posts"}],"about":[{"href":"https:\/\/www.lelag.fr\/site\/wp-json\/wp\/v2\/types\/post"}],"author":[{"embeddable":true,"href":"https:\/\/www.lelag.fr\/site\/wp-json\/wp\/v2\/users\/1"}],"replies":[{"embeddable":true,"href":"https:\/\/www.lelag.fr\/site\/wp-json\/wp\/v2\/comments?post=620"}],"version-history":[{"count":6,"href":"https:\/\/www.lelag.fr\/site\/wp-json\/wp\/v2\/posts\/620\/revisions"}],"predecessor-version":[{"id":1869,"href":"https:\/\/www.lelag.fr\/site\/wp-json\/wp\/v2\/posts\/620\/revisions\/1869"}],"wp:attachment":[{"href":"https:\/\/www.lelag.fr\/site\/wp-json\/wp\/v2\/media?parent=620"}],"wp:term":[{"taxonomy":"category","embeddable":true,"href":"https:\/\/www.lelag.fr\/site\/wp-json\/wp\/v2\/categories?post=620"},{"taxonomy":"post_tag","embeddable":true,"href":"https:\/\/www.lelag.fr\/site\/wp-json\/wp\/v2\/tags?post=620"}],"curies":[{"name":"wp","href":"https:\/\/api.w.org\/{rel}","templated":true}]}}