{"id":6048,"date":"2021-11-15T21:08:22","date_gmt":"2021-11-15T20:08:22","guid":{"rendered":"https:\/\/www.lelag.fr\/site\/?p=6048"},"modified":"2021-11-15T21:08:22","modified_gmt":"2021-11-15T20:08:22","slug":"enfin-une-enseigne-au-lag","status":"publish","type":"post","link":"https:\/\/www.lelag.fr\/site\/enfin-une-enseigne-au-lag\/","title":{"rendered":"Enfin une enseigne au LAG"},"content":{"rendered":"<p><a href=\"https:\/\/www.lelag.fr\/site\/wp-content\/uploads\/2021\/11\/20210925_131927-scaled.jpg\"><img loading=\"lazy\" decoding=\"async\" class=\"aligncenter size-medium wp-image-6053\" src=\"https:\/\/www.lelag.fr\/site\/wp-content\/uploads\/2021\/11\/20210925_131927-300x300.jpg\" alt=\"\" width=\"300\" height=\"300\" srcset=\"https:\/\/www.lelag.fr\/site\/wp-content\/uploads\/2021\/11\/20210925_131927-300x300.jpg 300w, https:\/\/www.lelag.fr\/site\/wp-content\/uploads\/2021\/11\/20210925_131927-1024x1024.jpg 1024w, https:\/\/www.lelag.fr\/site\/wp-content\/uploads\/2021\/11\/20210925_131927-150x150.jpg 150w, https:\/\/www.lelag.fr\/site\/wp-content\/uploads\/2021\/11\/20210925_131927-768x768.jpg 768w, https:\/\/www.lelag.fr\/site\/wp-content\/uploads\/2021\/11\/20210925_131927-1536x1536.jpg 1536w, https:\/\/www.lelag.fr\/site\/wp-content\/uploads\/2021\/11\/20210925_131927-2048x2048.jpg 2048w\" sizes=\"auto, (max-width: 300px) 100vw, 300px\" \/><\/a> L&rsquo;enseigne, c&rsquo;\u00e9tait un peu l&rsquo;arl\u00e9sienne du LAG&#8230;<\/p>\n<p>Provisoirement, nous avions install\u00e9 une b\u00e2che \u00e0 \u0153illets, pr\u00e9vue pour les \u00e9v\u00e9nements ext\u00e9rieurs. elle y est rest\u00e9e 9 ans!<\/p>\n<p>Pleins de projets dans la t\u00eate: une oeuvre collective autour des valeurs et de la charte du LAG, un graf, une peinture?<\/p>\n<p>nous avons finalement opt\u00e9 pour cette solution simple et efficace&#8230;<\/p>\n<p>Merci \u00e0 Romain, Manu et V\u00e9ronique pour les coups de main pour l&rsquo;installation!<\/p>\n<p><a href=\"https:\/\/www.lelag.fr\/site\/wp-content\/uploads\/2021\/11\/20210925_113520-scaled.jpg\"><img loading=\"lazy\" decoding=\"async\" class=\"size-medium wp-image-6051 alignnone\" src=\"https:\/\/www.lelag.fr\/site\/wp-content\/uploads\/2021\/11\/20210925_113520-300x300.jpg\" alt=\"\" width=\"300\" height=\"300\" srcset=\"https:\/\/www.lelag.fr\/site\/wp-content\/uploads\/2021\/11\/20210925_113520-300x300.jpg 300w, https:\/\/www.lelag.fr\/site\/wp-content\/uploads\/2021\/11\/20210925_113520-1024x1024.jpg 1024w, https:\/\/www.lelag.fr\/site\/wp-content\/uploads\/2021\/11\/20210925_113520-150x150.jpg 150w, https:\/\/www.lelag.fr\/site\/wp-content\/uploads\/2021\/11\/20210925_113520-768x768.jpg 768w, https:\/\/www.lelag.fr\/site\/wp-content\/uploads\/2021\/11\/20210925_113520-1536x1536.jpg 1536w, https:\/\/www.lelag.fr\/site\/wp-content\/uploads\/2021\/11\/20210925_113520-2048x2048.jpg 2048w\" sizes=\"auto, (max-width: 300px) 100vw, 300px\" \/><\/a> <a href=\"https:\/\/www.lelag.fr\/site\/wp-content\/uploads\/2021\/11\/20210925_122959-scaled.jpg\"><img loading=\"lazy\" decoding=\"async\" class=\"size-medium wp-image-6052 alignnone\" src=\"https:\/\/www.lelag.fr\/site\/wp-content\/uploads\/2021\/11\/20210925_122959-300x300.jpg\" alt=\"\" width=\"300\" height=\"300\" srcset=\"https:\/\/www.lelag.fr\/site\/wp-content\/uploads\/2021\/11\/20210925_122959-300x300.jpg 300w, https:\/\/www.lelag.fr\/site\/wp-content\/uploads\/2021\/11\/20210925_122959-1024x1024.jpg 1024w, https:\/\/www.lelag.fr\/site\/wp-content\/uploads\/2021\/11\/20210925_122959-150x150.jpg 150w, https:\/\/www.lelag.fr\/site\/wp-content\/uploads\/2021\/11\/20210925_122959-768x768.jpg 768w, https:\/\/www.lelag.fr\/site\/wp-content\/uploads\/2021\/11\/20210925_122959-1536x1536.jpg 1536w, https:\/\/www.lelag.fr\/site\/wp-content\/uploads\/2021\/11\/20210925_122959-2048x2048.jpg 2048w\" sizes=\"auto, (max-width: 300px) 100vw, 300px\" \/><\/a> <a href=\"https:\/\/www.lelag.fr\/site\/wp-content\/uploads\/2021\/11\/20210925_113216-scaled.jpg\"><img loading=\"lazy\" decoding=\"async\" class=\"size-medium wp-image-6050 alignnone\" src=\"https:\/\/www.lelag.fr\/site\/wp-content\/uploads\/2021\/11\/20210925_113216-300x300.jpg\" alt=\"\" width=\"300\" height=\"300\" srcset=\"https:\/\/www.lelag.fr\/site\/wp-content\/uploads\/2021\/11\/20210925_113216-300x300.jpg 300w, https:\/\/www.lelag.fr\/site\/wp-content\/uploads\/2021\/11\/20210925_113216-1024x1024.jpg 1024w, https:\/\/www.lelag.fr\/site\/wp-content\/uploads\/2021\/11\/20210925_113216-150x150.jpg 150w, https:\/\/www.lelag.fr\/site\/wp-content\/uploads\/2021\/11\/20210925_113216-768x768.jpg 768w, https:\/\/www.lelag.fr\/site\/wp-content\/uploads\/2021\/11\/20210925_113216-1536x1536.jpg 1536w, https:\/\/www.lelag.fr\/site\/wp-content\/uploads\/2021\/11\/20210925_113216-2048x2048.jpg 2048w\" sizes=\"auto, (max-width: 300px) 100vw, 300px\" \/><\/a> <a href=\"https:\/\/www.lelag.fr\/site\/wp-content\/uploads\/2021\/11\/20210925_113106-scaled.jpg\"><img loading=\"lazy\" decoding=\"async\" class=\"size-medium wp-image-6049 alignnone\" src=\"https:\/\/www.lelag.fr\/site\/wp-content\/uploads\/2021\/11\/20210925_113106-300x300.jpg\" alt=\"\" width=\"300\" height=\"300\" srcset=\"https:\/\/www.lelag.fr\/site\/wp-content\/uploads\/2021\/11\/20210925_113106-300x300.jpg 300w, https:\/\/www.lelag.fr\/site\/wp-content\/uploads\/2021\/11\/20210925_113106-1024x1024.jpg 1024w, https:\/\/www.lelag.fr\/site\/wp-content\/uploads\/2021\/11\/20210925_113106-150x150.jpg 150w, https:\/\/www.lelag.fr\/site\/wp-content\/uploads\/2021\/11\/20210925_113106-768x768.jpg 768w, https:\/\/www.lelag.fr\/site\/wp-content\/uploads\/2021\/11\/20210925_113106-1536x1536.jpg 1536w, https:\/\/www.lelag.fr\/site\/wp-content\/uploads\/2021\/11\/20210925_113106-2048x2048.jpg 2048w\" sizes=\"auto, (max-width: 300px) 100vw, 300px\" \/><\/a><a href=\"https:\/\/www.lelag.fr\/site\/wp-content\/uploads\/2021\/11\/20210925_131938-scaled.jpg\"><img loading=\"lazy\" decoding=\"async\" class=\"size-medium wp-image-6054 alignnone\" src=\"https:\/\/www.lelag.fr\/site\/wp-content\/uploads\/2021\/11\/20210925_131938-300x300.jpg\" alt=\"\" width=\"300\" height=\"300\" srcset=\"https:\/\/www.lelag.fr\/site\/wp-content\/uploads\/2021\/11\/20210925_131938-300x300.jpg 300w, https:\/\/www.lelag.fr\/site\/wp-content\/uploads\/2021\/11\/20210925_131938-1024x1024.jpg 1024w, https:\/\/www.lelag.fr\/site\/wp-content\/uploads\/2021\/11\/20210925_131938-150x150.jpg 150w, https:\/\/www.lelag.fr\/site\/wp-content\/uploads\/2021\/11\/20210925_131938-768x768.jpg 768w, https:\/\/www.lelag.fr\/site\/wp-content\/uploads\/2021\/11\/20210925_131938-1536x1536.jpg 1536w, https:\/\/www.lelag.fr\/site\/wp-content\/uploads\/2021\/11\/20210925_131938-2048x2048.jpg 2048w\" sizes=\"auto, (max-width: 300px) 100vw, 300px\" \/><\/a><\/p>\n","protected":false},"excerpt":{"rendered":"<p>L&rsquo;enseigne, c&rsquo;\u00e9tait un peu l&rsquo;arl\u00e9sienne du LAG&#8230; Provisoirement, nous avions install\u00e9 une b\u00e2che \u00e0 \u0153illets, pr\u00e9vue pour les \u00e9v\u00e9nements ext\u00e9rieurs. elle y est rest\u00e9e 9 ans! Pleins de projets dans la t\u00eate: une oeuvre collective autour des valeurs et de &hellip; <a href=\"https:\/\/www.lelag.fr\/site\/enfin-une-enseigne-au-lag\/\">Continuer la lecture <span class=\"meta-nav\">&rarr;<\/span><\/a><\/p>\n","protected":false},"author":2,"featured_media":0,"comment_status":"closed","ping_status":"closed","sticky":false,"template":"","format":"standard","meta":{"footnotes":""},"categories":[1],"tags":[],"class_list":["post-6048","post","type-post","status-publish","format-standard","hentry","category-non-classe"],"_links":{"self":[{"href":"https:\/\/www.lelag.fr\/site\/wp-json\/wp\/v2\/posts\/6048","targetHints":{"allow":["GET"]}}],"collection":[{"href":"https:\/\/www.lelag.fr\/site\/wp-json\/wp\/v2\/posts"}],"about":[{"href":"https:\/\/www.lelag.fr\/site\/wp-json\/wp\/v2\/types\/post"}],"author":[{"embeddable":true,"href":"https:\/\/www.lelag.fr\/site\/wp-json\/wp\/v2\/users\/2"}],"replies":[{"embeddable":true,"href":"https:\/\/www.lelag.fr\/site\/wp-json\/wp\/v2\/comments?post=6048"}],"version-history":[{"count":2,"href":"https:\/\/www.lelag.fr\/site\/wp-json\/wp\/v2\/posts\/6048\/revisions"}],"predecessor-version":[{"id":6056,"href":"https:\/\/www.lelag.fr\/site\/wp-json\/wp\/v2\/posts\/6048\/revisions\/6056"}],"wp:attachment":[{"href":"https:\/\/www.lelag.fr\/site\/wp-json\/wp\/v2\/media?parent=6048"}],"wp:term":[{"taxonomy":"category","embeddable":true,"href":"https:\/\/www.lelag.fr\/site\/wp-json\/wp\/v2\/categories?post=6048"},{"taxonomy":"post_tag","embeddable":true,"href":"https:\/\/www.lelag.fr\/site\/wp-json\/wp\/v2\/tags?post=6048"}],"curies":[{"name":"wp","href":"https:\/\/api.w.org\/{rel}","templated":true}]}}