{"id":3758,"date":"2017-01-22T16:42:08","date_gmt":"2017-01-22T15:42:08","guid":{"rendered":"http:\/\/www.lelag.fr\/site\/?p=3758"},"modified":"2017-01-22T16:49:29","modified_gmt":"2017-01-22T15:49:29","slug":"des-jours-et-des-nuits-sur-laire","status":"publish","type":"post","link":"https:\/\/www.lelag.fr\/site\/des-jours-et-des-nuits-sur-laire\/","title":{"rendered":"Des jours et des nuits sur l&rsquo;aire"},"content":{"rendered":"<div id=\"attachment_3729\" style=\"width: 160px\" class=\"wp-caption alignleft\"><a href=\"http:\/\/www.lelag.fr\/site\/wp-content\/uploads\/2017\/01\/Affiche-BR62-2017-01.jpg\"><img loading=\"lazy\" decoding=\"async\" aria-describedby=\"caption-attachment-3729\" class=\"size-thumbnail wp-image-3729\" src=\"http:\/\/www.lelag.fr\/site\/wp-content\/uploads\/2017\/01\/Affiche-BR62-2017-01-150x150.jpg\" alt=\"Bobines rebelles 2017\" width=\"150\" height=\"150\" \/><\/a><p id=\"caption-attachment-3729\" class=\"wp-caption-text\">Bobines rebelles 2017<\/p><\/div>\n<p><strong>Programmation au LAG durant le<\/strong> <a href=\"http:\/\/www.lelag.fr\/site\/cinema\/bobines-rebelles\/bobines-rebelles-2017\/\">festival Bobines rebelles 2017<\/a>, <strong>le samedi 8 avril 2017, \u00e0 17h30.<\/strong><\/p>\n<p><strong>Un film de Isabelle Ingold \u2013 2016 \u2013 France \u2013 55&prime;<\/strong><\/p>\n<p><strong>En pr\u00e9sence de Isabelle Ingold, r\u00e9alisatrice<\/strong><\/p>\n<h2><\/h2>\n<h2><\/h2>\n<h2>R\u00e9sum\u00e9<\/h2>\n<p>Ce film dresse le portrait d\u2019une aire d\u2019autoroute perdue au milieu de la campagne picarde, un lieu comme dans un r\u00eave : bruissant des pens\u00e9es et des vies de ceux qui passent ou qui travaillent ici mais aussi un lieu bien r\u00e9el : v\u00e9ritable poste d\u2019observation de l\u2019Europe d\u2019aujourd\u2019hui o\u00f9 appara\u00eet cr\u00fbment la violence de la concurrence d\u2019un march\u00e9 unique, la nostalgie du d\u00e9racinement et les solitudes contemporaines.<\/p>\n<p><a href=\"http:\/\/www.lelag.fr\/site\/wp-content\/uploads\/2017\/01\/DesJoursEtDesNuitsSurLAire-01.jpg\"><img loading=\"lazy\" decoding=\"async\" class=\"alignleft wp-image-3759 size-large\" src=\"http:\/\/www.lelag.fr\/site\/wp-content\/uploads\/2017\/01\/DesJoursEtDesNuitsSurLAire-01-1024x576.jpg\" width=\"640\" height=\"360\" srcset=\"https:\/\/www.lelag.fr\/site\/wp-content\/uploads\/2017\/01\/DesJoursEtDesNuitsSurLAire-01-1024x576.jpg 1024w, https:\/\/www.lelag.fr\/site\/wp-content\/uploads\/2017\/01\/DesJoursEtDesNuitsSurLAire-01-300x169.jpg 300w, https:\/\/www.lelag.fr\/site\/wp-content\/uploads\/2017\/01\/DesJoursEtDesNuitsSurLAire-01-768x432.jpg 768w, https:\/\/www.lelag.fr\/site\/wp-content\/uploads\/2017\/01\/DesJoursEtDesNuitsSurLAire-01.jpg 1600w\" sizes=\"auto, (max-width: 640px) 100vw, 640px\" \/><\/a><\/p>\n<p><img loading=\"lazy\" decoding=\"async\" class=\"alignleft size-large wp-image-3760\" src=\"http:\/\/www.lelag.fr\/site\/wp-content\/uploads\/2017\/01\/DesJoursEtDesNuitsSurLAire-02-1024x576.jpg\" alt=\"\" width=\"640\" height=\"360\" srcset=\"https:\/\/www.lelag.fr\/site\/wp-content\/uploads\/2017\/01\/DesJoursEtDesNuitsSurLAire-02-1024x576.jpg 1024w, https:\/\/www.lelag.fr\/site\/wp-content\/uploads\/2017\/01\/DesJoursEtDesNuitsSurLAire-02-300x169.jpg 300w, https:\/\/www.lelag.fr\/site\/wp-content\/uploads\/2017\/01\/DesJoursEtDesNuitsSurLAire-02-768x432.jpg 768w, https:\/\/www.lelag.fr\/site\/wp-content\/uploads\/2017\/01\/DesJoursEtDesNuitsSurLAire-02.jpg 1600w\" sizes=\"auto, (max-width: 640px) 100vw, 640px\" \/><\/p>\n<p><a href=\"http:\/\/www.lelag.fr\/site\/wp-content\/uploads\/2017\/01\/DesJoursEtDesNuitsSurLAire-03.jpg\"><img loading=\"lazy\" decoding=\"async\" class=\"alignleft size-large wp-image-3761\" src=\"http:\/\/www.lelag.fr\/site\/wp-content\/uploads\/2017\/01\/DesJoursEtDesNuitsSurLAire-03-1024x576.jpg\" alt=\"\" width=\"640\" height=\"360\" srcset=\"https:\/\/www.lelag.fr\/site\/wp-content\/uploads\/2017\/01\/DesJoursEtDesNuitsSurLAire-03-1024x576.jpg 1024w, https:\/\/www.lelag.fr\/site\/wp-content\/uploads\/2017\/01\/DesJoursEtDesNuitsSurLAire-03-300x169.jpg 300w, https:\/\/www.lelag.fr\/site\/wp-content\/uploads\/2017\/01\/DesJoursEtDesNuitsSurLAire-03-768x432.jpg 768w, https:\/\/www.lelag.fr\/site\/wp-content\/uploads\/2017\/01\/DesJoursEtDesNuitsSurLAire-03.jpg 1600w\" sizes=\"auto, (max-width: 640px) 100vw, 640px\" \/><\/a><\/p>\n","protected":false},"excerpt":{"rendered":"<p>Programmation au LAG durant le festival Bobines rebelles 2017, le samedi 8 avril 2017, \u00e0 17h30. Un film de Isabelle Ingold \u2013 2016 \u2013 France \u2013 55&prime; En pr\u00e9sence de Isabelle Ingold, r\u00e9alisatrice R\u00e9sum\u00e9 Ce film dresse le portrait d\u2019une &hellip; <a href=\"https:\/\/www.lelag.fr\/site\/des-jours-et-des-nuits-sur-laire\/\">Continuer la lecture <span class=\"meta-nav\">&rarr;<\/span><\/a><\/p>\n","protected":false},"author":1,"featured_media":0,"comment_status":"closed","ping_status":"closed","sticky":false,"template":"","format":"standard","meta":{"footnotes":""},"categories":[3,14],"tags":[],"class_list":["post-3758","post","type-post","status-publish","format-standard","hentry","category-au-lag","category-bobines-rebelles-2017"],"_links":{"self":[{"href":"https:\/\/www.lelag.fr\/site\/wp-json\/wp\/v2\/posts\/3758","targetHints":{"allow":["GET"]}}],"collection":[{"href":"https:\/\/www.lelag.fr\/site\/wp-json\/wp\/v2\/posts"}],"about":[{"href":"https:\/\/www.lelag.fr\/site\/wp-json\/wp\/v2\/types\/post"}],"author":[{"embeddable":true,"href":"https:\/\/www.lelag.fr\/site\/wp-json\/wp\/v2\/users\/1"}],"replies":[{"embeddable":true,"href":"https:\/\/www.lelag.fr\/site\/wp-json\/wp\/v2\/comments?post=3758"}],"version-history":[{"count":3,"href":"https:\/\/www.lelag.fr\/site\/wp-json\/wp\/v2\/posts\/3758\/revisions"}],"predecessor-version":[{"id":3766,"href":"https:\/\/www.lelag.fr\/site\/wp-json\/wp\/v2\/posts\/3758\/revisions\/3766"}],"wp:attachment":[{"href":"https:\/\/www.lelag.fr\/site\/wp-json\/wp\/v2\/media?parent=3758"}],"wp:term":[{"taxonomy":"category","embeddable":true,"href":"https:\/\/www.lelag.fr\/site\/wp-json\/wp\/v2\/categories?post=3758"},{"taxonomy":"post_tag","embeddable":true,"href":"https:\/\/www.lelag.fr\/site\/wp-json\/wp\/v2\/tags?post=3758"}],"curies":[{"name":"wp","href":"https:\/\/api.w.org\/{rel}","templated":true}]}}