{"id":3754,"date":"2017-01-22T16:32:14","date_gmt":"2017-01-22T15:32:14","guid":{"rendered":"http:\/\/www.lelag.fr\/site\/?p=3754"},"modified":"2017-01-22T16:32:33","modified_gmt":"2017-01-22T15:32:33","slug":"belle-de-nuit","status":"publish","type":"post","link":"https:\/\/www.lelag.fr\/site\/belle-de-nuit\/","title":{"rendered":"Belle de nuit"},"content":{"rendered":"<div id=\"attachment_3729\" style=\"width: 160px\" class=\"wp-caption alignleft\"><a href=\"http:\/\/www.lelag.fr\/site\/wp-content\/uploads\/2017\/01\/Affiche-BR62-2017-01.jpg\"><img loading=\"lazy\" decoding=\"async\" aria-describedby=\"caption-attachment-3729\" class=\"size-thumbnail wp-image-3729\" src=\"http:\/\/www.lelag.fr\/site\/wp-content\/uploads\/2017\/01\/Affiche-BR62-2017-01-150x150.jpg\" alt=\"Bobines rebelles 2017\" width=\"150\" height=\"150\" \/><\/a><p id=\"caption-attachment-3729\" class=\"wp-caption-text\">Bobines rebelles 2017<\/p><\/div>\n<p><strong>Programmation au LAG durant le<\/strong> <a href=\"http:\/\/www.lelag.fr\/site\/cinema\/bobines-rebelles\/bobines-rebelles-2017\/\">festival Bobines rebelles 2017<\/a>, <strong>le samedi 8 avril 2017, \u00e0 14h30.<\/strong><\/p>\n<p><strong>Un film de Marie \u00c9ve de Grave \u2013 2016 \u2013 France \u2013 1h14<\/strong><\/p>\n<p><strong>En pr\u00e9sence de Marie \u00c9ve de Grave, r\u00e9alisatrice<\/strong><\/p>\n<h2><\/h2>\n<h2><\/h2>\n<h2>R\u00e9sum\u00e9<\/h2>\n<p>Entre la Suisse o\u00f9 \u00e9cl\u00f4t et s&rsquo;ach\u00e8ve un parcours de vie insolite, une maison de prostitution et la prison \u00e0 Munich, la lutte militante \u00e0 Paris ou la vie \u00e0 Alexandrie, s&rsquo;esquisse le portrait de Gris\u00e9lidis R\u00e9al, figure incontournable de l&rsquo;histoire genevoise r\u00e9cente. S&rsquo;affirmant au cours des ann\u00e9es 1970 comme l&rsquo;une des meneuses de la \u00ab\u00a0R\u00e9volution des prostitu\u00e9es\u00a0\u00bb \u00e0 Paris pour d\u00e9fendre la perspective de la prostitution comme choix, elle rench\u00e9rit sur ce positionnement dans ses \u00e9crits : \u00ab\u00a0<i>La prostitution est un acte r\u00e9volutionnaire<\/i> \u00ab\u00a0(GR). Une science et un humanisme surtout, pour une femme passionn\u00e9e et libre, profond\u00e9ment f\u00e9ministe de fa\u00e7on aussi personnelle qu&rsquo;individuelle. B\u00e2ti sur de tr\u00e8s riches archives, un r\u00e9cit au souffle romanesque, port\u00e9 par un montage remarquable et par la fureur de vivre d&rsquo;une h\u00e9ro\u00efne contemporaine : \u00ab\u00a0<i>Que celui qui n&rsquo;a pas v\u00e9ritablement aim\u00e9 jette ce livre \u00e0 la poubelle. Il y sera plus au chaud et au tendre dans les ordures que dans ses mains <\/i>\u00ab\u00a0(GR).<br \/>\nReste son \u00e9pitaphe, manifeste du triomphe de la volont\u00e9 : \u00ab\u00a0<i>Gris\u00e9lidis R\u00e9al, Ecrivain \u2013 Peintre \u2013 Prostitu\u00e9e<\/i>\u00ab\u00a0.<\/p>\n<p><a href=\"http:\/\/www.lelag.fr\/site\/wp-content\/uploads\/2017\/01\/BelleDeNuit-01.jpg\"><img loading=\"lazy\" decoding=\"async\" class=\"size-full wp-image-3755 aligncenter\" src=\"http:\/\/www.lelag.fr\/site\/wp-content\/uploads\/2017\/01\/BelleDeNuit-01.jpg\" alt=\"\" width=\"650\" height=\"480\" srcset=\"https:\/\/www.lelag.fr\/site\/wp-content\/uploads\/2017\/01\/BelleDeNuit-01.jpg 650w, https:\/\/www.lelag.fr\/site\/wp-content\/uploads\/2017\/01\/BelleDeNuit-01-300x222.jpg 300w\" sizes=\"auto, (max-width: 650px) 100vw, 650px\" \/><\/a><\/p>\n<p>&nbsp;<\/p>\n","protected":false},"excerpt":{"rendered":"<p>Programmation au LAG durant le festival Bobines rebelles 2017, le samedi 8 avril 2017, \u00e0 14h30. Un film de Marie \u00c9ve de Grave \u2013 2016 \u2013 France \u2013 1h14 En pr\u00e9sence de Marie \u00c9ve de Grave, r\u00e9alisatrice R\u00e9sum\u00e9 Entre la &hellip; <a href=\"https:\/\/www.lelag.fr\/site\/belle-de-nuit\/\">Continuer la lecture <span class=\"meta-nav\">&rarr;<\/span><\/a><\/p>\n","protected":false},"author":1,"featured_media":0,"comment_status":"closed","ping_status":"closed","sticky":false,"template":"","format":"standard","meta":{"footnotes":""},"categories":[3,14],"tags":[],"class_list":["post-3754","post","type-post","status-publish","format-standard","hentry","category-au-lag","category-bobines-rebelles-2017"],"_links":{"self":[{"href":"https:\/\/www.lelag.fr\/site\/wp-json\/wp\/v2\/posts\/3754","targetHints":{"allow":["GET"]}}],"collection":[{"href":"https:\/\/www.lelag.fr\/site\/wp-json\/wp\/v2\/posts"}],"about":[{"href":"https:\/\/www.lelag.fr\/site\/wp-json\/wp\/v2\/types\/post"}],"author":[{"embeddable":true,"href":"https:\/\/www.lelag.fr\/site\/wp-json\/wp\/v2\/users\/1"}],"replies":[{"embeddable":true,"href":"https:\/\/www.lelag.fr\/site\/wp-json\/wp\/v2\/comments?post=3754"}],"version-history":[{"count":2,"href":"https:\/\/www.lelag.fr\/site\/wp-json\/wp\/v2\/posts\/3754\/revisions"}],"predecessor-version":[{"id":4862,"href":"https:\/\/www.lelag.fr\/site\/wp-json\/wp\/v2\/posts\/3754\/revisions\/4862"}],"wp:attachment":[{"href":"https:\/\/www.lelag.fr\/site\/wp-json\/wp\/v2\/media?parent=3754"}],"wp:term":[{"taxonomy":"category","embeddable":true,"href":"https:\/\/www.lelag.fr\/site\/wp-json\/wp\/v2\/categories?post=3754"},{"taxonomy":"post_tag","embeddable":true,"href":"https:\/\/www.lelag.fr\/site\/wp-json\/wp\/v2\/tags?post=3754"}],"curies":[{"name":"wp","href":"https:\/\/api.w.org\/{rel}","templated":true}]}}