{"id":3749,"date":"2017-01-22T16:22:48","date_gmt":"2017-01-22T15:22:48","guid":{"rendered":"http:\/\/www.lelag.fr\/site\/?p=3749"},"modified":"2017-01-22T16:27:51","modified_gmt":"2017-01-22T15:27:51","slug":"ya-oulidi-le-prix-de-la-douleur","status":"publish","type":"post","link":"https:\/\/www.lelag.fr\/site\/ya-oulidi-le-prix-de-la-douleur\/","title":{"rendered":"Ya Oulidi, le prix de la douleur"},"content":{"rendered":"<div id=\"attachment_3729\" style=\"width: 160px\" class=\"wp-caption alignleft\"><a href=\"http:\/\/www.lelag.fr\/site\/wp-content\/uploads\/2017\/01\/Affiche-BR62-2017-01.jpg\"><img loading=\"lazy\" decoding=\"async\" aria-describedby=\"caption-attachment-3729\" class=\"size-thumbnail wp-image-3729\" src=\"http:\/\/www.lelag.fr\/site\/wp-content\/uploads\/2017\/01\/Affiche-BR62-2017-01-150x150.jpg\" alt=\"Bobines rebelles 2017\" width=\"150\" height=\"150\" \/><\/a><p id=\"caption-attachment-3729\" class=\"wp-caption-text\">Bobines rebelles 2017<\/p><\/div>\n<p><strong>Programmation au LAG durant le<\/strong> <a href=\"http:\/\/www.lelag.fr\/site\/cinema\/bobines-rebelles\/bobines-rebelles-2017\/\">festival Bobines rebelles 2017<\/a>, <strong>le samedi 8 avril 2017, \u00e0 11h00.<\/strong><\/p>\n<p><strong>Un film de Joseph Marando \u2013 2014 \u2013 France \u2013 1h10<\/strong><\/p>\n<p><strong>En pr\u00e9sence de Joseph Marando, r\u00e9alisateur<\/strong><\/p>\n<h2><\/h2>\n<p>&nbsp;<\/p>\n<h2>R\u00e9sum\u00e9<\/h2>\n<p>Si ce funeste 18 octobre 1980, Lahouari Ben Mohamed n\u2019avait pas \u00e9t\u00e9 abattu par les balles racistes d\u2019un CRS lors d\u2019un contr\u00f4le de police, qui sait quel chemin aurait pris la destin\u00e9e de la famille, des jeunes et des habitants de la cit\u00e9 des Flamants \u00e0 Marseille dans les quartiers Nord\u00a0?<br class=\"x_autobr\" \/> Le film part \u00e0 la rencontre des protagonistes de ce drame survenu au d\u00e9but des ann\u00e9es 80. Un drame qui s\u2019ajoutera parmi tant d\u2019autres et qui participera au d\u00e9clenchement de la marche pour l\u2019\u00e9galit\u00e9 et contre le racisme en France.<\/p>\n<p><a href=\"http:\/\/www.lelag.fr\/site\/wp-content\/uploads\/2017\/01\/YaOulidi-01.jpg\"><img loading=\"lazy\" decoding=\"async\" class=\"alignleft size-full wp-image-3750\" src=\"http:\/\/www.lelag.fr\/site\/wp-content\/uploads\/2017\/01\/YaOulidi-01.jpg\" alt=\"\" width=\"260\" height=\"350\" srcset=\"https:\/\/www.lelag.fr\/site\/wp-content\/uploads\/2017\/01\/YaOulidi-01.jpg 260w, https:\/\/www.lelag.fr\/site\/wp-content\/uploads\/2017\/01\/YaOulidi-01-223x300.jpg 223w\" sizes=\"auto, (max-width: 260px) 100vw, 260px\" \/><\/a><a href=\"http:\/\/www.lelag.fr\/site\/wp-content\/uploads\/2017\/01\/YaOulidi-02.jpg\"><img loading=\"lazy\" decoding=\"async\" class=\"alignleft size-full wp-image-3751\" src=\"http:\/\/www.lelag.fr\/site\/wp-content\/uploads\/2017\/01\/YaOulidi-02.jpg\" alt=\"\" width=\"300\" height=\"190\" \/><\/a><\/p>\n<p>&nbsp;<\/p>\n","protected":false},"excerpt":{"rendered":"<p>Programmation au LAG durant le festival Bobines rebelles 2017, le samedi 8 avril 2017, \u00e0 11h00. Un film de Joseph Marando \u2013 2014 \u2013 France \u2013 1h10 En pr\u00e9sence de Joseph Marando, r\u00e9alisateur &nbsp; R\u00e9sum\u00e9 Si ce funeste 18 octobre &hellip; <a href=\"https:\/\/www.lelag.fr\/site\/ya-oulidi-le-prix-de-la-douleur\/\">Continuer la lecture <span class=\"meta-nav\">&rarr;<\/span><\/a><\/p>\n","protected":false},"author":1,"featured_media":0,"comment_status":"closed","ping_status":"closed","sticky":false,"template":"","format":"standard","meta":{"footnotes":""},"categories":[3,14],"tags":[],"class_list":["post-3749","post","type-post","status-publish","format-standard","hentry","category-au-lag","category-bobines-rebelles-2017"],"_links":{"self":[{"href":"https:\/\/www.lelag.fr\/site\/wp-json\/wp\/v2\/posts\/3749","targetHints":{"allow":["GET"]}}],"collection":[{"href":"https:\/\/www.lelag.fr\/site\/wp-json\/wp\/v2\/posts"}],"about":[{"href":"https:\/\/www.lelag.fr\/site\/wp-json\/wp\/v2\/types\/post"}],"author":[{"embeddable":true,"href":"https:\/\/www.lelag.fr\/site\/wp-json\/wp\/v2\/users\/1"}],"replies":[{"embeddable":true,"href":"https:\/\/www.lelag.fr\/site\/wp-json\/wp\/v2\/comments?post=3749"}],"version-history":[{"count":1,"href":"https:\/\/www.lelag.fr\/site\/wp-json\/wp\/v2\/posts\/3749\/revisions"}],"predecessor-version":[{"id":3752,"href":"https:\/\/www.lelag.fr\/site\/wp-json\/wp\/v2\/posts\/3749\/revisions\/3752"}],"wp:attachment":[{"href":"https:\/\/www.lelag.fr\/site\/wp-json\/wp\/v2\/media?parent=3749"}],"wp:term":[{"taxonomy":"category","embeddable":true,"href":"https:\/\/www.lelag.fr\/site\/wp-json\/wp\/v2\/categories?post=3749"},{"taxonomy":"post_tag","embeddable":true,"href":"https:\/\/www.lelag.fr\/site\/wp-json\/wp\/v2\/tags?post=3749"}],"curies":[{"name":"wp","href":"https:\/\/api.w.org\/{rel}","templated":true}]}}