{"id":3740,"date":"2017-01-22T16:13:40","date_gmt":"2017-01-22T15:13:40","guid":{"rendered":"http:\/\/www.lelag.fr\/site\/?p=3740"},"modified":"2017-01-22T16:27:16","modified_gmt":"2017-01-22T15:27:16","slug":"ou-est-la-guerre","status":"publish","type":"post","link":"https:\/\/www.lelag.fr\/site\/ou-est-la-guerre\/","title":{"rendered":"O\u00f9 est la guerre"},"content":{"rendered":"<div id=\"attachment_3729\" style=\"width: 160px\" class=\"wp-caption alignleft\"><a href=\"http:\/\/www.lelag.fr\/site\/wp-content\/uploads\/2017\/01\/Affiche-BR62-2017-01.jpg\"><img loading=\"lazy\" decoding=\"async\" aria-describedby=\"caption-attachment-3729\" class=\"wp-image-3729 size-thumbnail\" src=\"http:\/\/www.lelag.fr\/site\/wp-content\/uploads\/2017\/01\/Affiche-BR62-2017-01-150x150.jpg\" alt=\"Bobines rebelles 2017\" width=\"150\" height=\"150\" \/><\/a><p id=\"caption-attachment-3729\" class=\"wp-caption-text\">Bobines rebelles 2017<\/p><\/div>\n<p><strong>Programmation au LAG durant le<\/strong> <a href=\"http:\/\/www.lelag.fr\/site\/cinema\/bobines-rebelles\/bobines-rebelles-2017\/\">festival Bobines rebelles 2017<\/a>, <strong>le vendredi 7 avril 2017, \u00e0 20h00.<\/strong><\/p>\n<p><strong>Un film de Carmit Harash \u2013 2015 \u2013 France \u2013 1h25<\/strong><\/p>\n<p><strong>En pr\u00e9sence de Carmit Harash, r\u00e9alisatrice<\/strong><\/p>\n<p>Carmit Harash est une habitu\u00e9e de Bobines rebelles 62. Durant 3 ans, elle est venue y pr\u00e9senter la trilogie compos\u00e9e de ces 3 films:<\/p>\n<ul>\n<li><a href=\"http:\/\/www.lelag.fr\/site\/film-de-guerre\/\">Film de guerre<\/a><\/li>\n<li><a href=\"http:\/\/www.lelag.fr\/site\/demain\/\">Demain<\/a><\/li>\n<li><a href=\"http:\/\/www.lelag.fr\/site\/treve\/\">Tr\u00eave<\/a><\/li>\n<\/ul>\n<p>Nous la retrouvons en ouverture de ce Bobines rebelles 2017.<\/p>\n<h2>R\u00e9sum\u00e9<\/h2>\n<p>En mai 2012, la recherche d&rsquo;une guerre en France semble \u00eatre une id\u00e9e folle, de la science-fiction. Mais apr\u00e8s l&rsquo;attaque du journal Charlie Hebdo en Janvier 2015, elle devient <span class=\"x_highlight\"><span id=\"x_0.04203517209715413\">docu<\/span><\/span>mentaire.<\/p>\n<h2>Commentaire<\/h2>\n<ul>\n<li><a href=\"https:\/\/seenthis.net\/messages\/493530\">Le commentaire de R\u00e9mi Gendarme<\/a><\/li>\n<\/ul>\n<h2>Photos<\/h2>\n<div id=\"attachment_3742\" style=\"width: 310px\" class=\"wp-caption aligncenter\"><a href=\"http:\/\/www.lelag.fr\/site\/wp-content\/uploads\/2017\/01\/OuEstLaGuerre-01.jpg\"><img loading=\"lazy\" decoding=\"async\" aria-describedby=\"caption-attachment-3742\" class=\"size-full wp-image-3742\" src=\"http:\/\/www.lelag.fr\/site\/wp-content\/uploads\/2017\/01\/OuEstLaGuerre-01.jpg\" alt=\"O\u00f9 est la guerre\" width=\"300\" height=\"169\" \/><\/a><p id=\"caption-attachment-3742\" class=\"wp-caption-text\">O\u00f9 est la guerre<\/p><\/div>\n<div id=\"attachment_3743\" style=\"width: 310px\" class=\"wp-caption aligncenter\"><a href=\"http:\/\/www.lelag.fr\/site\/wp-content\/uploads\/2017\/01\/OuEstLaGuerre-02.jpg\"><img loading=\"lazy\" decoding=\"async\" aria-describedby=\"caption-attachment-3743\" class=\"size-medium wp-image-3743\" src=\"http:\/\/www.lelag.fr\/site\/wp-content\/uploads\/2017\/01\/OuEstLaGuerre-02-300x169.jpg\" alt=\"O\u00f9 est la guerre\" width=\"300\" height=\"169\" srcset=\"https:\/\/www.lelag.fr\/site\/wp-content\/uploads\/2017\/01\/OuEstLaGuerre-02-300x169.jpg 300w, https:\/\/www.lelag.fr\/site\/wp-content\/uploads\/2017\/01\/OuEstLaGuerre-02-768x432.jpg 768w, https:\/\/www.lelag.fr\/site\/wp-content\/uploads\/2017\/01\/OuEstLaGuerre-02-1024x576.jpg 1024w, https:\/\/www.lelag.fr\/site\/wp-content\/uploads\/2017\/01\/OuEstLaGuerre-02.jpg 1280w\" sizes=\"auto, (max-width: 300px) 100vw, 300px\" \/><\/a><p id=\"caption-attachment-3743\" class=\"wp-caption-text\">O\u00f9 est la guerre<\/p><\/div>\n","protected":false},"excerpt":{"rendered":"<p>Programmation au LAG durant le festival Bobines rebelles 2017, le vendredi 7 avril 2017, \u00e0 20h00. Un film de Carmit Harash \u2013 2015 \u2013 France \u2013 1h25 En pr\u00e9sence de Carmit Harash, r\u00e9alisatrice Carmit Harash est une habitu\u00e9e de Bobines &hellip; <a href=\"https:\/\/www.lelag.fr\/site\/ou-est-la-guerre\/\">Continuer la lecture <span class=\"meta-nav\">&rarr;<\/span><\/a><\/p>\n","protected":false},"author":1,"featured_media":0,"comment_status":"closed","ping_status":"closed","sticky":false,"template":"","format":"standard","meta":{"footnotes":""},"categories":[3,14],"tags":[],"class_list":["post-3740","post","type-post","status-publish","format-standard","hentry","category-au-lag","category-bobines-rebelles-2017"],"_links":{"self":[{"href":"https:\/\/www.lelag.fr\/site\/wp-json\/wp\/v2\/posts\/3740","targetHints":{"allow":["GET"]}}],"collection":[{"href":"https:\/\/www.lelag.fr\/site\/wp-json\/wp\/v2\/posts"}],"about":[{"href":"https:\/\/www.lelag.fr\/site\/wp-json\/wp\/v2\/types\/post"}],"author":[{"embeddable":true,"href":"https:\/\/www.lelag.fr\/site\/wp-json\/wp\/v2\/users\/1"}],"replies":[{"embeddable":true,"href":"https:\/\/www.lelag.fr\/site\/wp-json\/wp\/v2\/comments?post=3740"}],"version-history":[{"count":4,"href":"https:\/\/www.lelag.fr\/site\/wp-json\/wp\/v2\/posts\/3740\/revisions"}],"predecessor-version":[{"id":3748,"href":"https:\/\/www.lelag.fr\/site\/wp-json\/wp\/v2\/posts\/3740\/revisions\/3748"}],"wp:attachment":[{"href":"https:\/\/www.lelag.fr\/site\/wp-json\/wp\/v2\/media?parent=3740"}],"wp:term":[{"taxonomy":"category","embeddable":true,"href":"https:\/\/www.lelag.fr\/site\/wp-json\/wp\/v2\/categories?post=3740"},{"taxonomy":"post_tag","embeddable":true,"href":"https:\/\/www.lelag.fr\/site\/wp-json\/wp\/v2\/tags?post=3740"}],"curies":[{"name":"wp","href":"https:\/\/api.w.org\/{rel}","templated":true}]}}