{"id":3701,"date":"2017-01-09T20:03:40","date_gmt":"2017-01-09T19:03:40","guid":{"rendered":"http:\/\/www.lelag.fr\/site\/?p=3701"},"modified":"2017-02-28T12:54:17","modified_gmt":"2017-02-28T11:54:17","slug":"samedi-11-mars-2017-ya-lfeu-au-lag","status":"publish","type":"post","link":"https:\/\/www.lelag.fr\/site\/samedi-11-mars-2017-ya-lfeu-au-lag\/","title":{"rendered":"Samedi 11 mars 2017 : Y&rsquo;a l&rsquo;feu au LAG !"},"content":{"rendered":"<p><a href=\"http:\/\/www.lelag.fr\/site\/wp-content\/uploads\/2016\/12\/FeuauLag.png\"><img loading=\"lazy\" decoding=\"async\" class=\"aligncenter size-large wp-image-3791\" src=\"http:\/\/www.lelag.fr\/site\/wp-content\/uploads\/2016\/12\/FeuauLag-724x1024.png\" alt=\"\" width=\"640\" height=\"905\" srcset=\"https:\/\/www.lelag.fr\/site\/wp-content\/uploads\/2016\/12\/FeuauLag-724x1024.png 724w, https:\/\/www.lelag.fr\/site\/wp-content\/uploads\/2016\/12\/FeuauLag-212x300.png 212w, https:\/\/www.lelag.fr\/site\/wp-content\/uploads\/2016\/12\/FeuauLag-768x1086.png 768w\" sizes=\"auto, (max-width: 640px) 100vw, 640px\" \/><\/a><\/p>\n<p><strong>Le 11 mars 2017, c&rsquo;est \u00e0 une belle initiative de soutien que le LAG convie ses ami-es !<\/strong><\/p>\n<p>L&rsquo;objectif de la journ\u00e9e est triple :<\/p>\n<ul>\n<li>f\u00eater l&rsquo;anniversaire du LAG : \u00e7a fait 4,5 ans que le LAG a ouvert ses portes; \u00e7a n&rsquo;est pas rien, \u00e7a vaut bien une f\u00eate entre ami-es !<\/li>\n<li>soutenir financi\u00e8rement le LAG : nous avons tard\u00e9 \u00e0 renouveler les souscripteurs et souscriptrices qui nous ont quitt\u00e9 (non, ils et elles n&rsquo;ont pas \u00e9t\u00e9 exclu-es : ils-elles ont d\u00e9m\u00e9nag\u00e9 !); bilan : la caisse s&rsquo;est vid\u00e9e; nous recherchons donc d&rsquo;autres souscripteurs et souscriptrices, et, dans l&rsquo;attente, nous organisons des initiatives financi\u00e8res, comme cette f\u00eate du 11 mars.<\/li>\n<li>conna\u00eetre le LAG et les projets politiques qui s&rsquo;y m\u00e8nent&#8230; et y participer !<\/li>\n<\/ul>\n<p>Bon ! On a pr\u00e9vu de faire tout \u00e7a dans la bonne humeur. Le bar sera ouvert, les repas sont pr\u00e9vus. Le plus simple, c&rsquo;est de consulter le programme, ci-dessous.<\/p>\n<h1>13h00 : ap\u00e9ro offert et repas de soutien<\/h1>\n<p>Le LAG offre l&rsquo;ap\u00e9ro, d\u00e8s 13h00, et on encha\u00eene avec un repas de soutien. Au menu\u00a0 : <strong>tajine v\u00e9g\u00e9tarien +desserts <\/strong>(au pluriel, parce qu&rsquo;il y a le choix !)<\/p>\n<p>C&rsquo;est donc un repas de soutien :<\/p>\n<ul>\n<li>le prix du repas, c&rsquo;est 10\u20ac<\/li>\n<li><a href=\"http:\/\/www.lelag.fr\/site\/inscription-au-repas-de-soutien-le-11-mars-2017\/\">il faut s&rsquo;inscrire grace au formulaire<\/a><\/li>\n<\/ul>\n<p>En plus, pour permettre \u00e0 toutes et \u00e0 tous de participer, on met en place le principe du <strong>repas suspendu<\/strong> : chacun-e peut mettre 5\u20ac suppl\u00e9mentaires, \u00e0 offrir en solidarit\u00e9 avec celles et ceux qui ne pourraient pas payer les 10\u20ac.<\/p>\n<h1>15h00 : caf\u00e9 politique<\/h1>\n<p>Au moment du caf\u00e9, pour ne pas s&rsquo;assoupir apr\u00e8s le tajine, on a pr\u00e9vu de se mettre en mouvement : il s&rsquo;agira de <strong>confectionner des pochoirs, des affichettes, des banderolles<\/strong>, pour les d\u00e9ambulations qui vont suivre.<\/p>\n<p>Tu n&rsquo;as pas l&rsquo;esprit cr\u00e9atif, ou tu ne sais pas \u00e9crire ? Pas grave ! on fait \u00e7a ensemble, et tu as le droit de copier sur ton voisin, ta voisine !<\/p>\n<h1>16h00 : d\u00e9ambulations<\/h1>\n<p>L\u00e0, \u00e7a devient s\u00e9rieux ! on sort du LAG, pour une d\u00e9ambulation festive en deux temps :<\/p>\n<ol>\n<li>vers l&#8217;emplacement du futur m\u00e9morial <strong>Aux victimes du capitalisme<\/strong>. C&rsquo;est une bonne occasion de d\u00e9couvrir cette chouette initiative dans laquelle sont impliqu\u00e9-es de nombreux-ses membres du LAG. En deux mots : on veut cr\u00e9er, sur l&rsquo;ancien carreau de la fosse 3 de Li\u00e9vin (lieu de la catastrophe de 1974 &#8211; 42 morts), \u00e0 2 pas du LAG,<strong> le 1er m\u00e9morial en France<\/strong> qui d\u00e9nonce le capitalisme pr\u00e9dateur, et qui honore ses victimes. <a href=\"http:\/\/auxvictimesducapitalisme.fr\">Pour plus d&rsquo;infos, consulter le site du comit\u00e9 d&rsquo;initiative.<\/a><\/li>\n<li>et ensuite, l&rsquo;id\u00e9e c&rsquo;est de poursuivre la d\u00e9ambulation dans Li\u00e9vin, pour une s\u00e9rie d&rsquo;actions anti-pub. Vous n&rsquo;aviez pas remarqu\u00e9 que la pub s&rsquo;affiche en grand dans Li\u00e9vin, pour le plus grand bonheur des marchands de tous poils ? Et bien, on va s&rsquo;en assurer ensemble, et qui sait, revoir un peu cette d\u00e9coration quelque peu envahissante \ud83d\ude09<\/li>\n<\/ol>\n<h1>19h00 : sc\u00e8ne ouverte et spectacles&#8230;<\/h1>\n<p>On rentre tranquillement de notre d\u00e9ambulation. Le bar est ouvert, et on a pr\u00e9vu des sandwiches (\u00e0 prix co\u00fbtant).<\/p>\n<p>La soir\u00e9e peut donc commencer&#8230;<\/p>\n<p>C&rsquo;est une soir\u00e9e en mots et concerts :<\/p>\n<ul>\n<li>Tout d&rsquo;abord : <strong>Thomas Suel et Benjamin Collier<\/strong> (SLAM et musique), dans des extraits de leur spectacle<em> Que fait-on l\u00e0 ?<\/em> Tout \u00e7a peut \u00eatre suivi d&rsquo;une <strong>sc\u00e8ne ouverte<\/strong>, si le coeur vous en dit, Msieurs-Dames !<\/li>\n<li>Ensuite, on se lache avec <strong>Les disjoncteurs<\/strong>. On peut vous assurer qu&rsquo;ils portent bien leur nom. C&rsquo;est du rock, quelque peu d\u00e9jant\u00e9&#8230;<\/li>\n<li>Et on termine tranquillement (fa\u00e7on de parler) par du m\u00e9tal, avec Warmth.<\/li>\n<\/ul>\n<p>&nbsp;<\/p>\n","protected":false},"excerpt":{"rendered":"<p>Le 11 mars 2017, c&rsquo;est \u00e0 une belle initiative de soutien que le LAG convie ses ami-es ! L&rsquo;objectif de la journ\u00e9e est triple : f\u00eater l&rsquo;anniversaire du LAG : \u00e7a fait 4,5 ans que le LAG a ouvert ses &hellip; <a href=\"https:\/\/www.lelag.fr\/site\/samedi-11-mars-2017-ya-lfeu-au-lag\/\">Continuer la lecture <span class=\"meta-nav\">&rarr;<\/span><\/a><\/p>\n","protected":false},"author":1,"featured_media":0,"comment_status":"closed","ping_status":"closed","sticky":false,"template":"","format":"standard","meta":{"footnotes":""},"categories":[3],"tags":[],"class_list":["post-3701","post","type-post","status-publish","format-standard","hentry","category-au-lag"],"_links":{"self":[{"href":"https:\/\/www.lelag.fr\/site\/wp-json\/wp\/v2\/posts\/3701","targetHints":{"allow":["GET"]}}],"collection":[{"href":"https:\/\/www.lelag.fr\/site\/wp-json\/wp\/v2\/posts"}],"about":[{"href":"https:\/\/www.lelag.fr\/site\/wp-json\/wp\/v2\/types\/post"}],"author":[{"embeddable":true,"href":"https:\/\/www.lelag.fr\/site\/wp-json\/wp\/v2\/users\/1"}],"replies":[{"embeddable":true,"href":"https:\/\/www.lelag.fr\/site\/wp-json\/wp\/v2\/comments?post=3701"}],"version-history":[{"count":15,"href":"https:\/\/www.lelag.fr\/site\/wp-json\/wp\/v2\/posts\/3701\/revisions"}],"predecessor-version":[{"id":3869,"href":"https:\/\/www.lelag.fr\/site\/wp-json\/wp\/v2\/posts\/3701\/revisions\/3869"}],"wp:attachment":[{"href":"https:\/\/www.lelag.fr\/site\/wp-json\/wp\/v2\/media?parent=3701"}],"wp:term":[{"taxonomy":"category","embeddable":true,"href":"https:\/\/www.lelag.fr\/site\/wp-json\/wp\/v2\/categories?post=3701"},{"taxonomy":"post_tag","embeddable":true,"href":"https:\/\/www.lelag.fr\/site\/wp-json\/wp\/v2\/tags?post=3701"}],"curies":[{"name":"wp","href":"https:\/\/api.w.org\/{rel}","templated":true}]}}