{"id":343,"date":"2012-09-18T20:05:00","date_gmt":"2012-09-18T19:05:00","guid":{"rendered":"http:\/\/lag.bassinminier62.org\/site\/?p=343"},"modified":"2012-09-18T20:13:01","modified_gmt":"2012-09-18T19:13:01","slug":"le-duo-des-falaises","status":"publish","type":"post","link":"https:\/\/www.lelag.fr\/site\/le-duo-des-falaises\/","title":{"rendered":"Le Duo des Falaises"},"content":{"rendered":"<p>Ce sont deux sympathiques ami-es, musicien-ne, po\u00e8te, plasticienne, qui nous font le plaisir d&rsquo;animer <a title=\"20 octobre : on inaugure !!!\" href=\"http:\/\/lag.bassinminier62.org\/site\/20-octobre-on-inaugure\/\">notre soir\u00e9e d&rsquo;inauguration, le 20 octobre 2012<\/a>.<\/p>\n<p><a title=\"Caroline (le Duo des Falaises)\" href=\"http:\/\/www.carolinedahyot.com\/\">Caroline<\/a> est plasticienne, et \u00e0 pr\u00e9sent, elle ajoute la musique \u00e0 ses autres qualit\u00e9s artistiques. C\u2019est avec <strong>Laurent Briet<\/strong> qu\u2019elle forme d\u00e9sormais le <a href=\"http:\/\/www.facebook.com\/duodesfalaises\" target=\"_blank\">Duo des Falaises<\/a> qui sera pour une <strong>soir\u00e9e \u00e9lectro-po\u00e9tique<\/strong> au LAG, ce 20 octobre 2012.<\/p>\n<p>\u00c0 \u00e9couter : un morceau envo\u00fbtant du Duo des falaises, <a href=\"http:\/\/lag.bassinminier62.org\/site\/wp-content\/uploads\/2012\/09\/Paris-ItsFullOfOneBoy.mp3\">Paris (it&rsquo;s full of one boy)<\/a> 2012.<\/p>\n<div id=\"attachment_350\" style=\"width: 190px\" class=\"wp-caption alignleft\"><a href=\"http:\/\/lag.bassinminier62.org\/site\/wp-content\/uploads\/2012\/09\/duodesfalaises.jpg\"><img loading=\"lazy\" decoding=\"async\" aria-describedby=\"caption-attachment-350\" class=\"size-full wp-image-350\" title=\"duodesfalaises\" src=\"http:\/\/lag.bassinminier62.org\/site\/wp-content\/uploads\/2012\/09\/duodesfalaises.jpg\" alt=\"Le Duo des falaises\" width=\"180\" height=\"213\" \/><\/a><p id=\"caption-attachment-350\" class=\"wp-caption-text\">Le Duo des falaises<\/p><\/div>\n<dl id=\"attachment_351\" class=\"wp-caption alignright\" style=\"width: 310px;\">\n<dt class=\"wp-caption-dt\"><\/dt>\n<\/dl>\n<p>\u00a0<a href=\"http:\/\/lag.bassinminier62.org\/site\/wp-content\/uploads\/2012\/09\/duodesfalaises-02.jpg\"><img loading=\"lazy\" decoding=\"async\" class=\"size-medium wp-image-351\" title=\"duodesfalaises-02\" src=\"http:\/\/lag.bassinminier62.org\/site\/wp-content\/uploads\/2012\/09\/duodesfalaises-02-300x300.jpg\" alt=\"\" width=\"300\" height=\"300\" srcset=\"https:\/\/www.lelag.fr\/site\/wp-content\/uploads\/2012\/09\/duodesfalaises-02-300x300.jpg 300w, https:\/\/www.lelag.fr\/site\/wp-content\/uploads\/2012\/09\/duodesfalaises-02-150x150.jpg 150w, https:\/\/www.lelag.fr\/site\/wp-content\/uploads\/2012\/09\/duodesfalaises-02.jpg 403w\" sizes=\"auto, (max-width: 300px) 100vw, 300px\" \/><\/a><\/p>\n<p>&nbsp;<\/p>\n<p><a href=\"http:\/\/lag.bassinminier62.org\/site\/wp-content\/uploads\/2012\/09\/duodesfalaises-01.jpg\"><img loading=\"lazy\" decoding=\"async\" class=\"aligncenter size-medium wp-image-353\" title=\"duodesfalaises-01\" src=\"http:\/\/lag.bassinminier62.org\/site\/wp-content\/uploads\/2012\/09\/duodesfalaises-01-300x168.jpg\" alt=\"\" width=\"300\" height=\"168\" srcset=\"https:\/\/www.lelag.fr\/site\/wp-content\/uploads\/2012\/09\/duodesfalaises-01-300x168.jpg 300w, https:\/\/www.lelag.fr\/site\/wp-content\/uploads\/2012\/09\/duodesfalaises-01.jpg 960w\" sizes=\"auto, (max-width: 300px) 100vw, 300px\" \/><\/a><\/p>\n<p><a href=\"http:\/\/lag.bassinminier62.org\/site\/wp-content\/uploads\/2012\/09\/duodesfalaises-03.jpg\"><img loading=\"lazy\" decoding=\"async\" class=\"alignleft size-full wp-image-354\" title=\"duodesfalaises-03\" src=\"http:\/\/lag.bassinminier62.org\/site\/wp-content\/uploads\/2012\/09\/duodesfalaises-03.jpg\" alt=\"\" width=\"403\" height=\"403\" srcset=\"https:\/\/www.lelag.fr\/site\/wp-content\/uploads\/2012\/09\/duodesfalaises-03.jpg 403w, https:\/\/www.lelag.fr\/site\/wp-content\/uploads\/2012\/09\/duodesfalaises-03-150x150.jpg 150w, https:\/\/www.lelag.fr\/site\/wp-content\/uploads\/2012\/09\/duodesfalaises-03-300x300.jpg 300w\" sizes=\"auto, (max-width: 403px) 100vw, 403px\" \/><\/a><\/p>\n<p><a href=\"http:\/\/lag.bassinminier62.org\/site\/wp-content\/uploads\/2012\/09\/duodesfalaises-05.jpg\"><img loading=\"lazy\" decoding=\"async\" class=\"alignright size-full wp-image-355\" title=\"duodesfalaises-05\" src=\"http:\/\/lag.bassinminier62.org\/site\/wp-content\/uploads\/2012\/09\/duodesfalaises-05.jpg\" alt=\"\" width=\"403\" height=\"403\" srcset=\"https:\/\/www.lelag.fr\/site\/wp-content\/uploads\/2012\/09\/duodesfalaises-05.jpg 403w, https:\/\/www.lelag.fr\/site\/wp-content\/uploads\/2012\/09\/duodesfalaises-05-150x150.jpg 150w, https:\/\/www.lelag.fr\/site\/wp-content\/uploads\/2012\/09\/duodesfalaises-05-300x300.jpg 300w\" sizes=\"auto, (max-width: 403px) 100vw, 403px\" \/><\/a><\/p>\n","protected":false},"excerpt":{"rendered":"<p>Ce sont deux sympathiques ami-es, musicien-ne, po\u00e8te, plasticienne, qui nous font le plaisir d&rsquo;animer notre soir\u00e9e d&rsquo;inauguration, le 20 octobre 2012. Caroline est plasticienne, et \u00e0 pr\u00e9sent, elle ajoute la musique \u00e0 ses autres qualit\u00e9s artistiques. C\u2019est avec Laurent Briet &hellip; <a href=\"https:\/\/www.lelag.fr\/site\/le-duo-des-falaises\/\">Continuer la lecture <span class=\"meta-nav\">&rarr;<\/span><\/a><\/p>\n","protected":false},"author":1,"featured_media":0,"comment_status":"closed","ping_status":"open","sticky":false,"template":"","format":"standard","meta":{"footnotes":""},"categories":[3],"tags":[],"class_list":["post-343","post","type-post","status-publish","format-standard","hentry","category-au-lag"],"_links":{"self":[{"href":"https:\/\/www.lelag.fr\/site\/wp-json\/wp\/v2\/posts\/343","targetHints":{"allow":["GET"]}}],"collection":[{"href":"https:\/\/www.lelag.fr\/site\/wp-json\/wp\/v2\/posts"}],"about":[{"href":"https:\/\/www.lelag.fr\/site\/wp-json\/wp\/v2\/types\/post"}],"author":[{"embeddable":true,"href":"https:\/\/www.lelag.fr\/site\/wp-json\/wp\/v2\/users\/1"}],"replies":[{"embeddable":true,"href":"https:\/\/www.lelag.fr\/site\/wp-json\/wp\/v2\/comments?post=343"}],"version-history":[{"count":11,"href":"https:\/\/www.lelag.fr\/site\/wp-json\/wp\/v2\/posts\/343\/revisions"}],"predecessor-version":[{"id":358,"href":"https:\/\/www.lelag.fr\/site\/wp-json\/wp\/v2\/posts\/343\/revisions\/358"}],"wp:attachment":[{"href":"https:\/\/www.lelag.fr\/site\/wp-json\/wp\/v2\/media?parent=343"}],"wp:term":[{"taxonomy":"category","embeddable":true,"href":"https:\/\/www.lelag.fr\/site\/wp-json\/wp\/v2\/categories?post=343"},{"taxonomy":"post_tag","embeddable":true,"href":"https:\/\/www.lelag.fr\/site\/wp-json\/wp\/v2\/tags?post=343"}],"curies":[{"name":"wp","href":"https:\/\/api.w.org\/{rel}","templated":true}]}}