{"id":3286,"date":"2016-03-05T17:26:37","date_gmt":"2016-03-05T16:26:37","guid":{"rendered":"http:\/\/www.lelag.fr\/site\/?p=3286"},"modified":"2016-03-06T12:14:41","modified_gmt":"2016-03-06T11:14:41","slug":"realisation-de-produits-cosmeto","status":"publish","type":"post","link":"https:\/\/www.lelag.fr\/site\/realisation-de-produits-cosmeto\/","title":{"rendered":"R\u00e9alisation de produits cosm\u00e9to"},"content":{"rendered":"<p>Il s&rsquo;agit d&rsquo;un atelier <a href=\"http:\/\/www.lelag.fr\/site\/nos-projets\/fais-le-toi-meme-les-ateliers-de-lemancipation-anti-conso\/\">Fais le toi m\u00eame : les ateliers de l&rsquo;\u00e9mancipation anti-conso<\/a>. Cet atelier a \u00e9t\u00e9 r\u00e9alis\u00e9 en f\u00e9vrier 2016.<\/p>\n<p><strong>En bas de cette page, quelques recettes des produits r\u00e9alis\u00e9s lors de cet atelier.<\/strong><\/p>\n<h2><strong>Le mat\u00e9riel<\/strong><\/h2>\n<ul>\n<li>gants de m\u00e9nage et lunettes de protection : de soleil par exemple -&gt; ce sera n\u00e9cessaire pour une \u00e9tape de la fabrication du savon<\/li>\n<li>grand saladier <strong>en verre<\/strong> et bol<\/li>\n<li>balance de m\u00e9nage, verre doseur, fouet<\/li>\n<li>un mixeur plongeant<\/li>\n<\/ul>\n<p><strong>Et pour les contenants :<\/strong><\/p>\n<ul>\n<li>brique (type t\u00e9trapack) de lait ou de jus de fruits vide<\/li>\n<li>petits pots en verre avec couvercle (25 ou 50ml : pour cr\u00e8me et dentifrice)<\/li>\n<li>flacons vides (50cl, 75cl et\/ou 1l -&gt; pour shampoing et lait d\u00e9maquillant)<\/li>\n<\/ul>\n<p>Et avant tout, quelques conseils, glan\u00e9s \u00e0 l&rsquo;issue de cet atelier :<\/p>\n<h2><strong>Avant de d\u00e9mouler les savons, il faudra :<br \/>\n<\/strong><\/h2>\n<ul>\n<li>Mettre des gants : il vaut mieux attendre la fin du \u00ab\u00a0curage\u00a0\u00bb (s\u00e9chage) pour toucher les savons \u00e0 mains nues, ou alors toucher vite et bieeeen se rincer les mains apr\u00e8s.<\/li>\n<li>V\u00e9rifier si la saponification s&rsquo;est bien pass\u00e9e en surveillant les \u00e9ventuelles anomalies :\n<ul>\n<li>Si les savons suintent de l&rsquo;huile en surface, ou bien si on voit des bulles contenant un liquide aqueux ou des cristaux blancs&#8230; c&rsquo;est rat\u00e9 ! Le m\u00e9lange a \u00e9t\u00e9 mal fait, ou bien la temp\u00e9rature \u00e9tait trop chaude au moment du m\u00e9lange. Dans ce cas, les savons resteront tr\u00e8s agressifs (caustiques) et on ne pourra pas les utiliser. Ils ne sont pas r\u00e9cup\u00e9rables, il faut les jeter.<\/li>\n<li>On pourra faire une v\u00e9rification suppl\u00e9mentaire apr\u00e8s les 6 semaines de curage : on coupe un savon, et s&rsquo;il y a des morceaux ou des genres de grumeaux blancs \u00e0 l&rsquo;int\u00e9rieur, c&rsquo;est de la soude mal m\u00e9lang\u00e9e, le savon est caustique et il faut le jeter.<\/li>\n<\/ul>\n<\/li>\n<\/ul>\n<p>Mais bon, nos petits savons avaient l&rsquo;air tr\u00e8s lisses et bien partis, \u00e7a serait \u00e9tonnant qu&rsquo;il y ait un souci&#8230; n\u00e9anmoins ce sont des informations utiles \u00e0 conna\u00eetre, en particulier si vous voulez en refaire chez vous.<\/p>\n<p>En revanche, il est possible qu&rsquo;il se forme, avant le d\u00e9moulage ou apr\u00e8s, une l\u00e9g\u00e8re couche d&rsquo;une substance couleur de cendre en surface&#8230; c&rsquo;est tout \u00e0 fait <em>normal et sans danger<\/em>. C&rsquo;est de la cendre de soude, inactive et inoffensive, qui part \u00e0 la premi\u00e8re utilisation du savon. On peut l&rsquo;\u00e9viter en vaporisant le savon d&rsquo;alcool isopropylique, ou en filmant les moules de savons avec du cellophane: dans ce cas il faut attendre un ou deux jours de plus pour d\u00e9mouler&#8230;<\/p>\n<p>Et vous avez la patience, vous ? \ud83d\ude42<\/p>\n<p>S&rsquo;il n&rsquo;y a pas cette pellicule quand vous d\u00e9moulerez et que vous ne voulez pas qu&rsquo;elle risque d&rsquo;appara\u00eetre ensuite, recouvrez les savons d\u00e9moul\u00e9s de cellofrais pendant deux jours avant de les laisser s\u00e9cher \u00e0 l&rsquo;air libre.<br \/>\nMais en fait <em>on s&rsquo;en fout un peu,<\/em> \u00e7a donne juste un petit aspect \u00ab\u00a0farineux\u00a0\u00bb au savon avant la premi\u00e8re utilisation et \u00e7a n&rsquo;enl\u00e8ve rien \u00e0 ses qualit\u00e9s.<\/p>\n<h2><strong>Pour d\u00e9mouler :<\/strong><\/h2>\n<ul>\n<li>le mieux est de d\u00e9mouler les savons sur du papier sulfuris\u00e9, sur lequel on les laissera curer (s\u00e9cher et parfaire la saponification) 6 semaines \u00e0 l&rsquo;abri de la lumi\u00e8re, en les retournant au bout de 15 jours.<\/li>\n<li>au d\u00e9moulage, le savon ne sera pas tout \u00e0 fait dur encore : pour faciliter le d\u00e9moulage des savons dans les petits moules de silicone sans les ab\u00eemer, on peut mettre les moules 1\/2 h au cong\u00e9lateur, ensuite on les passe \u00e0 l&rsquo;envers rapidement sous l&rsquo;eau chaude et plouf, \u00e7a se d\u00e9moule tout seul :).<\/li>\n<\/ul>\n<h2><strong>Les recettes<\/strong><\/h2>\n<p><strong>Note<\/strong> : ces recettes sont imprim\u00e9es dans un classeur, disponible dans la biblioth\u00e8que du LAG.<\/p>\n<p><a href=\"http:\/\/www.lelag.fr\/site\/wp-content\/uploads\/2016\/03\/20160221-AteliersFaisLeToiMeme.pdf\" rel=\"\">Vous pouvez \u00e9galement t\u00e9l\u00e9charger le cahier de l&rsquo;ensemble de ces recettes.<\/a><\/p>\n<p><strong>Vous pouvez cliquer sur chaque image, pour agrandissement.<\/strong><\/p>\n<div id=\"attachment_3290\" style=\"width: 229px\" class=\"wp-caption aligncenter\"><a href=\"http:\/\/www.lelag.fr\/site\/wp-content\/uploads\/2016\/03\/LaitDemaquillantAmandeDouce.png\" rel=\"attachment wp-att-3290\"><img loading=\"lazy\" decoding=\"async\" aria-describedby=\"caption-attachment-3290\" class=\"size-medium wp-image-3290\" src=\"http:\/\/www.lelag.fr\/site\/wp-content\/uploads\/2016\/03\/LaitDemaquillantAmandeDouce-219x300.png\" alt=\"Lait d\u00e9maquillant amande douce\" width=\"219\" height=\"300\" srcset=\"https:\/\/www.lelag.fr\/site\/wp-content\/uploads\/2016\/03\/LaitDemaquillantAmandeDouce-219x300.png 219w, https:\/\/www.lelag.fr\/site\/wp-content\/uploads\/2016\/03\/LaitDemaquillantAmandeDouce.png 596w\" sizes=\"auto, (max-width: 219px) 100vw, 219px\" \/><\/a><p id=\"caption-attachment-3290\" class=\"wp-caption-text\">Lait d\u00e9maquillant amande douce<\/p><\/div>\n<div id=\"attachment_3291\" style=\"width: 225px\" class=\"wp-caption aligncenter\"><a href=\"http:\/\/www.lelag.fr\/site\/wp-content\/uploads\/2016\/03\/CremeHydratanteAvocatMiel.png\" rel=\"attachment wp-att-3291\"><img loading=\"lazy\" decoding=\"async\" aria-describedby=\"caption-attachment-3291\" class=\"size-medium wp-image-3291\" src=\"http:\/\/www.lelag.fr\/site\/wp-content\/uploads\/2016\/03\/CremeHydratanteAvocatMiel-215x300.png\" alt=\"Cr\u00eame hydratante avocat miel\" width=\"215\" height=\"300\" srcset=\"https:\/\/www.lelag.fr\/site\/wp-content\/uploads\/2016\/03\/CremeHydratanteAvocatMiel-215x300.png 215w, https:\/\/www.lelag.fr\/site\/wp-content\/uploads\/2016\/03\/CremeHydratanteAvocatMiel.png 590w\" sizes=\"auto, (max-width: 215px) 100vw, 215px\" \/><\/a><p id=\"caption-attachment-3291\" class=\"wp-caption-text\">Cr\u00eame hydratante avocat miel<\/p><\/div>\n<div id=\"attachment_3292\" style=\"width: 226px\" class=\"wp-caption aligncenter\"><a href=\"http:\/\/www.lelag.fr\/site\/wp-content\/uploads\/2016\/03\/DentifriceFraicheur.png\" rel=\"attachment wp-att-3292\"><img loading=\"lazy\" decoding=\"async\" aria-describedby=\"caption-attachment-3292\" class=\"size-medium wp-image-3292\" src=\"http:\/\/www.lelag.fr\/site\/wp-content\/uploads\/2016\/03\/DentifriceFraicheur-216x300.png\" alt=\"Dentifrice fra\u00eecheur\" width=\"216\" height=\"300\" srcset=\"https:\/\/www.lelag.fr\/site\/wp-content\/uploads\/2016\/03\/DentifriceFraicheur-216x300.png 216w, https:\/\/www.lelag.fr\/site\/wp-content\/uploads\/2016\/03\/DentifriceFraicheur.png 591w\" sizes=\"auto, (max-width: 216px) 100vw, 216px\" \/><\/a><p id=\"caption-attachment-3292\" class=\"wp-caption-text\">Dentifrice fra\u00eecheur<\/p><\/div>\n<div id=\"attachment_3293\" style=\"width: 225px\" class=\"wp-caption aligncenter\"><a href=\"http:\/\/www.lelag.fr\/site\/wp-content\/uploads\/2016\/03\/BainDeBouchePurifiant.png\" rel=\"attachment wp-att-3293\"><img loading=\"lazy\" decoding=\"async\" aria-describedby=\"caption-attachment-3293\" class=\"size-medium wp-image-3293\" src=\"http:\/\/www.lelag.fr\/site\/wp-content\/uploads\/2016\/03\/BainDeBouchePurifiant-215x300.png\" alt=\"Bain de bouche purifiant\" width=\"215\" height=\"300\" srcset=\"https:\/\/www.lelag.fr\/site\/wp-content\/uploads\/2016\/03\/BainDeBouchePurifiant-215x300.png 215w, https:\/\/www.lelag.fr\/site\/wp-content\/uploads\/2016\/03\/BainDeBouchePurifiant.png 591w\" sizes=\"auto, (max-width: 215px) 100vw, 215px\" \/><\/a><p id=\"caption-attachment-3293\" class=\"wp-caption-text\">Bain de bouche purifiant<\/p><\/div>\n<div id=\"attachment_3295\" style=\"width: 225px\" class=\"wp-caption aligncenter\"><a href=\"http:\/\/www.lelag.fr\/site\/wp-content\/uploads\/2016\/03\/LeSavonNaturel.png\" rel=\"attachment wp-att-3295\"><img loading=\"lazy\" decoding=\"async\" aria-describedby=\"caption-attachment-3295\" class=\"size-medium wp-image-3295\" src=\"http:\/\/www.lelag.fr\/site\/wp-content\/uploads\/2016\/03\/LeSavonNaturel-215x300.png\" alt=\"Le savon naturel\" width=\"215\" height=\"300\" srcset=\"https:\/\/www.lelag.fr\/site\/wp-content\/uploads\/2016\/03\/LeSavonNaturel-215x300.png 215w, https:\/\/www.lelag.fr\/site\/wp-content\/uploads\/2016\/03\/LeSavonNaturel.png 590w\" sizes=\"auto, (max-width: 215px) 100vw, 215px\" \/><\/a><p id=\"caption-attachment-3295\" class=\"wp-caption-text\">Le savon naturel<\/p><\/div>\n<div id=\"attachment_3313\" style=\"width: 225px\" class=\"wp-caption aligncenter\"><a href=\"http:\/\/www.lelag.fr\/site\/wp-content\/uploads\/2016\/03\/GelDoucheLaurier.png\" rel=\"attachment wp-att-3313\"><img loading=\"lazy\" decoding=\"async\" aria-describedby=\"caption-attachment-3313\" class=\"size-medium wp-image-3313\" src=\"http:\/\/www.lelag.fr\/site\/wp-content\/uploads\/2016\/03\/GelDoucheLaurier-215x300.png\" alt=\"Gel douche laurier\" width=\"215\" height=\"300\" srcset=\"https:\/\/www.lelag.fr\/site\/wp-content\/uploads\/2016\/03\/GelDoucheLaurier-215x300.png 215w, https:\/\/www.lelag.fr\/site\/wp-content\/uploads\/2016\/03\/GelDoucheLaurier.png 590w\" sizes=\"auto, (max-width: 215px) 100vw, 215px\" \/><\/a><p id=\"caption-attachment-3313\" class=\"wp-caption-text\">Gel douche laurier<\/p><\/div>\n<div id=\"attachment_3296\" style=\"width: 227px\" class=\"wp-caption aligncenter\"><a href=\"http:\/\/www.lelag.fr\/site\/wp-content\/uploads\/2016\/03\/ShampoingBelleBrunette.png\" rel=\"attachment wp-att-3296\"><img loading=\"lazy\" decoding=\"async\" aria-describedby=\"caption-attachment-3296\" class=\"size-medium wp-image-3296\" src=\"http:\/\/www.lelag.fr\/site\/wp-content\/uploads\/2016\/03\/ShampoingBelleBrunette-217x300.png\" alt=\"Shampoing &quot;Belle brunette&quot;\" width=\"217\" height=\"300\" srcset=\"https:\/\/www.lelag.fr\/site\/wp-content\/uploads\/2016\/03\/ShampoingBelleBrunette-217x300.png 217w, https:\/\/www.lelag.fr\/site\/wp-content\/uploads\/2016\/03\/ShampoingBelleBrunette.png 591w\" sizes=\"auto, (max-width: 217px) 100vw, 217px\" \/><\/a><p id=\"caption-attachment-3296\" class=\"wp-caption-text\">Shampoing \u00ab\u00a0Belle brunette\u00a0\u00bb<\/p><\/div>\n<div id=\"attachment_3314\" style=\"width: 226px\" class=\"wp-caption aligncenter\"><a href=\"http:\/\/www.lelag.fr\/site\/wp-content\/uploads\/2016\/03\/ShampoingRefletsCheveuxBlonds.png\" rel=\"attachment wp-att-3314\"><img loading=\"lazy\" decoding=\"async\" aria-describedby=\"caption-attachment-3314\" class=\"size-medium wp-image-3314\" src=\"http:\/\/www.lelag.fr\/site\/wp-content\/uploads\/2016\/03\/ShampoingRefletsCheveuxBlonds-216x300.png\" alt=\"Shampoing reflets cheveux blonds\" width=\"216\" height=\"300\" srcset=\"https:\/\/www.lelag.fr\/site\/wp-content\/uploads\/2016\/03\/ShampoingRefletsCheveuxBlonds-216x300.png 216w, https:\/\/www.lelag.fr\/site\/wp-content\/uploads\/2016\/03\/ShampoingRefletsCheveuxBlonds.png 591w\" sizes=\"auto, (max-width: 216px) 100vw, 216px\" \/><\/a><p id=\"caption-attachment-3314\" class=\"wp-caption-text\">Shampoing reflets cheveux blonds<\/p><\/div>\n<div id=\"attachment_3297\" style=\"width: 225px\" class=\"wp-caption aligncenter\"><a href=\"http:\/\/www.lelag.fr\/site\/wp-content\/uploads\/2016\/03\/PoudreBonneMine.png\" rel=\"attachment wp-att-3297\"><img loading=\"lazy\" decoding=\"async\" aria-describedby=\"caption-attachment-3297\" class=\"size-medium wp-image-3297\" src=\"http:\/\/www.lelag.fr\/site\/wp-content\/uploads\/2016\/03\/PoudreBonneMine-215x300.png\" alt=\"Poudre &quot;Bonne mine&quot;\" width=\"215\" height=\"300\" srcset=\"https:\/\/www.lelag.fr\/site\/wp-content\/uploads\/2016\/03\/PoudreBonneMine-215x300.png 215w, https:\/\/www.lelag.fr\/site\/wp-content\/uploads\/2016\/03\/PoudreBonneMine.png 590w\" sizes=\"auto, (max-width: 215px) 100vw, 215px\" \/><\/a><p id=\"caption-attachment-3297\" class=\"wp-caption-text\">Poudre \u00ab\u00a0Bonne mine\u00a0\u00bb<\/p><\/div>\n","protected":false},"excerpt":{"rendered":"<p>Il s&rsquo;agit d&rsquo;un atelier Fais le toi m\u00eame : les ateliers de l&rsquo;\u00e9mancipation anti-conso. Cet atelier a \u00e9t\u00e9 r\u00e9alis\u00e9 en f\u00e9vrier 2016. En bas de cette page, quelques recettes des produits r\u00e9alis\u00e9s lors de cet atelier. Le mat\u00e9riel gants de &hellip; <a href=\"https:\/\/www.lelag.fr\/site\/realisation-de-produits-cosmeto\/\">Continuer la lecture <span class=\"meta-nav\">&rarr;<\/span><\/a><\/p>\n","protected":false},"author":2,"featured_media":0,"comment_status":"closed","ping_status":"closed","sticky":false,"template":"","format":"standard","meta":{"footnotes":""},"categories":[3],"tags":[],"class_list":["post-3286","post","type-post","status-publish","format-standard","hentry","category-au-lag"],"_links":{"self":[{"href":"https:\/\/www.lelag.fr\/site\/wp-json\/wp\/v2\/posts\/3286","targetHints":{"allow":["GET"]}}],"collection":[{"href":"https:\/\/www.lelag.fr\/site\/wp-json\/wp\/v2\/posts"}],"about":[{"href":"https:\/\/www.lelag.fr\/site\/wp-json\/wp\/v2\/types\/post"}],"author":[{"embeddable":true,"href":"https:\/\/www.lelag.fr\/site\/wp-json\/wp\/v2\/users\/2"}],"replies":[{"embeddable":true,"href":"https:\/\/www.lelag.fr\/site\/wp-json\/wp\/v2\/comments?post=3286"}],"version-history":[{"count":17,"href":"https:\/\/www.lelag.fr\/site\/wp-json\/wp\/v2\/posts\/3286\/revisions"}],"predecessor-version":[{"id":3324,"href":"https:\/\/www.lelag.fr\/site\/wp-json\/wp\/v2\/posts\/3286\/revisions\/3324"}],"wp:attachment":[{"href":"https:\/\/www.lelag.fr\/site\/wp-json\/wp\/v2\/media?parent=3286"}],"wp:term":[{"taxonomy":"category","embeddable":true,"href":"https:\/\/www.lelag.fr\/site\/wp-json\/wp\/v2\/categories?post=3286"},{"taxonomy":"post_tag","embeddable":true,"href":"https:\/\/www.lelag.fr\/site\/wp-json\/wp\/v2\/tags?post=3286"}],"curies":[{"name":"wp","href":"https:\/\/api.w.org\/{rel}","templated":true}]}}