{"id":3184,"date":"2019-02-25T15:00:59","date_gmt":"2019-02-25T14:00:59","guid":{"rendered":"http:\/\/www.lelag.fr\/site\/?p=3184"},"modified":"2026-04-10T23:49:32","modified_gmt":"2026-04-10T21:49:32","slug":"babines-rebelles","status":"publish","type":"post","link":"https:\/\/www.lelag.fr\/site\/babines-rebelles\/","title":{"rendered":"Babines rebelles"},"content":{"rendered":"<p><strong>Babines rebelles<\/strong>, c&rsquo;est le repas de cl\u00f4ture, le samedi 4 avril 2020, \u00e0 20h00, du festival Bobines rebelles. Repas convivial, repas rebelle, c&rsquo;est \u00e9galement un repas gastronomique qui a acquis ses lettres de noblesse depuis sa premi\u00e8re \u00e9dition, en 2013.<\/p>\n<p>Fid\u00e8le aux principes du LAG, Babines rebelles est propos\u00e9 \u00e0 <a href=\"http:\/\/www.lelag.fr\/site\/le-lag\/fonctionnement-charte-du-lag\/le-prix-libre\/\">prix libre<\/a>. Il est cependant indispensable de s&rsquo;inscrire, pour nous permettre de le pr\u00e9parer au mieux. C&rsquo;est l&rsquo;objet du <strong>formulaire d&rsquo;inscription ci-dessous, \u00e0 renseigner sans tarder.<\/strong><\/p>\n<p>&nbsp;<\/p>\n<div id=\"attachment_3186\" style=\"width: 310px\" class=\"wp-caption aligncenter\"><a href=\"http:\/\/www.lelag.fr\/site\/wp-content\/uploads\/2016\/02\/BabinesRebelles.jpg\" rel=\"attachment wp-att-3186\"><img loading=\"lazy\" decoding=\"async\" aria-describedby=\"caption-attachment-3186\" class=\"size-medium wp-image-3186\" src=\"http:\/\/www.lelag.fr\/site\/wp-content\/uploads\/2016\/02\/BabinesRebelles-300x200.jpg\" alt=\"Babines rebelles : \u00e7a se pr\u00e9pare...\" width=\"300\" height=\"200\" srcset=\"https:\/\/www.lelag.fr\/site\/wp-content\/uploads\/2016\/02\/BabinesRebelles-300x200.jpg 300w, https:\/\/www.lelag.fr\/site\/wp-content\/uploads\/2016\/02\/BabinesRebelles-768x512.jpg 768w, https:\/\/www.lelag.fr\/site\/wp-content\/uploads\/2016\/02\/BabinesRebelles-1024x682.jpg 1024w, https:\/\/www.lelag.fr\/site\/wp-content\/uploads\/2016\/02\/BabinesRebelles.jpg 1037w\" sizes=\"auto, (max-width: 300px) 100vw, 300px\" \/><\/a><p id=\"caption-attachment-3186\" class=\"wp-caption-text\">Babines rebelles : \u00e7a se pr\u00e9pare&#8230;<\/p><\/div>\n<p>&nbsp;<\/p>\n","protected":false},"excerpt":{"rendered":"<p>Babines rebelles, c&rsquo;est le repas de cl\u00f4ture, le samedi 4 avril 2020, \u00e0 20h00, du festival Bobines rebelles. Repas convivial, repas rebelle, c&rsquo;est \u00e9galement un repas gastronomique qui a acquis ses lettres de noblesse depuis sa premi\u00e8re \u00e9dition, en 2013. &hellip; <a href=\"https:\/\/www.lelag.fr\/site\/babines-rebelles\/\">Continuer la lecture <span class=\"meta-nav\">&rarr;<\/span><\/a><\/p>\n","protected":false},"author":1,"featured_media":0,"comment_status":"closed","ping_status":"closed","sticky":false,"template":"","format":"standard","meta":{"footnotes":""},"categories":[3],"tags":[],"class_list":["post-3184","post","type-post","status-publish","format-standard","hentry","category-au-lag"],"_links":{"self":[{"href":"https:\/\/www.lelag.fr\/site\/wp-json\/wp\/v2\/posts\/3184","targetHints":{"allow":["GET"]}}],"collection":[{"href":"https:\/\/www.lelag.fr\/site\/wp-json\/wp\/v2\/posts"}],"about":[{"href":"https:\/\/www.lelag.fr\/site\/wp-json\/wp\/v2\/types\/post"}],"author":[{"embeddable":true,"href":"https:\/\/www.lelag.fr\/site\/wp-json\/wp\/v2\/users\/1"}],"replies":[{"embeddable":true,"href":"https:\/\/www.lelag.fr\/site\/wp-json\/wp\/v2\/comments?post=3184"}],"version-history":[{"count":17,"href":"https:\/\/www.lelag.fr\/site\/wp-json\/wp\/v2\/posts\/3184\/revisions"}],"predecessor-version":[{"id":7605,"href":"https:\/\/www.lelag.fr\/site\/wp-json\/wp\/v2\/posts\/3184\/revisions\/7605"}],"wp:attachment":[{"href":"https:\/\/www.lelag.fr\/site\/wp-json\/wp\/v2\/media?parent=3184"}],"wp:term":[{"taxonomy":"category","embeddable":true,"href":"https:\/\/www.lelag.fr\/site\/wp-json\/wp\/v2\/categories?post=3184"},{"taxonomy":"post_tag","embeddable":true,"href":"https:\/\/www.lelag.fr\/site\/wp-json\/wp\/v2\/tags?post=3184"}],"curies":[{"name":"wp","href":"https:\/\/api.w.org\/{rel}","templated":true}]}}