{"id":3170,"date":"2016-02-06T17:18:26","date_gmt":"2016-02-06T16:18:26","guid":{"rendered":"http:\/\/www.lelag.fr\/site\/?p=3170"},"modified":"2016-02-06T17:25:02","modified_gmt":"2016-02-06T16:25:02","slug":"liquidation-totale","status":"publish","type":"post","link":"https:\/\/www.lelag.fr\/site\/liquidation-totale\/","title":{"rendered":"Liquidation totale"},"content":{"rendered":"<p><strong>Programmation au LAG durant le<\/strong> <a href=\"http:\/\/www.lelag.fr\/site\/cinema\/bobines-rebelles\/bobines-rebelles-2016\/\">festival Bobines rebelles 2016<\/a>, <strong>le samedi 2 avril 2016, \u00e0 18h00.<\/strong><\/p>\n<p><strong>Un film de H\u00e9l\u00e8ne Desplanques \u2013 2009 \u2013 France \u2013 52 minutes<\/strong><\/p>\n<p><strong>En pr\u00e9sence de H\u00e9l\u00e8ne Desplanques, et d&rsquo;ouvri\u00e8res de Samsonite<\/strong><\/p>\n<h2>R\u00e9sum\u00e9<\/h2>\n<p>\u00ab\u00a0Pendant vingt ans, Samsonite a fabriqu\u00e9 des bagages \u00e0 H\u00e9nin-Beaumont, dans le Pas-de-Calais. En 2005, le groupe am\u00e9ricain d\u00e9cide de fermer son unique site fran\u00e7ais, mais pr\u00e9sente aux salari\u00e9s des repreneurs qui offrent une reconversion prometteuse dans la fabrication de panneaux solaires. Dix-huit mois plus tard, pas un panneau n&rsquo;a \u00e9t\u00e9 fabriqu\u00e9, l\u2019usine d\u00e9pose le bilan&#8230; Les ouvri\u00e8res d\u00e9noncent une machination juridico-financi\u00e8re. Elles refusent de baisser les bras et font appel \u00e0 un avocat, Fiodor Rilov. Fiodor Rilov n&rsquo;en est pas \u00e0 sa premi\u00e8re affaire du genre. Une longue bataille judiciaire commence&#8230; Elle va s&rsquo;av\u00e9rer d\u00e9terminante pour les \u00ab\u00a0ex-Samsonite\u00a0\u00bb, pour Fiodor Rilov, pour le droit du travail en g\u00e9n\u00e9ral. C&rsquo;est une histoire de ma r\u00e9gion, une histoire de travailleurs et de sueurs vol\u00e9es. C\u2019est aussi une histoire d\u2019ailleurs, une histoire de calculs fous qui font peur. Cela faisait longtemps que j\u2019avais envie de raconter cette histoire, je l\u2019ai enfin rencontr\u00e9e\u00a0\u00bb &#8211; H\u00e9l\u00e8ne Desplanques<\/p>\n<h2>\u00c0 noter<\/h2>\n<p>H\u00e9l\u00e8ne Desplanques et les ouvri\u00e8res de Samsonite sont lanc\u00e9es dans deux nouvelles aventures :<\/p>\n<ul>\n<li>un long m\u00e9trage documentaire qui retrace leur combat sur 10 ans :\u00a0 \u00ab\u00a0I am a Samsonite\u00a0\u00bb.<\/li>\n<li>une pi\u00e8ce de th\u00e9\u00e2tre qui sera jou\u00e9e notamment dans le bassin minier \u00e0 partir de septembre 2016 et qui retrace leur histoire.<\/li>\n<\/ul>\n<div id=\"attachment_3174\" style=\"width: 310px\" class=\"wp-caption aligncenter\"><a href=\"http:\/\/www.lelag.fr\/site\/wp-content\/uploads\/2016\/02\/LiquidationTotale-02.jpg\" rel=\"attachment wp-att-3174\"><img loading=\"lazy\" decoding=\"async\" aria-describedby=\"caption-attachment-3174\" class=\"size-medium wp-image-3174\" src=\"http:\/\/www.lelag.fr\/site\/wp-content\/uploads\/2016\/02\/LiquidationTotale-02-300x232.jpg\" alt=\"Liquidation Totale\" width=\"300\" height=\"232\" srcset=\"https:\/\/www.lelag.fr\/site\/wp-content\/uploads\/2016\/02\/LiquidationTotale-02-300x232.jpg 300w, https:\/\/www.lelag.fr\/site\/wp-content\/uploads\/2016\/02\/LiquidationTotale-02.jpg 450w\" sizes=\"auto, (max-width: 300px) 100vw, 300px\" \/><\/a><p id=\"caption-attachment-3174\" class=\"wp-caption-text\">Liquidation Totale<\/p><\/div>\n<div id=\"attachment_3175\" style=\"width: 310px\" class=\"wp-caption aligncenter\"><a href=\"http:\/\/www.lelag.fr\/site\/wp-content\/uploads\/2016\/02\/LiquidationTotale-01.jpg\" rel=\"attachment wp-att-3175\"><img loading=\"lazy\" decoding=\"async\" aria-describedby=\"caption-attachment-3175\" class=\"size-medium wp-image-3175\" src=\"http:\/\/www.lelag.fr\/site\/wp-content\/uploads\/2016\/02\/LiquidationTotale-01-300x165.jpg\" alt=\"Liquidation Totale\" width=\"300\" height=\"165\" srcset=\"https:\/\/www.lelag.fr\/site\/wp-content\/uploads\/2016\/02\/LiquidationTotale-01-300x165.jpg 300w, https:\/\/www.lelag.fr\/site\/wp-content\/uploads\/2016\/02\/LiquidationTotale-01-768x422.jpg 768w, https:\/\/www.lelag.fr\/site\/wp-content\/uploads\/2016\/02\/LiquidationTotale-01.jpg 1000w\" sizes=\"auto, (max-width: 300px) 100vw, 300px\" \/><\/a><p id=\"caption-attachment-3175\" class=\"wp-caption-text\">Liquidation Totale<\/p><\/div>\n","protected":false},"excerpt":{"rendered":"<p>Programmation au LAG durant le festival Bobines rebelles 2016, le samedi 2 avril 2016, \u00e0 18h00. Un film de H\u00e9l\u00e8ne Desplanques \u2013 2009 \u2013 France \u2013 52 minutes En pr\u00e9sence de H\u00e9l\u00e8ne Desplanques, et d&rsquo;ouvri\u00e8res de Samsonite R\u00e9sum\u00e9 \u00ab\u00a0Pendant vingt &hellip; <a href=\"https:\/\/www.lelag.fr\/site\/liquidation-totale\/\">Continuer la lecture <span class=\"meta-nav\">&rarr;<\/span><\/a><\/p>\n","protected":false},"author":1,"featured_media":0,"comment_status":"closed","ping_status":"closed","sticky":false,"template":"","format":"standard","meta":{"footnotes":""},"categories":[12],"tags":[],"class_list":["post-3170","post","type-post","status-publish","format-standard","hentry","category-bobines-rebelles-2016"],"_links":{"self":[{"href":"https:\/\/www.lelag.fr\/site\/wp-json\/wp\/v2\/posts\/3170","targetHints":{"allow":["GET"]}}],"collection":[{"href":"https:\/\/www.lelag.fr\/site\/wp-json\/wp\/v2\/posts"}],"about":[{"href":"https:\/\/www.lelag.fr\/site\/wp-json\/wp\/v2\/types\/post"}],"author":[{"embeddable":true,"href":"https:\/\/www.lelag.fr\/site\/wp-json\/wp\/v2\/users\/1"}],"replies":[{"embeddable":true,"href":"https:\/\/www.lelag.fr\/site\/wp-json\/wp\/v2\/comments?post=3170"}],"version-history":[{"count":4,"href":"https:\/\/www.lelag.fr\/site\/wp-json\/wp\/v2\/posts\/3170\/revisions"}],"predecessor-version":[{"id":3176,"href":"https:\/\/www.lelag.fr\/site\/wp-json\/wp\/v2\/posts\/3170\/revisions\/3176"}],"wp:attachment":[{"href":"https:\/\/www.lelag.fr\/site\/wp-json\/wp\/v2\/media?parent=3170"}],"wp:term":[{"taxonomy":"category","embeddable":true,"href":"https:\/\/www.lelag.fr\/site\/wp-json\/wp\/v2\/categories?post=3170"},{"taxonomy":"post_tag","embeddable":true,"href":"https:\/\/www.lelag.fr\/site\/wp-json\/wp\/v2\/tags?post=3170"}],"curies":[{"name":"wp","href":"https:\/\/api.w.org\/{rel}","templated":true}]}}