{"id":3166,"date":"2016-02-06T17:07:31","date_gmt":"2016-02-06T16:07:31","guid":{"rendered":"http:\/\/www.lelag.fr\/site\/?p=3166"},"modified":"2016-02-06T17:07:31","modified_gmt":"2016-02-06T16:07:31","slug":"recardo-muntean-rostas","status":"publish","type":"post","link":"https:\/\/www.lelag.fr\/site\/recardo-muntean-rostas\/","title":{"rendered":"Recardo Muntean Rostas"},"content":{"rendered":"<p><strong>Programmation au LAG durant le<\/strong> <a href=\"http:\/\/www.lelag.fr\/site\/cinema\/bobines-rebelles\/bobines-rebelles-2016\/\">festival Bobines rebelles 2016<\/a>, <strong>le samedi 2 avril 2016, \u00e0 16h30.<\/strong><\/p>\n<p><strong>Un film de Stanislas\u00a0Zambeaux \u2013 2010 \u2013 Belgique \u2013 26 minutes<\/strong><\/p>\n<p><strong>En pr\u00e9sence de Stanislas Zambeaux<\/strong><\/p>\n<h2>R\u00e9sum\u00e9<\/h2>\n<p>Recardo, 7 ans, interface malgr\u00e9 lui, tisse des liens entre deux mondes, deux cultures (Rrom et Belge) dans le Bruxelles d&rsquo;aujourd&rsquo;hui. Lui et sa maman ont un \u00e9change \u00e9trange, dans leur petit logement de Bruxelles. Alors qu\u2019ils sont en train de ranger la pi\u00e8ce unique o\u00f9 ils dorment et vivent, elle le consulte sur les d\u00e9cisions importantes \u00e0 prendre. En effet, cette famille rrom est h\u00e9berg\u00e9e mais il faut se nourrir et vivre au quotidien. En l\u2019absence du p\u00e8re, hospitalis\u00e9, le jeune gar\u00e7on semble le r\u00e9f\u00e9rent de sa maman et lui r\u00e9pond tr\u00e8s s\u00e9rieusement.<br \/>\nRecardo est comme tous ces enfants qui assument un r\u00f4le difficile dans l\u2019adversit\u00e9, mais restent gais et joueurs.<br \/>\nEn revanche, lorsqu\u2019il tente de se m\u00ealer aux enfants du parc, ce n\u2019est pas simple\u2026<\/p>\n<div id=\"attachment_3167\" style=\"width: 310px\" class=\"wp-caption aligncenter\"><a href=\"http:\/\/www.lelag.fr\/site\/wp-content\/uploads\/2016\/02\/Recardo-01.jpg\" rel=\"attachment wp-att-3167\"><img loading=\"lazy\" decoding=\"async\" aria-describedby=\"caption-attachment-3167\" class=\"size-medium wp-image-3167\" src=\"http:\/\/www.lelag.fr\/site\/wp-content\/uploads\/2016\/02\/Recardo-01-300x222.jpg\" alt=\"Recardo Muntean Rostas\" width=\"300\" height=\"222\" srcset=\"https:\/\/www.lelag.fr\/site\/wp-content\/uploads\/2016\/02\/Recardo-01-300x222.jpg 300w, https:\/\/www.lelag.fr\/site\/wp-content\/uploads\/2016\/02\/Recardo-01.jpg 650w\" sizes=\"auto, (max-width: 300px) 100vw, 300px\" \/><\/a><p id=\"caption-attachment-3167\" class=\"wp-caption-text\">Recardo Muntean Rostas<\/p><\/div>\n","protected":false},"excerpt":{"rendered":"<p>Programmation au LAG durant le festival Bobines rebelles 2016, le samedi 2 avril 2016, \u00e0 16h30. Un film de Stanislas\u00a0Zambeaux \u2013 2010 \u2013 Belgique \u2013 26 minutes En pr\u00e9sence de Stanislas Zambeaux R\u00e9sum\u00e9 Recardo, 7 ans, interface malgr\u00e9 lui, tisse &hellip; <a href=\"https:\/\/www.lelag.fr\/site\/recardo-muntean-rostas\/\">Continuer la lecture <span class=\"meta-nav\">&rarr;<\/span><\/a><\/p>\n","protected":false},"author":1,"featured_media":0,"comment_status":"closed","ping_status":"closed","sticky":false,"template":"","format":"standard","meta":{"footnotes":""},"categories":[12],"tags":[],"class_list":["post-3166","post","type-post","status-publish","format-standard","hentry","category-bobines-rebelles-2016"],"_links":{"self":[{"href":"https:\/\/www.lelag.fr\/site\/wp-json\/wp\/v2\/posts\/3166","targetHints":{"allow":["GET"]}}],"collection":[{"href":"https:\/\/www.lelag.fr\/site\/wp-json\/wp\/v2\/posts"}],"about":[{"href":"https:\/\/www.lelag.fr\/site\/wp-json\/wp\/v2\/types\/post"}],"author":[{"embeddable":true,"href":"https:\/\/www.lelag.fr\/site\/wp-json\/wp\/v2\/users\/1"}],"replies":[{"embeddable":true,"href":"https:\/\/www.lelag.fr\/site\/wp-json\/wp\/v2\/comments?post=3166"}],"version-history":[{"count":1,"href":"https:\/\/www.lelag.fr\/site\/wp-json\/wp\/v2\/posts\/3166\/revisions"}],"predecessor-version":[{"id":3168,"href":"https:\/\/www.lelag.fr\/site\/wp-json\/wp\/v2\/posts\/3166\/revisions\/3168"}],"wp:attachment":[{"href":"https:\/\/www.lelag.fr\/site\/wp-json\/wp\/v2\/media?parent=3166"}],"wp:term":[{"taxonomy":"category","embeddable":true,"href":"https:\/\/www.lelag.fr\/site\/wp-json\/wp\/v2\/categories?post=3166"},{"taxonomy":"post_tag","embeddable":true,"href":"https:\/\/www.lelag.fr\/site\/wp-json\/wp\/v2\/tags?post=3166"}],"curies":[{"name":"wp","href":"https:\/\/api.w.org\/{rel}","templated":true}]}}