{"id":3159,"date":"2016-02-06T16:55:59","date_gmt":"2016-02-06T15:55:59","guid":{"rendered":"http:\/\/www.lelag.fr\/site\/?p=3159"},"modified":"2016-02-06T16:57:46","modified_gmt":"2016-02-06T15:57:46","slug":"la-foret-sacree","status":"publish","type":"post","link":"https:\/\/www.lelag.fr\/site\/la-foret-sacree\/","title":{"rendered":"La for\u00eat sacr\u00e9e"},"content":{"rendered":"<p><strong>Programmation au LAG durant le<\/strong> <a href=\"http:\/\/www.lelag.fr\/site\/cinema\/bobines-rebelles\/bobines-rebelles-2016\/\">festival Bobines rebelles 2016<\/a>, <strong>le samedi 2 avril 2016, \u00e0 14h00.<\/strong><\/p>\n<p><strong>Un film de Camille Sarret \u2013 2015 \u2013 France \u2013 52 minutes<\/strong><\/p>\n<p><strong>En pr\u00e9sence de Camille Sarret<\/strong><\/p>\n<h2>R\u00e9sum\u00e9<\/h2>\n<p class=\"paragraph_style_5\">Martha Diomand\u00e9 a \u00e9t\u00e9 excis\u00e9e \u00e0 l\u2019\u00e2ge de 8 ans dans la \u00ab\u00a0for\u00eat sacr\u00e9e\u00a0\u00bb. N\u00e9e en C\u00f4te d\u2019Ivoire, fille et petite-fille d\u2019exciseuses, elle ne pouvait y \u00e9chapper.<\/p>\n<p class=\"paragraph_style_5\">Danseuse et chor\u00e9graphe, elle vit aujourd\u2019hui en France, et a d\u00e9cid\u00e9 de prendre le contrepied de cet h\u00e9ritage en s\u2019engageant dans un combat pour convaincre les femmes de son village natal d\u2019abandonner l\u2019excision.<\/p>\n<p class=\"paragraph_style_5\">Un combat social et politique, mais aussi intime et familial.<\/p>\n<p class=\"paragraph_style_5\">Ce documentaire de 52 minutes est le premier film de Camille Sarret, journaliste dipl\u00f4m\u00e9e en sciences politiques, sp\u00e9cialiste des questions de genre, droits des femmes et rapports nord-sud.<\/p>\n<p class=\"paragraph_style_5\">A travers le portrait de Martha Diomand\u00e9, elle propose un regard singulier sur l\u2019excision, ses cons\u00e9quences, et les moyens de militer contre cette pratique qui touche aujourd\u2019hui plus de 125 millions de femmes dans le monde<\/p>\n<h2 class=\"paragraph_style_5\">Commentaire<\/h2>\n<p>Un film tr\u00e8s tr\u00e8s int\u00e9ressant. L&rsquo;attitude, la pens\u00e9e de Martha soul\u00e8ve beaucoup de questions (dans le bon sens), son approche sur la question de l&rsquo;excision (dont elle fut victime) est original et va le sens de la compr\u00e9hension plut\u00f4t qu&rsquo;une confrontation directe. Je suis sortie du film avec beaucoup de questions dans la t\u00eate. La r\u00e9alisatrice a choisi une approche acad\u00e9mique mais cela ne d\u00e9range pas du tout le visionnage, au contraire, par l\u00e9g\u00e8res touches, elle s&rsquo;est m\u00eame laiss\u00e9e aller \u00e0 quelques originalit\u00e9s.<\/p>\n<div id=\"attachment_3161\" style=\"width: 310px\" class=\"wp-caption aligncenter\"><a href=\"http:\/\/www.lelag.fr\/site\/wp-content\/uploads\/2016\/02\/LaForetSacree-01-20.jpg\" rel=\"attachment wp-att-3161\"><img loading=\"lazy\" decoding=\"async\" aria-describedby=\"caption-attachment-3161\" class=\"size-medium wp-image-3161\" src=\"http:\/\/www.lelag.fr\/site\/wp-content\/uploads\/2016\/02\/LaForetSacree-01-20-300x169.jpg\" alt=\"La for\u00eat sacr\u00e9e -  \u00a9 Vivement Lundi ! \/ TVR 35 Bretagne\" width=\"300\" height=\"169\" srcset=\"https:\/\/www.lelag.fr\/site\/wp-content\/uploads\/2016\/02\/LaForetSacree-01-20-300x169.jpg 300w, https:\/\/www.lelag.fr\/site\/wp-content\/uploads\/2016\/02\/LaForetSacree-01-20.jpg 591w\" sizes=\"auto, (max-width: 300px) 100vw, 300px\" \/><\/a><p id=\"caption-attachment-3161\" class=\"wp-caption-text\">La for\u00eat sacr\u00e9e &#8211; \u00a9 Vivement Lundi ! \/ TVR 35 Bretagne<\/p><\/div>\n<div id=\"attachment_3163\" style=\"width: 310px\" class=\"wp-caption aligncenter\"><a href=\"http:\/\/www.lelag.fr\/site\/wp-content\/uploads\/2016\/02\/LaForetSacree-02-20.jpg\" rel=\"attachment wp-att-3163\"><img loading=\"lazy\" decoding=\"async\" aria-describedby=\"caption-attachment-3163\" class=\"size-medium wp-image-3163\" src=\"http:\/\/www.lelag.fr\/site\/wp-content\/uploads\/2016\/02\/LaForetSacree-02-20-300x169.jpg\" alt=\"La for\u00eat sacr\u00e9e -  \u00a9 Vivement Lundi ! \/ TVR 35 Bretagne\" width=\"300\" height=\"169\" srcset=\"https:\/\/www.lelag.fr\/site\/wp-content\/uploads\/2016\/02\/LaForetSacree-02-20-300x169.jpg 300w, https:\/\/www.lelag.fr\/site\/wp-content\/uploads\/2016\/02\/LaForetSacree-02-20.jpg 591w\" sizes=\"auto, (max-width: 300px) 100vw, 300px\" \/><\/a><p id=\"caption-attachment-3163\" class=\"wp-caption-text\">La for\u00eat sacr\u00e9e &#8211; \u00a9 Vivement Lundi ! \/ TVR 35 Bretagne<\/p><\/div>\n","protected":false},"excerpt":{"rendered":"<p>Programmation au LAG durant le festival Bobines rebelles 2016, le samedi 2 avril 2016, \u00e0 14h00. Un film de Camille Sarret \u2013 2015 \u2013 France \u2013 52 minutes En pr\u00e9sence de Camille Sarret R\u00e9sum\u00e9 Martha Diomand\u00e9 a \u00e9t\u00e9 excis\u00e9e \u00e0 &hellip; <a href=\"https:\/\/www.lelag.fr\/site\/la-foret-sacree\/\">Continuer la lecture <span class=\"meta-nav\">&rarr;<\/span><\/a><\/p>\n","protected":false},"author":1,"featured_media":0,"comment_status":"closed","ping_status":"closed","sticky":false,"template":"","format":"standard","meta":{"footnotes":""},"categories":[12],"tags":[],"class_list":["post-3159","post","type-post","status-publish","format-standard","hentry","category-bobines-rebelles-2016"],"_links":{"self":[{"href":"https:\/\/www.lelag.fr\/site\/wp-json\/wp\/v2\/posts\/3159","targetHints":{"allow":["GET"]}}],"collection":[{"href":"https:\/\/www.lelag.fr\/site\/wp-json\/wp\/v2\/posts"}],"about":[{"href":"https:\/\/www.lelag.fr\/site\/wp-json\/wp\/v2\/types\/post"}],"author":[{"embeddable":true,"href":"https:\/\/www.lelag.fr\/site\/wp-json\/wp\/v2\/users\/1"}],"replies":[{"embeddable":true,"href":"https:\/\/www.lelag.fr\/site\/wp-json\/wp\/v2\/comments?post=3159"}],"version-history":[{"count":3,"href":"https:\/\/www.lelag.fr\/site\/wp-json\/wp\/v2\/posts\/3159\/revisions"}],"predecessor-version":[{"id":3164,"href":"https:\/\/www.lelag.fr\/site\/wp-json\/wp\/v2\/posts\/3159\/revisions\/3164"}],"wp:attachment":[{"href":"https:\/\/www.lelag.fr\/site\/wp-json\/wp\/v2\/media?parent=3159"}],"wp:term":[{"taxonomy":"category","embeddable":true,"href":"https:\/\/www.lelag.fr\/site\/wp-json\/wp\/v2\/categories?post=3159"},{"taxonomy":"post_tag","embeddable":true,"href":"https:\/\/www.lelag.fr\/site\/wp-json\/wp\/v2\/tags?post=3159"}],"curies":[{"name":"wp","href":"https:\/\/api.w.org\/{rel}","templated":true}]}}