{"id":3150,"date":"2016-02-06T16:11:39","date_gmt":"2016-02-06T15:11:39","guid":{"rendered":"http:\/\/www.lelag.fr\/site\/?p=3150"},"modified":"2016-02-06T16:39:59","modified_gmt":"2016-02-06T15:39:59","slug":"athome","status":"publish","type":"post","link":"https:\/\/www.lelag.fr\/site\/athome\/","title":{"rendered":"At(h)ome"},"content":{"rendered":"<p><strong>Programmation au LAG durant le<\/strong> <a href=\"http:\/\/www.lelag.fr\/site\/cinema\/bobines-rebelles\/bobines-rebelles-2016\/\">festival Bobines rebelles 2016<\/a>, <strong>le samedi 2 avril 2016, \u00e0 10h30.<\/strong><\/p>\n<p><strong>Un film de \u00c9lisabeth Leuvrey \u2013 2013 \u2013 France \u2013 52 minutes<\/strong><\/p>\n<p><strong>En pr\u00e9sence de \u00c9lisabeth Leuvrey, r\u00e9alisatrice, et <span class=\"mk-caption-desc\">Bruno Hadjih, photographe<\/span><\/strong><\/p>\n<h2>R\u00e9sum\u00e9<\/h2>\n<p>Plus de cinquante ans apr\u00e8s la fin de la guerre, une cin\u00e9aste et un photographe, issus des deux camps du conflit et enfants h\u00e9ritiers de l\u2019histoire coloniale franco-alg\u00e9rienne, nous ram\u00e8nent en 1962 en plein Sahara alg\u00e9rien.<br \/>\nD\u2019une zone d\u00e9sertique irradi\u00e9e aux faubourgs d\u2019Alger, ils suivent le parcours d\u2019une explosion nucl\u00e9aire exp\u00e9rimentale.<br \/>\nDe l\u2019essai \u00e0 l\u2019accident, des retomb\u00e9es environnementales au \u00ab recyclage \u00bb des lieux du pass\u00e9\u2026<br \/>\nLe point de d\u00e9part est historique mais l\u2019histoire cont\u00e9e nous rattrape au pr\u00e9sent et vient nous chercher l\u00e0 o\u00f9 nous sommes \u2013 at home \u2013 pour un face \u00e0 face avec des retomb\u00e9es sans fronti\u00e8re.<\/p>\n<h2>Commentaires<\/h2>\n<p>Le film propose un retour en arri\u00e8re sur un drame nucl\u00e9aire ayant eu lieu dans le Sahara, en 1962, apr\u00e8s une clause secr\u00e8te des Accords d&rsquo;Evian, sign\u00e9e entre La France et l&rsquo;Alg\u00e9rie, permettant \u00e0 la France l&rsquo;exp\u00e9rimentation au Sahara d&rsquo;armes nucl\u00e9aire et chimique. Le film revient ainsi sur l&rsquo;explosion de la bombe \u00ab\u00a0B\u00e9ryl\u00a0\u00bb (4x sup\u00e9rieure en puissance \u00e0 celle d&rsquo;Hiroshima) qui constitue le plus grave essai nucl\u00e9aire manqu\u00e9 dans cette r\u00e9gion du monde.<br \/>\nEn plus du sujet poignant, le film a une tr\u00e8s belle esth\u00e9tique qui se base sur des portraits photographiques des populations irradi\u00e9es, avec un montage fluide, subtil qui en fait un tr\u00e8s bel objet filmique.<\/p>\n<div id=\"attachment_3154\" style=\"width: 310px\" class=\"wp-caption aligncenter\"><a href=\"http:\/\/www.lelag.fr\/site\/wp-content\/uploads\/2016\/02\/Athome-01.jpg\" rel=\"attachment wp-att-3154\"><img loading=\"lazy\" decoding=\"async\" aria-describedby=\"caption-attachment-3154\" class=\"size-medium wp-image-3154\" src=\"http:\/\/www.lelag.fr\/site\/wp-content\/uploads\/2016\/02\/Athome-01-300x300.jpg\" alt=\"At(h)ome - photo Bruno Hadjih\" width=\"300\" height=\"300\" srcset=\"https:\/\/www.lelag.fr\/site\/wp-content\/uploads\/2016\/02\/Athome-01-300x300.jpg 300w, https:\/\/www.lelag.fr\/site\/wp-content\/uploads\/2016\/02\/Athome-01-150x150.jpg 150w, https:\/\/www.lelag.fr\/site\/wp-content\/uploads\/2016\/02\/Athome-01.jpg 445w\" sizes=\"auto, (max-width: 300px) 100vw, 300px\" \/><\/a><p id=\"caption-attachment-3154\" class=\"wp-caption-text\">At(h)ome &#8211; photo Bruno Hadjih<\/p><\/div>\n<div id=\"attachment_3155\" style=\"width: 310px\" class=\"wp-caption aligncenter\"><a href=\"http:\/\/www.lelag.fr\/site\/wp-content\/uploads\/2016\/02\/Athome-02.jpg\" rel=\"attachment wp-att-3155\"><img loading=\"lazy\" decoding=\"async\" aria-describedby=\"caption-attachment-3155\" class=\"size-medium wp-image-3155\" src=\"http:\/\/www.lelag.fr\/site\/wp-content\/uploads\/2016\/02\/Athome-02-300x300.jpg\" alt=\"At(h)ome - photo Bruno Hadjih\" width=\"300\" height=\"300\" srcset=\"https:\/\/www.lelag.fr\/site\/wp-content\/uploads\/2016\/02\/Athome-02-300x300.jpg 300w, https:\/\/www.lelag.fr\/site\/wp-content\/uploads\/2016\/02\/Athome-02-150x150.jpg 150w, https:\/\/www.lelag.fr\/site\/wp-content\/uploads\/2016\/02\/Athome-02.jpg 445w\" sizes=\"auto, (max-width: 300px) 100vw, 300px\" \/><\/a><p id=\"caption-attachment-3155\" class=\"wp-caption-text\">At(h)ome &#8211; photo Bruno Hadjih<\/p><\/div>\n<div id=\"attachment_3156\" style=\"width: 310px\" class=\"wp-caption aligncenter\"><a href=\"http:\/\/www.lelag.fr\/site\/wp-content\/uploads\/2016\/02\/Athome-03.jpg\" rel=\"attachment wp-att-3156\"><img loading=\"lazy\" decoding=\"async\" aria-describedby=\"caption-attachment-3156\" class=\"size-medium wp-image-3156\" src=\"http:\/\/www.lelag.fr\/site\/wp-content\/uploads\/2016\/02\/Athome-03-300x300.jpg\" alt=\"At(h)ome - photo Bruno Hadjih\" width=\"300\" height=\"300\" srcset=\"https:\/\/www.lelag.fr\/site\/wp-content\/uploads\/2016\/02\/Athome-03-300x300.jpg 300w, https:\/\/www.lelag.fr\/site\/wp-content\/uploads\/2016\/02\/Athome-03-150x150.jpg 150w, https:\/\/www.lelag.fr\/site\/wp-content\/uploads\/2016\/02\/Athome-03.jpg 445w\" sizes=\"auto, (max-width: 300px) 100vw, 300px\" \/><\/a><p id=\"caption-attachment-3156\" class=\"wp-caption-text\">At(h)ome &#8211; photo Bruno Hadjih<\/p><\/div>\n","protected":false},"excerpt":{"rendered":"<p>Programmation au LAG durant le festival Bobines rebelles 2016, le samedi 2 avril 2016, \u00e0 10h30. Un film de \u00c9lisabeth Leuvrey \u2013 2013 \u2013 France \u2013 52 minutes En pr\u00e9sence de \u00c9lisabeth Leuvrey, r\u00e9alisatrice, et Bruno Hadjih, photographe R\u00e9sum\u00e9 Plus &hellip; <a href=\"https:\/\/www.lelag.fr\/site\/athome\/\">Continuer la lecture <span class=\"meta-nav\">&rarr;<\/span><\/a><\/p>\n","protected":false},"author":1,"featured_media":0,"comment_status":"closed","ping_status":"closed","sticky":false,"template":"","format":"standard","meta":{"footnotes":""},"categories":[12],"tags":[],"class_list":["post-3150","post","type-post","status-publish","format-standard","hentry","category-bobines-rebelles-2016"],"_links":{"self":[{"href":"https:\/\/www.lelag.fr\/site\/wp-json\/wp\/v2\/posts\/3150","targetHints":{"allow":["GET"]}}],"collection":[{"href":"https:\/\/www.lelag.fr\/site\/wp-json\/wp\/v2\/posts"}],"about":[{"href":"https:\/\/www.lelag.fr\/site\/wp-json\/wp\/v2\/types\/post"}],"author":[{"embeddable":true,"href":"https:\/\/www.lelag.fr\/site\/wp-json\/wp\/v2\/users\/1"}],"replies":[{"embeddable":true,"href":"https:\/\/www.lelag.fr\/site\/wp-json\/wp\/v2\/comments?post=3150"}],"version-history":[{"count":4,"href":"https:\/\/www.lelag.fr\/site\/wp-json\/wp\/v2\/posts\/3150\/revisions"}],"predecessor-version":[{"id":3157,"href":"https:\/\/www.lelag.fr\/site\/wp-json\/wp\/v2\/posts\/3150\/revisions\/3157"}],"wp:attachment":[{"href":"https:\/\/www.lelag.fr\/site\/wp-json\/wp\/v2\/media?parent=3150"}],"wp:term":[{"taxonomy":"category","embeddable":true,"href":"https:\/\/www.lelag.fr\/site\/wp-json\/wp\/v2\/categories?post=3150"},{"taxonomy":"post_tag","embeddable":true,"href":"https:\/\/www.lelag.fr\/site\/wp-json\/wp\/v2\/tags?post=3150"}],"curies":[{"name":"wp","href":"https:\/\/api.w.org\/{rel}","templated":true}]}}