{"id":3142,"date":"2016-02-06T13:27:41","date_gmt":"2016-02-06T12:27:41","guid":{"rendered":"http:\/\/www.lelag.fr\/site\/?p=3142"},"modified":"2016-03-02T18:24:26","modified_gmt":"2016-03-02T17:24:26","slug":"bulles-dexil","status":"publish","type":"post","link":"https:\/\/www.lelag.fr\/site\/bulles-dexil\/","title":{"rendered":"Bulles d&rsquo;exil"},"content":{"rendered":"<p><strong>Soir\u00e9e d\u2019ouverture du festival<\/strong> <a href=\"http:\/\/www.lelag.fr\/site\/cinema\/bobines-rebelles\/bobines-rebelles-2016\/\">Bobines rebelles 2016<\/a>, <strong>le vendredi 1er avril 2016, \u00e0 20h00.<\/strong><\/p>\n<p><strong>Cette soir\u00e9e d\u2019ouverture se tient au LAG, 23 avenue Jean Jaur\u00e8s, \u00e0 Li\u00e9vin.<\/strong><\/p>\n<p>Un film de Antoine Chausson et Vincent Marie \u2013 2014 \u2013 France \u2013 52 minutes<\/p>\n<p>En pr\u00e9sence de Antoine Chausson et Vincent Marie<\/p>\n<h2>R\u00e9sum\u00e9<\/h2>\n<p>La bande dessin\u00e9e, art s\u00e9quentiel, se nourrit d\u2019histoires : celles d\u2019artistes d\u2019origine libanaise, vietnamienne, italienne, alg\u00e9rienne ou argentine venus vivre et travailler en France ou celles d\u2019auteurs t\u00e9moins de l\u2019Histoire plan\u00e9taire des migrations. Entre les cases s\u2019esquissent les r\u00e9cits intimes, universels et po\u00e9tiques de leurs trajectoires humaines et cr\u00e9atrices. Leurs dessins sont plus que des traits, ils d\u00e9voilent les portraits sensibles d\u2019hommes et de femmes qui parviennent encore \u00e0 s\u2019\u00e9tonner, \u00e0 s\u2019interroger et \u00e0 nous entra\u00eener vers l\u2019essentiel : les mouvements de la vie\u2026<\/p>\n<div id=\"attachment_3144\" style=\"width: 235px\" class=\"wp-caption aligncenter\"><a href=\"http:\/\/www.lelag.fr\/site\/wp-content\/uploads\/2016\/02\/BullesDExil-12.jpg\" rel=\"attachment wp-att-3144\"><img loading=\"lazy\" decoding=\"async\" aria-describedby=\"caption-attachment-3144\" class=\"size-medium wp-image-3144\" src=\"http:\/\/www.lelag.fr\/site\/wp-content\/uploads\/2016\/02\/BullesDExil-12-225x300.jpg\" alt=\"Bulles d'exil\" width=\"225\" height=\"300\" srcset=\"https:\/\/www.lelag.fr\/site\/wp-content\/uploads\/2016\/02\/BullesDExil-12-225x300.jpg 225w, https:\/\/www.lelag.fr\/site\/wp-content\/uploads\/2016\/02\/BullesDExil-12-768x1024.jpg 768w, https:\/\/www.lelag.fr\/site\/wp-content\/uploads\/2016\/02\/BullesDExil-12.jpg 900w\" sizes=\"auto, (max-width: 225px) 100vw, 225px\" \/><\/a><p id=\"caption-attachment-3144\" class=\"wp-caption-text\">Bulles d&rsquo;exil<\/p><\/div>\n<p>&nbsp;<\/p>\n<div id=\"attachment_3146\" style=\"width: 235px\" class=\"wp-caption aligncenter\"><a href=\"http:\/\/www.lelag.fr\/site\/wp-content\/uploads\/2016\/02\/BullesDExil-13.jpg\" rel=\"attachment wp-att-3146\"><img loading=\"lazy\" decoding=\"async\" aria-describedby=\"caption-attachment-3146\" class=\"size-medium wp-image-3146\" src=\"http:\/\/www.lelag.fr\/site\/wp-content\/uploads\/2016\/02\/BullesDExil-13-225x300.jpg\" alt=\"Bulles d'exil\" width=\"225\" height=\"300\" srcset=\"https:\/\/www.lelag.fr\/site\/wp-content\/uploads\/2016\/02\/BullesDExil-13-225x300.jpg 225w, https:\/\/www.lelag.fr\/site\/wp-content\/uploads\/2016\/02\/BullesDExil-13-768x1024.jpg 768w, https:\/\/www.lelag.fr\/site\/wp-content\/uploads\/2016\/02\/BullesDExil-13.jpg 900w\" sizes=\"auto, (max-width: 225px) 100vw, 225px\" \/><\/a><p id=\"caption-attachment-3146\" class=\"wp-caption-text\">Bulles d&rsquo;exil<\/p><\/div>\n","protected":false},"excerpt":{"rendered":"<p>Soir\u00e9e d\u2019ouverture du festival Bobines rebelles 2016, le vendredi 1er avril 2016, \u00e0 20h00. Cette soir\u00e9e d\u2019ouverture se tient au LAG, 23 avenue Jean Jaur\u00e8s, \u00e0 Li\u00e9vin. Un film de Antoine Chausson et Vincent Marie \u2013 2014 \u2013 France \u2013 &hellip; <a href=\"https:\/\/www.lelag.fr\/site\/bulles-dexil\/\">Continuer la lecture <span class=\"meta-nav\">&rarr;<\/span><\/a><\/p>\n","protected":false},"author":1,"featured_media":0,"comment_status":"closed","ping_status":"closed","sticky":false,"template":"","format":"standard","meta":{"footnotes":""},"categories":[12],"tags":[],"class_list":["post-3142","post","type-post","status-publish","format-standard","hentry","category-bobines-rebelles-2016"],"_links":{"self":[{"href":"https:\/\/www.lelag.fr\/site\/wp-json\/wp\/v2\/posts\/3142","targetHints":{"allow":["GET"]}}],"collection":[{"href":"https:\/\/www.lelag.fr\/site\/wp-json\/wp\/v2\/posts"}],"about":[{"href":"https:\/\/www.lelag.fr\/site\/wp-json\/wp\/v2\/types\/post"}],"author":[{"embeddable":true,"href":"https:\/\/www.lelag.fr\/site\/wp-json\/wp\/v2\/users\/1"}],"replies":[{"embeddable":true,"href":"https:\/\/www.lelag.fr\/site\/wp-json\/wp\/v2\/comments?post=3142"}],"version-history":[{"count":4,"href":"https:\/\/www.lelag.fr\/site\/wp-json\/wp\/v2\/posts\/3142\/revisions"}],"predecessor-version":[{"id":3238,"href":"https:\/\/www.lelag.fr\/site\/wp-json\/wp\/v2\/posts\/3142\/revisions\/3238"}],"wp:attachment":[{"href":"https:\/\/www.lelag.fr\/site\/wp-json\/wp\/v2\/media?parent=3142"}],"wp:term":[{"taxonomy":"category","embeddable":true,"href":"https:\/\/www.lelag.fr\/site\/wp-json\/wp\/v2\/categories?post=3142"},{"taxonomy":"post_tag","embeddable":true,"href":"https:\/\/www.lelag.fr\/site\/wp-json\/wp\/v2\/tags?post=3142"}],"curies":[{"name":"wp","href":"https:\/\/api.w.org\/{rel}","templated":true}]}}