{"id":2815,"date":"2015-02-18T17:25:38","date_gmt":"2015-02-18T16:25:38","guid":{"rendered":"http:\/\/www.lelag.fr\/site\/?p=2815"},"modified":"2015-04-11T11:20:14","modified_gmt":"2015-04-11T09:20:14","slug":"vous-qui-gardez-un-coeur-qui-bat","status":"publish","type":"post","link":"https:\/\/www.lelag.fr\/site\/vous-qui-gardez-un-coeur-qui-bat\/","title":{"rendered":"Vous qui gardez un coeur qui bat"},"content":{"rendered":"<div id=\"attachment_2866\" style=\"width: 222px\" class=\"wp-caption aligncenter\"><a href=\"http:\/\/www.lelag.fr\/site\/wp-content\/uploads\/2015\/02\/VousQuiGardezUnCoeurQuiBat-A4.png\"><img loading=\"lazy\" decoding=\"async\" aria-describedby=\"caption-attachment-2866\" class=\"size-medium wp-image-2866\" src=\"http:\/\/www.lelag.fr\/site\/wp-content\/uploads\/2015\/02\/VousQuiGardezUnCoeurQuiBat-A4-212x300.png\" alt=\"Vous qui gardez un coeur qui bat\" width=\"212\" height=\"300\" srcset=\"https:\/\/www.lelag.fr\/site\/wp-content\/uploads\/2015\/02\/VousQuiGardezUnCoeurQuiBat-A4-212x300.png 212w, https:\/\/www.lelag.fr\/site\/wp-content\/uploads\/2015\/02\/VousQuiGardezUnCoeurQuiBat-A4-724x1024.png 724w, https:\/\/www.lelag.fr\/site\/wp-content\/uploads\/2015\/02\/VousQuiGardezUnCoeurQuiBat-A4.png 826w\" sizes=\"auto, (max-width: 212px) 100vw, 212px\" \/><\/a><p id=\"caption-attachment-2866\" class=\"wp-caption-text\">Vous qui gardez un coeur qui bat<\/p><\/div>\n<p><strong>Programmation au LAG durant le <a title=\"Bobines Rebelles 2015\" href=\"http:\/\/www.lelag.fr\/site\/cinema\/bobines-rebelles\/bobines-rebelles-2015\/\">festival Bobines rebelles 2015<\/a>, le samedi 18 avril 2015, \u00e0 18h00.<br \/>\n<\/strong><\/p>\n<p><strong>Un film de Antoine Chaudagne et Sylvain Verdet \u2013 2014 \u2013 France \u2013 44 minutes<\/strong><\/p>\n<p><strong>En pr\u00e9sence de Antoine Chaudagne et Sylvain Verdet<br \/>\n<\/strong><\/p>\n<p><strong>Cette projection est assur\u00e9e en partenariat avec Culture Commune, dans le cadre de son temps fort \u00ab\u00a0Qu\u2019est-ce qu\u2019on fabrique ? Au travail !\u00a0\u00bb : <a href=\"http:\/\/www.lelag.fr\/site\/wp-content\/uploads\/2015\/02\/CultureCommune-AuTravail.pdf\">Culture Commune : Au Travail !<\/a><br \/>\n<\/strong><\/p>\n<h2>R\u00e9sum\u00e9<\/h2>\n<p><span class=\"resume\">Ouglegorsk, \u00e0 l&rsquo;est de l&rsquo;Ukraine. Un petit groupe de mineurs de fond s&rsquo;enivrent en racontant la mort de l&rsquo;un des leurs dans un accident atroce et absurde. Les plus jeunes semblent ne conna\u00eetre aucune autre perspective que la mine. Les anciens avouent y avoir g\u00e2ch\u00e9 leur vie. Les femmes, elles, ont quitt\u00e9 le village.<br \/>\nPourtant, Slava, trente ans, r\u00eave secr\u00e8tement de rejoindre, sur les rives hupp\u00e9es de la mer Noire, la jeune femme qu&rsquo;il vient de rencontrer sur internet. Gr\u00e2ce \u00e0 elle, il pourrait changer de condition. Ignorant les beuveries auxquelles s&rsquo;adonne le reste du groupe, il tente d&rsquo;organiser son d\u00e9part<\/span><\/p>\n<div id=\"attachment_2816\" style=\"width: 308px\" class=\"wp-caption aligncenter\"><a href=\"http:\/\/www.lelag.fr\/site\/wp-content\/uploads\/2015\/02\/VousQuiGardezUnCoeurQuiBat-01.jpg\"><img loading=\"lazy\" decoding=\"async\" aria-describedby=\"caption-attachment-2816\" class=\"size-full wp-image-2816\" src=\"http:\/\/www.lelag.fr\/site\/wp-content\/uploads\/2015\/02\/VousQuiGardezUnCoeurQuiBat-01.jpg\" alt=\"Vous qui gardez un coeur qui bat-01\" width=\"298\" height=\"169\" \/><\/a><p id=\"caption-attachment-2816\" class=\"wp-caption-text\">Vous qui gardez un coeur qui bat<\/p><\/div>\n<div id=\"attachment_2817\" style=\"width: 300px\" class=\"wp-caption aligncenter\"><a href=\"http:\/\/www.lelag.fr\/site\/wp-content\/uploads\/2015\/02\/VousQuiGardezUnCoeurQuiBat-02.jpg\"><img loading=\"lazy\" decoding=\"async\" aria-describedby=\"caption-attachment-2817\" class=\"size-full wp-image-2817\" src=\"http:\/\/www.lelag.fr\/site\/wp-content\/uploads\/2015\/02\/VousQuiGardezUnCoeurQuiBat-02.jpg\" alt=\"Vous qui gardez un coeur qui bat\" width=\"290\" height=\"174\" \/><\/a><p id=\"caption-attachment-2817\" class=\"wp-caption-text\">Vous qui gardez un coeur qui bat<\/p><\/div>\n<div id=\"attachment_2818\" style=\"width: 310px\" class=\"wp-caption aligncenter\"><a href=\"http:\/\/www.lelag.fr\/site\/wp-content\/uploads\/2015\/02\/VousQuiGardezUnCoeurQuiBat-03.jpg\"><img loading=\"lazy\" decoding=\"async\" aria-describedby=\"caption-attachment-2818\" class=\"size-medium wp-image-2818\" src=\"http:\/\/www.lelag.fr\/site\/wp-content\/uploads\/2015\/02\/VousQuiGardezUnCoeurQuiBat-03-300x222.jpg\" alt=\"Vous qui gardez un coeur qui bat\" width=\"300\" height=\"222\" srcset=\"https:\/\/www.lelag.fr\/site\/wp-content\/uploads\/2015\/02\/VousQuiGardezUnCoeurQuiBat-03-300x222.jpg 300w, https:\/\/www.lelag.fr\/site\/wp-content\/uploads\/2015\/02\/VousQuiGardezUnCoeurQuiBat-03.jpg 650w\" sizes=\"auto, (max-width: 300px) 100vw, 300px\" \/><\/a><p id=\"caption-attachment-2818\" class=\"wp-caption-text\">Vous qui gardez un coeur qui bat<\/p><\/div>\n","protected":false},"excerpt":{"rendered":"<p>Programmation au LAG durant le festival Bobines rebelles 2015, le samedi 18 avril 2015, \u00e0 18h00. Un film de Antoine Chaudagne et Sylvain Verdet \u2013 2014 \u2013 France \u2013 44 minutes En pr\u00e9sence de Antoine Chaudagne et Sylvain Verdet Cette &hellip; <a href=\"https:\/\/www.lelag.fr\/site\/vous-qui-gardez-un-coeur-qui-bat\/\">Continuer la lecture <span class=\"meta-nav\">&rarr;<\/span><\/a><\/p>\n","protected":false},"author":1,"featured_media":0,"comment_status":"closed","ping_status":"closed","sticky":false,"template":"","format":"standard","meta":{"footnotes":""},"categories":[3,11],"tags":[],"class_list":["post-2815","post","type-post","status-publish","format-standard","hentry","category-au-lag","category-bobines-rebelles-2015"],"_links":{"self":[{"href":"https:\/\/www.lelag.fr\/site\/wp-json\/wp\/v2\/posts\/2815","targetHints":{"allow":["GET"]}}],"collection":[{"href":"https:\/\/www.lelag.fr\/site\/wp-json\/wp\/v2\/posts"}],"about":[{"href":"https:\/\/www.lelag.fr\/site\/wp-json\/wp\/v2\/types\/post"}],"author":[{"embeddable":true,"href":"https:\/\/www.lelag.fr\/site\/wp-json\/wp\/v2\/users\/1"}],"replies":[{"embeddable":true,"href":"https:\/\/www.lelag.fr\/site\/wp-json\/wp\/v2\/comments?post=2815"}],"version-history":[{"count":5,"href":"https:\/\/www.lelag.fr\/site\/wp-json\/wp\/v2\/posts\/2815\/revisions"}],"predecessor-version":[{"id":2867,"href":"https:\/\/www.lelag.fr\/site\/wp-json\/wp\/v2\/posts\/2815\/revisions\/2867"}],"wp:attachment":[{"href":"https:\/\/www.lelag.fr\/site\/wp-json\/wp\/v2\/media?parent=2815"}],"wp:term":[{"taxonomy":"category","embeddable":true,"href":"https:\/\/www.lelag.fr\/site\/wp-json\/wp\/v2\/categories?post=2815"},{"taxonomy":"post_tag","embeddable":true,"href":"https:\/\/www.lelag.fr\/site\/wp-json\/wp\/v2\/tags?post=2815"}],"curies":[{"name":"wp","href":"https:\/\/api.w.org\/{rel}","templated":true}]}}