{"id":2808,"date":"2015-02-18T17:14:07","date_gmt":"2015-02-18T16:14:07","guid":{"rendered":"http:\/\/www.lelag.fr\/site\/?p=2808"},"modified":"2015-04-11T11:19:16","modified_gmt":"2015-04-11T09:19:16","slug":"karaoke-domestique","status":"publish","type":"post","link":"https:\/\/www.lelag.fr\/site\/karaoke-domestique\/","title":{"rendered":"Karaok\u00e9 domestique"},"content":{"rendered":"<div id=\"attachment_2864\" style=\"width: 222px\" class=\"wp-caption aligncenter\"><a href=\"http:\/\/www.lelag.fr\/site\/wp-content\/uploads\/2015\/02\/KaraokeDomestique-A4.png\"><img loading=\"lazy\" decoding=\"async\" aria-describedby=\"caption-attachment-2864\" class=\"size-medium wp-image-2864\" src=\"http:\/\/www.lelag.fr\/site\/wp-content\/uploads\/2015\/02\/KaraokeDomestique-A4-212x300.png\" alt=\"Karaok\u00e9 domestique\" width=\"212\" height=\"300\" srcset=\"https:\/\/www.lelag.fr\/site\/wp-content\/uploads\/2015\/02\/KaraokeDomestique-A4-212x300.png 212w, https:\/\/www.lelag.fr\/site\/wp-content\/uploads\/2015\/02\/KaraokeDomestique-A4-724x1024.png 724w, https:\/\/www.lelag.fr\/site\/wp-content\/uploads\/2015\/02\/KaraokeDomestique-A4.png 826w\" sizes=\"auto, (max-width: 212px) 100vw, 212px\" \/><\/a><p id=\"caption-attachment-2864\" class=\"wp-caption-text\">Karaok\u00e9 domestique<\/p><\/div>\n<p><strong>Programmation au LAG durant le <a title=\"Bobines Rebelles 2015\" href=\"http:\/\/www.lelag.fr\/site\/cinema\/bobines-rebelles\/bobines-rebelles-2015\/\">festival Bobines rebelles 2015<\/a>, le samedi 18 avril 2015, \u00e0 16h30.<br \/>\n<\/strong><\/p>\n<p><strong>Un film de In\u00e8s Rabadan \u2013 2013 \u2013 Belgique \u2013 35 minutes<\/strong><\/p>\n<p><strong>En pr\u00e9sence de In\u00e8s Rabadan<br \/>\n<\/strong><\/p>\n<p><strong>Cette projection est assur\u00e9e en partenariat avec Culture Commune, dans le cadre de son temps fort \u00ab\u00a0Qu&rsquo;est-ce qu&rsquo;on fabrique ? Au travail !\u00a0\u00bb : <a href=\"http:\/\/www.lelag.fr\/site\/wp-content\/uploads\/2015\/02\/CultureCommune-AuTravail.pdf\">Culture Commune : Au Travail !<\/a><br \/>\n<\/strong><\/p>\n<h2>R\u00e9sum\u00e9<\/h2>\n<p><span id=\"fr\" class=\"resume\">Quels peuvent bien \u00eatre les rapports entre la femme qui fait le m\u00e9nage et celle pour qui elle le fait ? C&rsquo;est ce que se propose d&rsquo;\u00e9voquer In\u00e8s Rabad\u00e1n gr\u00e2ce des entretiens restitu\u00e9s par un proc\u00e9d\u00e9 simple mais tr\u00e8s r\u00e9ussi qui donne \u00e0 voir et \u00e0 entendre ces t\u00e9moignages avec une intimit\u00e9 et une distance tout \u00e0 fait \u00e9tonnantes. <\/span><\/p>\n<div id=\"attachment_2809\" style=\"width: 310px\" class=\"wp-caption aligncenter\"><a href=\"http:\/\/www.lelag.fr\/site\/wp-content\/uploads\/2015\/02\/KaraokeDomestique-00.jpg\"><img loading=\"lazy\" decoding=\"async\" aria-describedby=\"caption-attachment-2809\" class=\"size-medium wp-image-2809\" src=\"http:\/\/www.lelag.fr\/site\/wp-content\/uploads\/2015\/02\/KaraokeDomestique-00-300x222.jpg\" alt=\"Karaok\u00e9 domestique\" width=\"300\" height=\"222\" srcset=\"https:\/\/www.lelag.fr\/site\/wp-content\/uploads\/2015\/02\/KaraokeDomestique-00-300x222.jpg 300w, https:\/\/www.lelag.fr\/site\/wp-content\/uploads\/2015\/02\/KaraokeDomestique-00.jpg 650w\" sizes=\"auto, (max-width: 300px) 100vw, 300px\" \/><\/a><p id=\"caption-attachment-2809\" class=\"wp-caption-text\">Karaok\u00e9 domestique<\/p><\/div>\n<p>&nbsp;<\/p>\n<div id=\"attachment_2810\" style=\"width: 310px\" class=\"wp-caption aligncenter\"><a href=\"http:\/\/www.lelag.fr\/site\/wp-content\/uploads\/2015\/02\/KaraokeDomestique-01.jpg\"><img loading=\"lazy\" decoding=\"async\" aria-describedby=\"caption-attachment-2810\" class=\"size-medium wp-image-2810\" src=\"http:\/\/www.lelag.fr\/site\/wp-content\/uploads\/2015\/02\/KaraokeDomestique-01-300x168.jpg\" alt=\"Karaok\u00e9 domestique\" width=\"300\" height=\"168\" \/><\/a><p id=\"caption-attachment-2810\" class=\"wp-caption-text\">Karaok\u00e9 domestique<\/p><\/div>\n<div id=\"attachment_2811\" style=\"width: 310px\" class=\"wp-caption aligncenter\"><a href=\"http:\/\/www.lelag.fr\/site\/wp-content\/uploads\/2015\/02\/KaraokeDomestique-02.jpg\"><img loading=\"lazy\" decoding=\"async\" aria-describedby=\"caption-attachment-2811\" class=\"size-medium wp-image-2811\" src=\"http:\/\/www.lelag.fr\/site\/wp-content\/uploads\/2015\/02\/KaraokeDomestique-02-300x168.jpg\" alt=\"Karaok\u00e9 domestique\" width=\"300\" height=\"168\" \/><\/a><p id=\"caption-attachment-2811\" class=\"wp-caption-text\">Karaok\u00e9 domestique<\/p><\/div>\n<div id=\"attachment_2812\" style=\"width: 305px\" class=\"wp-caption aligncenter\"><a href=\"http:\/\/www.lelag.fr\/site\/wp-content\/uploads\/2015\/02\/KaraokeDomestique-03.jpg\"><img loading=\"lazy\" decoding=\"async\" aria-describedby=\"caption-attachment-2812\" class=\"size-full wp-image-2812\" src=\"http:\/\/www.lelag.fr\/site\/wp-content\/uploads\/2015\/02\/KaraokeDomestique-03.jpg\" alt=\"Karaok\u00e9 domestique\" width=\"295\" height=\"171\" \/><\/a><p id=\"caption-attachment-2812\" class=\"wp-caption-text\">Karaok\u00e9 domestique<\/p><\/div>\n","protected":false},"excerpt":{"rendered":"<p>Programmation au LAG durant le festival Bobines rebelles 2015, le samedi 18 avril 2015, \u00e0 16h30. Un film de In\u00e8s Rabadan \u2013 2013 \u2013 Belgique \u2013 35 minutes En pr\u00e9sence de In\u00e8s Rabadan Cette projection est assur\u00e9e en partenariat avec &hellip; <a href=\"https:\/\/www.lelag.fr\/site\/karaoke-domestique\/\">Continuer la lecture <span class=\"meta-nav\">&rarr;<\/span><\/a><\/p>\n","protected":false},"author":1,"featured_media":0,"comment_status":"closed","ping_status":"closed","sticky":false,"template":"","format":"standard","meta":{"footnotes":""},"categories":[3,11],"tags":[],"class_list":["post-2808","post","type-post","status-publish","format-standard","hentry","category-au-lag","category-bobines-rebelles-2015"],"_links":{"self":[{"href":"https:\/\/www.lelag.fr\/site\/wp-json\/wp\/v2\/posts\/2808","targetHints":{"allow":["GET"]}}],"collection":[{"href":"https:\/\/www.lelag.fr\/site\/wp-json\/wp\/v2\/posts"}],"about":[{"href":"https:\/\/www.lelag.fr\/site\/wp-json\/wp\/v2\/types\/post"}],"author":[{"embeddable":true,"href":"https:\/\/www.lelag.fr\/site\/wp-json\/wp\/v2\/users\/1"}],"replies":[{"embeddable":true,"href":"https:\/\/www.lelag.fr\/site\/wp-json\/wp\/v2\/comments?post=2808"}],"version-history":[{"count":6,"href":"https:\/\/www.lelag.fr\/site\/wp-json\/wp\/v2\/posts\/2808\/revisions"}],"predecessor-version":[{"id":2865,"href":"https:\/\/www.lelag.fr\/site\/wp-json\/wp\/v2\/posts\/2808\/revisions\/2865"}],"wp:attachment":[{"href":"https:\/\/www.lelag.fr\/site\/wp-json\/wp\/v2\/media?parent=2808"}],"wp:term":[{"taxonomy":"category","embeddable":true,"href":"https:\/\/www.lelag.fr\/site\/wp-json\/wp\/v2\/categories?post=2808"},{"taxonomy":"post_tag","embeddable":true,"href":"https:\/\/www.lelag.fr\/site\/wp-json\/wp\/v2\/tags?post=2808"}],"curies":[{"name":"wp","href":"https:\/\/api.w.org\/{rel}","templated":true}]}}