{"id":2801,"date":"2015-02-18T17:08:34","date_gmt":"2015-02-18T16:08:34","guid":{"rendered":"http:\/\/www.lelag.fr\/site\/?p=2801"},"modified":"2015-04-11T11:18:00","modified_gmt":"2015-04-11T09:18:00","slug":"les-messagers","status":"publish","type":"post","link":"https:\/\/www.lelag.fr\/site\/les-messagers\/","title":{"rendered":"Les messagers"},"content":{"rendered":"<div id=\"attachment_2862\" style=\"width: 222px\" class=\"wp-caption aligncenter\"><a href=\"http:\/\/www.lelag.fr\/site\/wp-content\/uploads\/2015\/02\/LesMessagers-A4.png\"><img loading=\"lazy\" decoding=\"async\" aria-describedby=\"caption-attachment-2862\" class=\"size-medium wp-image-2862\" src=\"http:\/\/www.lelag.fr\/site\/wp-content\/uploads\/2015\/02\/LesMessagers-A4-212x300.png\" alt=\"Les messagers\" width=\"212\" height=\"300\" srcset=\"https:\/\/www.lelag.fr\/site\/wp-content\/uploads\/2015\/02\/LesMessagers-A4-212x300.png 212w, https:\/\/www.lelag.fr\/site\/wp-content\/uploads\/2015\/02\/LesMessagers-A4-724x1024.png 724w, https:\/\/www.lelag.fr\/site\/wp-content\/uploads\/2015\/02\/LesMessagers-A4.png 826w\" sizes=\"auto, (max-width: 212px) 100vw, 212px\" \/><\/a><p id=\"caption-attachment-2862\" class=\"wp-caption-text\">Les messagers<\/p><\/div>\n<p><strong>Programmation au LAG durant le <a title=\"Bobines Rebelles 2015\" href=\"http:\/\/www.lelag.fr\/site\/cinema\/bobines-rebelles\/bobines-rebelles-2015\/\">festival Bobines rebelles 2015<\/a>, le samedi 18 avril 2015, \u00e0 14h00.<br \/>\n<\/strong><\/p>\n<p><strong>Un film de H\u00e9l\u00e8ne Crouzillat et Laetitia Tura \u2013 2014 \u2013 France \u2013 70 minutes<\/strong><\/p>\n<p><strong>En pr\u00e9sence de H\u00e9l\u00e8ne Crouzillat et Laetitia Tura<br \/>\n<\/strong><\/p>\n<h2>R\u00e9sum\u00e9<\/h2>\n<p><span id=\"fr\" class=\"resume\">Du Sahara \u00e0 Mellila, des t\u00e9moins racontent la fa\u00e7on dont ils ont fr\u00f4l\u00e9 la mort, qui a emport\u00e9 leurs compagnons de route, migrants litt\u00e9ralement et symboliquement engloutis dans la fronti\u00e8re.<br \/>\n\u00ab\u00a0Ils sont o\u00f9 tous les gens partis et jamais arriv\u00e9s ?\u00a0\u00bb Des p\u00eacheurs marocains qui trouvent r\u00e9guli\u00e8rement des corps sans vie au registre paroissial o\u00f9 un pr\u00eatre fran\u00e7ais note quand il peut l\u2019origine des d\u00e9funts,\u00a0\u00bb Les Messagers\u00a0\u00bb se poste sur la fr\u00eale limite qui s\u00e9pare les migrants vivants des migrants morts.<br \/>\nTraverser le Sahara \u00e0 pied, parvenir sain et sauf dans les enclaves de Ceuta ou de Melilla et se trouver \u00ab\u00a0pi\u00e9g\u00e9\u00a0\u00bb au Maroc : telle est souvent la trajectoire entrav\u00e9e d\u2019une r\u00e9silience physique et mentale d\u00e9pens\u00e9e en vain, dont le portrait de St\u00e9phanie R\u00e9gnier, \u00ab\u00a0Kelly\u00a0\u00bb (prix du Jury Jeune l\u2019an dernier) se faisait \u00e0 sa fa\u00e7on l\u2019\u00e9cho. Ici, le montage alterne des entretiens avec un chef de la garde civile espagnole (sur la barri\u00e8re high tech \u00ab\u00a0pas nocive envers les migrants\u00a0\u00bb) et les t\u00e9moignages d\u2019une densit\u00e9 et d\u2019une sobri\u00e9t\u00e9 poignante de voyageurs qui parlent pour leurs compagnons de route malchanceux, noy\u00e9s ou tu\u00e9s par balles \u00e0 leurs c\u00f4t\u00e9s. Cette focalisation sur les morts sans s\u00e9pulture interroge la part fant\u00f4me de l\u2019Europe. D\u2019o\u00f9 il ressort que sous certains aspects, la notion de fronti\u00e8re recouvre celle de la fosse commune : faille o\u00f9 engloutir un exc\u00e9dent d\u2019humanit\u00e9 dont la parole des \u00ab\u00a0messagers\u00a0\u00bb serait la seule relique. <\/span><\/p>\n<div id=\"attachment_2802\" style=\"width: 310px\" class=\"wp-caption aligncenter\"><a href=\"http:\/\/www.lelag.fr\/site\/wp-content\/uploads\/2015\/02\/LesMessagers-01.jpg\"><img loading=\"lazy\" decoding=\"async\" aria-describedby=\"caption-attachment-2802\" class=\"size-medium wp-image-2802\" src=\"http:\/\/www.lelag.fr\/site\/wp-content\/uploads\/2015\/02\/LesMessagers-01-300x221.jpg\" alt=\"Les messagers\" width=\"300\" height=\"221\" srcset=\"https:\/\/www.lelag.fr\/site\/wp-content\/uploads\/2015\/02\/LesMessagers-01-300x221.jpg 300w, https:\/\/www.lelag.fr\/site\/wp-content\/uploads\/2015\/02\/LesMessagers-01.jpg 642w\" sizes=\"auto, (max-width: 300px) 100vw, 300px\" \/><\/a><p id=\"caption-attachment-2802\" class=\"wp-caption-text\">Les messagers<\/p><\/div>\n<div id=\"attachment_2803\" style=\"width: 310px\" class=\"wp-caption aligncenter\"><a href=\"http:\/\/www.lelag.fr\/site\/wp-content\/uploads\/2015\/02\/LesMessagers-02.jpg\"><img loading=\"lazy\" decoding=\"async\" aria-describedby=\"caption-attachment-2803\" class=\"size-medium wp-image-2803\" src=\"http:\/\/www.lelag.fr\/site\/wp-content\/uploads\/2015\/02\/LesMessagers-02-300x246.jpg\" alt=\"Les messagers\" width=\"300\" height=\"246\" srcset=\"https:\/\/www.lelag.fr\/site\/wp-content\/uploads\/2015\/02\/LesMessagers-02-300x246.jpg 300w, https:\/\/www.lelag.fr\/site\/wp-content\/uploads\/2015\/02\/LesMessagers-02.jpg 380w\" sizes=\"auto, (max-width: 300px) 100vw, 300px\" \/><\/a><p id=\"caption-attachment-2803\" class=\"wp-caption-text\">Les messagers<\/p><\/div>\n<div id=\"attachment_2804\" style=\"width: 310px\" class=\"wp-caption aligncenter\"><a href=\"http:\/\/www.lelag.fr\/site\/wp-content\/uploads\/2015\/02\/LesMessagers-03.jpg\"><img loading=\"lazy\" decoding=\"async\" aria-describedby=\"caption-attachment-2804\" class=\"size-medium wp-image-2804\" src=\"http:\/\/www.lelag.fr\/site\/wp-content\/uploads\/2015\/02\/LesMessagers-03-300x240.jpg\" alt=\"Les messagers\" width=\"300\" height=\"240\" srcset=\"https:\/\/www.lelag.fr\/site\/wp-content\/uploads\/2015\/02\/LesMessagers-03-300x240.jpg 300w, https:\/\/www.lelag.fr\/site\/wp-content\/uploads\/2015\/02\/LesMessagers-03.jpg 380w\" sizes=\"auto, (max-width: 300px) 100vw, 300px\" \/><\/a><p id=\"caption-attachment-2804\" class=\"wp-caption-text\">Les messagers<\/p><\/div>\n","protected":false},"excerpt":{"rendered":"<p>Programmation au LAG durant le festival Bobines rebelles 2015, le samedi 18 avril 2015, \u00e0 14h00. Un film de H\u00e9l\u00e8ne Crouzillat et Laetitia Tura \u2013 2014 \u2013 France \u2013 70 minutes En pr\u00e9sence de H\u00e9l\u00e8ne Crouzillat et Laetitia Tura R\u00e9sum\u00e9 &hellip; <a href=\"https:\/\/www.lelag.fr\/site\/les-messagers\/\">Continuer la lecture <span class=\"meta-nav\">&rarr;<\/span><\/a><\/p>\n","protected":false},"author":1,"featured_media":0,"comment_status":"closed","ping_status":"closed","sticky":false,"template":"","format":"standard","meta":{"footnotes":""},"categories":[3,11],"tags":[],"class_list":["post-2801","post","type-post","status-publish","format-standard","hentry","category-au-lag","category-bobines-rebelles-2015"],"_links":{"self":[{"href":"https:\/\/www.lelag.fr\/site\/wp-json\/wp\/v2\/posts\/2801","targetHints":{"allow":["GET"]}}],"collection":[{"href":"https:\/\/www.lelag.fr\/site\/wp-json\/wp\/v2\/posts"}],"about":[{"href":"https:\/\/www.lelag.fr\/site\/wp-json\/wp\/v2\/types\/post"}],"author":[{"embeddable":true,"href":"https:\/\/www.lelag.fr\/site\/wp-json\/wp\/v2\/users\/1"}],"replies":[{"embeddable":true,"href":"https:\/\/www.lelag.fr\/site\/wp-json\/wp\/v2\/comments?post=2801"}],"version-history":[{"count":2,"href":"https:\/\/www.lelag.fr\/site\/wp-json\/wp\/v2\/posts\/2801\/revisions"}],"predecessor-version":[{"id":2863,"href":"https:\/\/www.lelag.fr\/site\/wp-json\/wp\/v2\/posts\/2801\/revisions\/2863"}],"wp:attachment":[{"href":"https:\/\/www.lelag.fr\/site\/wp-json\/wp\/v2\/media?parent=2801"}],"wp:term":[{"taxonomy":"category","embeddable":true,"href":"https:\/\/www.lelag.fr\/site\/wp-json\/wp\/v2\/categories?post=2801"},{"taxonomy":"post_tag","embeddable":true,"href":"https:\/\/www.lelag.fr\/site\/wp-json\/wp\/v2\/tags?post=2801"}],"curies":[{"name":"wp","href":"https:\/\/api.w.org\/{rel}","templated":true}]}}