{"id":2795,"date":"2015-02-18T17:01:36","date_gmt":"2015-02-18T16:01:36","guid":{"rendered":"http:\/\/www.lelag.fr\/site\/?p=2795"},"modified":"2015-04-11T11:16:41","modified_gmt":"2015-04-11T09:16:41","slug":"treve","status":"publish","type":"post","link":"https:\/\/www.lelag.fr\/site\/treve\/","title":{"rendered":"Tr\u00eave"},"content":{"rendered":"<div id=\"attachment_2860\" style=\"width: 222px\" class=\"wp-caption aligncenter\"><a href=\"http:\/\/www.lelag.fr\/site\/wp-content\/uploads\/2015\/02\/Treve-A4.png\"><img loading=\"lazy\" decoding=\"async\" aria-describedby=\"caption-attachment-2860\" class=\"size-medium wp-image-2860\" src=\"http:\/\/www.lelag.fr\/site\/wp-content\/uploads\/2015\/02\/Treve-A4-212x300.png\" alt=\"Tr\u00eave\" width=\"212\" height=\"300\" srcset=\"https:\/\/www.lelag.fr\/site\/wp-content\/uploads\/2015\/02\/Treve-A4-212x300.png 212w, https:\/\/www.lelag.fr\/site\/wp-content\/uploads\/2015\/02\/Treve-A4-724x1024.png 724w, https:\/\/www.lelag.fr\/site\/wp-content\/uploads\/2015\/02\/Treve-A4.png 826w\" sizes=\"auto, (max-width: 212px) 100vw, 212px\" \/><\/a><p id=\"caption-attachment-2860\" class=\"wp-caption-text\">Tr\u00eave<\/p><\/div>\n<p><strong>Programmation au LAG durant le <a title=\"Bobines Rebelles 2015\" href=\"http:\/\/www.lelag.fr\/site\/cinema\/bobines-rebelles\/bobines-rebelles-2015\/\">festival Bobines rebelles 2015<\/a>, le samedi 18 avril 2015, \u00e0 10h30.<br \/>\n<\/strong><\/p>\n<p><strong>Un film de Carmit Harash \u2013 2013 \u2013 France \u2013 89 minutes<\/strong><\/p>\n<p><strong>En pr\u00e9sence de Carmit Harash<br \/>\n<\/strong><\/p>\n<h2>R\u00e9sum\u00e9<\/h2>\n<p>Toujours, et m\u00eame pendant une p\u00e9riode de tr\u00eave, les isra\u00e9liens attendent la prochaine guerre. Soucieux ou r\u00e9sign\u00e9s, ils y voient un destin in\u00e9vitable, seul horizon imaginable. Apr\u00e8s <em>Film de guerre<\/em> (projet\u00e9 lors de Bobines rebelles 2013) et <em>Demain<\/em> (projet\u00e9 lors de Bobines rebelles 2014), <em>Tr\u00eave<\/em> cl\u00f4t cette trilogie qui, \u00e0 travers l&rsquo;histoire personnelle, questionne les rapports des Isra\u00e9liens \u00e0 la guerre.<\/p>\n<p>&nbsp;<\/p>\n<div id=\"attachment_2797\" style=\"width: 261px\" class=\"wp-caption aligncenter\"><a href=\"http:\/\/www.lelag.fr\/site\/wp-content\/uploads\/2015\/02\/Treve-01.jpg\"><img loading=\"lazy\" decoding=\"async\" aria-describedby=\"caption-attachment-2797\" class=\"size-full wp-image-2797\" src=\"http:\/\/www.lelag.fr\/site\/wp-content\/uploads\/2015\/02\/Treve-01.jpg\" alt=\"Tr\u00eave\" width=\"251\" height=\"201\" \/><\/a><p id=\"caption-attachment-2797\" class=\"wp-caption-text\">Tr\u00eave<\/p><\/div>\n","protected":false},"excerpt":{"rendered":"<p>Programmation au LAG durant le festival Bobines rebelles 2015, le samedi 18 avril 2015, \u00e0 10h30. Un film de Carmit Harash \u2013 2013 \u2013 France \u2013 89 minutes En pr\u00e9sence de Carmit Harash R\u00e9sum\u00e9 Toujours, et m\u00eame pendant une p\u00e9riode &hellip; <a href=\"https:\/\/www.lelag.fr\/site\/treve\/\">Continuer la lecture <span class=\"meta-nav\">&rarr;<\/span><\/a><\/p>\n","protected":false},"author":1,"featured_media":0,"comment_status":"closed","ping_status":"closed","sticky":false,"template":"","format":"standard","meta":{"footnotes":""},"categories":[3,11],"tags":[],"class_list":["post-2795","post","type-post","status-publish","format-standard","hentry","category-au-lag","category-bobines-rebelles-2015"],"_links":{"self":[{"href":"https:\/\/www.lelag.fr\/site\/wp-json\/wp\/v2\/posts\/2795","targetHints":{"allow":["GET"]}}],"collection":[{"href":"https:\/\/www.lelag.fr\/site\/wp-json\/wp\/v2\/posts"}],"about":[{"href":"https:\/\/www.lelag.fr\/site\/wp-json\/wp\/v2\/types\/post"}],"author":[{"embeddable":true,"href":"https:\/\/www.lelag.fr\/site\/wp-json\/wp\/v2\/users\/1"}],"replies":[{"embeddable":true,"href":"https:\/\/www.lelag.fr\/site\/wp-json\/wp\/v2\/comments?post=2795"}],"version-history":[{"count":4,"href":"https:\/\/www.lelag.fr\/site\/wp-json\/wp\/v2\/posts\/2795\/revisions"}],"predecessor-version":[{"id":2861,"href":"https:\/\/www.lelag.fr\/site\/wp-json\/wp\/v2\/posts\/2795\/revisions\/2861"}],"wp:attachment":[{"href":"https:\/\/www.lelag.fr\/site\/wp-json\/wp\/v2\/media?parent=2795"}],"wp:term":[{"taxonomy":"category","embeddable":true,"href":"https:\/\/www.lelag.fr\/site\/wp-json\/wp\/v2\/categories?post=2795"},{"taxonomy":"post_tag","embeddable":true,"href":"https:\/\/www.lelag.fr\/site\/wp-json\/wp\/v2\/tags?post=2795"}],"curies":[{"name":"wp","href":"https:\/\/api.w.org\/{rel}","templated":true}]}}