{"id":2788,"date":"2015-02-18T16:53:59","date_gmt":"2015-02-18T15:53:59","guid":{"rendered":"http:\/\/www.lelag.fr\/site\/?p=2788"},"modified":"2015-04-11T11:12:33","modified_gmt":"2015-04-11T09:12:33","slug":"les-balles-du-14-juillet-1953","status":"publish","type":"post","link":"https:\/\/www.lelag.fr\/site\/les-balles-du-14-juillet-1953\/","title":{"rendered":"Les balles du 14 juillet 1953"},"content":{"rendered":"<div id=\"attachment_2858\" style=\"width: 222px\" class=\"wp-caption aligncenter\"><a href=\"http:\/\/www.lelag.fr\/site\/wp-content\/uploads\/2015\/02\/LesBallesDu14Juillet1953-A4.png\"><img loading=\"lazy\" decoding=\"async\" aria-describedby=\"caption-attachment-2858\" class=\"size-medium wp-image-2858\" src=\"http:\/\/www.lelag.fr\/site\/wp-content\/uploads\/2015\/02\/LesBallesDu14Juillet1953-A4-212x300.png\" alt=\"Les balles du 14 juillet 1953\" width=\"212\" height=\"300\" srcset=\"https:\/\/www.lelag.fr\/site\/wp-content\/uploads\/2015\/02\/LesBallesDu14Juillet1953-A4-212x300.png 212w, https:\/\/www.lelag.fr\/site\/wp-content\/uploads\/2015\/02\/LesBallesDu14Juillet1953-A4-724x1024.png 724w, https:\/\/www.lelag.fr\/site\/wp-content\/uploads\/2015\/02\/LesBallesDu14Juillet1953-A4.png 826w\" sizes=\"auto, (max-width: 212px) 100vw, 212px\" \/><\/a><p id=\"caption-attachment-2858\" class=\"wp-caption-text\">Les balles du 14 juillet 1953<\/p><\/div>\n<p><strong>Soir\u00e9e d&rsquo;ouverture du <a title=\"Bobines Rebelles 2015\" href=\"http:\/\/www.lelag.fr\/site\/cinema\/bobines-rebelles\/bobines-rebelles-2015\/\">festival Bobines rebelles 2015<\/a>, le vendredi 17 avril 2015, \u00e0 19h30.<br \/>\n<\/strong><\/p>\n<p><strong>Attention ! Cette soir\u00e9e d\u2019ouverture se tient au centre Arc-en-Ciel, place Gambetta, \u00e0 Li\u00e9vin.<br \/>\n<\/strong><\/p>\n<p><strong>Un film de Daniel Kupferstein \u2013 2014 \u2013 France \u2013 90 minutes<\/strong><\/p>\n<p><strong>En pr\u00e9sence de Daniel Kupferstein<br \/>\n<\/strong><\/p>\n<h2>R\u00e9sum\u00e9<\/h2>\n<p><span class=\"resume\">Le 14 juillet 1953, un drame terrible s\u2019est d\u00e9roul\u00e9 en plein Paris. Au moment de la dislocation d\u2019une manifestation en l\u2019honneur de la R\u00e9volution Fran\u00e7aise, la police parisienne a charg\u00e9 un cort\u00e8ge de manifestants alg\u00e9riens. Sept personnes (6 alg\u00e9riens et un fran\u00e7ais) ont \u00e9t\u00e9 tu\u00e9es et une centaine de manifestants ont \u00e9t\u00e9 bless\u00e9s et plus de quarante par balles. Un vrai carnage.<br \/>\nCette histoire est quasiment inconnue. Pratiquement personne n\u2019est au courant de son existence. Comme si une page d\u2019histoire avait \u00e9t\u00e9 d\u00e9chir\u00e9e et mise \u00e0 la poubelle. En France comme en Alg\u00e9rie.<br \/>\nCe film, est l\u2019histoire d\u2019une longue enqu\u00eate contre l\u2019amn\u00e9sie. Enqu\u00eate au jour le jour, pour retrouver des t\u00e9moins, pour faire parler les historiens, pour reprendre les informations dans les journaux de l\u2019\u00e9poque, dans les archives et autres centres de documentation afin de reconstituer au mieux le d\u00e9roulement de ce drame mais aussi pour comprendre comment ce mensonge d\u2019\u00c9tat a si bien fonctionn\u00e9.<br \/>\nAvant que les derniers t\u00e9moins ne disparaissent, il est temps que l\u2019histoire de ce massacre sorte de l\u2019oubli. <\/span><\/p>\n<div id=\"attachment_2789\" style=\"width: 310px\" class=\"wp-caption aligncenter\"><a href=\"http:\/\/www.lelag.fr\/site\/wp-content\/uploads\/2015\/02\/Balles14Juillet1953-01.jpg\"><img loading=\"lazy\" decoding=\"async\" aria-describedby=\"caption-attachment-2789\" class=\"size-medium wp-image-2789\" src=\"http:\/\/www.lelag.fr\/site\/wp-content\/uploads\/2015\/02\/Balles14Juillet1953-01-300x222.jpg\" alt=\"Les balles du 14 juillet 1953\" width=\"300\" height=\"222\" srcset=\"https:\/\/www.lelag.fr\/site\/wp-content\/uploads\/2015\/02\/Balles14Juillet1953-01-300x222.jpg 300w, https:\/\/www.lelag.fr\/site\/wp-content\/uploads\/2015\/02\/Balles14Juillet1953-01.jpg 650w\" sizes=\"auto, (max-width: 300px) 100vw, 300px\" \/><\/a><p id=\"caption-attachment-2789\" class=\"wp-caption-text\">Les balles du 14 juillet 1953<\/p><\/div>\n<div id=\"attachment_2790\" style=\"width: 261px\" class=\"wp-caption aligncenter\"><a href=\"http:\/\/www.lelag.fr\/site\/wp-content\/uploads\/2015\/02\/Balles14Juillet1953-02.jpg\"><img loading=\"lazy\" decoding=\"async\" aria-describedby=\"caption-attachment-2790\" class=\"size-full wp-image-2790\" src=\"http:\/\/www.lelag.fr\/site\/wp-content\/uploads\/2015\/02\/Balles14Juillet1953-02.jpg\" alt=\"Les balles du 14 juillet 1953\" width=\"251\" height=\"200\" \/><\/a><p id=\"caption-attachment-2790\" class=\"wp-caption-text\">Les balles du 14 juillet 1953<\/p><\/div>\n<div id=\"attachment_2791\" style=\"width: 236px\" class=\"wp-caption aligncenter\"><a href=\"http:\/\/www.lelag.fr\/site\/wp-content\/uploads\/2015\/02\/Balles14Juillet1953-03.jpg\"><img loading=\"lazy\" decoding=\"async\" aria-describedby=\"caption-attachment-2791\" class=\"size-full wp-image-2791\" src=\"http:\/\/www.lelag.fr\/site\/wp-content\/uploads\/2015\/02\/Balles14Juillet1953-03.jpg\" alt=\"Les balles du 14 juillet 1953\" width=\"226\" height=\"223\" \/><\/a><p id=\"caption-attachment-2791\" class=\"wp-caption-text\">Les balles du 14 juillet 1953<\/p><\/div>\n<div id=\"attachment_2792\" style=\"width: 310px\" class=\"wp-caption aligncenter\"><a href=\"http:\/\/www.lelag.fr\/site\/wp-content\/uploads\/2015\/02\/Balles14Juillet1953-04.jpg\"><img loading=\"lazy\" decoding=\"async\" aria-describedby=\"caption-attachment-2792\" class=\"size-medium wp-image-2792\" src=\"http:\/\/www.lelag.fr\/site\/wp-content\/uploads\/2015\/02\/Balles14Juillet1953-04-300x216.jpg\" alt=\"Les balles du 14 juillet 1953\" width=\"300\" height=\"216\" srcset=\"https:\/\/www.lelag.fr\/site\/wp-content\/uploads\/2015\/02\/Balles14Juillet1953-04-300x216.jpg 300w, https:\/\/www.lelag.fr\/site\/wp-content\/uploads\/2015\/02\/Balles14Juillet1953-04-1024x737.jpg 1024w\" sizes=\"auto, (max-width: 300px) 100vw, 300px\" \/><\/a><p id=\"caption-attachment-2792\" class=\"wp-caption-text\">Les balles du 14 juillet 1953<\/p><\/div>\n","protected":false},"excerpt":{"rendered":"<p>Soir\u00e9e d&rsquo;ouverture du festival Bobines rebelles 2015, le vendredi 17 avril 2015, \u00e0 19h30. Attention ! Cette soir\u00e9e d\u2019ouverture se tient au centre Arc-en-Ciel, place Gambetta, \u00e0 Li\u00e9vin. Un film de Daniel Kupferstein \u2013 2014 \u2013 France \u2013 90 minutes &hellip; <a href=\"https:\/\/www.lelag.fr\/site\/les-balles-du-14-juillet-1953\/\">Continuer la lecture <span class=\"meta-nav\">&rarr;<\/span><\/a><\/p>\n","protected":false},"author":1,"featured_media":0,"comment_status":"closed","ping_status":"closed","sticky":false,"template":"","format":"standard","meta":{"footnotes":""},"categories":[11],"tags":[],"class_list":["post-2788","post","type-post","status-publish","format-standard","hentry","category-bobines-rebelles-2015"],"_links":{"self":[{"href":"https:\/\/www.lelag.fr\/site\/wp-json\/wp\/v2\/posts\/2788","targetHints":{"allow":["GET"]}}],"collection":[{"href":"https:\/\/www.lelag.fr\/site\/wp-json\/wp\/v2\/posts"}],"about":[{"href":"https:\/\/www.lelag.fr\/site\/wp-json\/wp\/v2\/types\/post"}],"author":[{"embeddable":true,"href":"https:\/\/www.lelag.fr\/site\/wp-json\/wp\/v2\/users\/1"}],"replies":[{"embeddable":true,"href":"https:\/\/www.lelag.fr\/site\/wp-json\/wp\/v2\/comments?post=2788"}],"version-history":[{"count":4,"href":"https:\/\/www.lelag.fr\/site\/wp-json\/wp\/v2\/posts\/2788\/revisions"}],"predecessor-version":[{"id":2859,"href":"https:\/\/www.lelag.fr\/site\/wp-json\/wp\/v2\/posts\/2788\/revisions\/2859"}],"wp:attachment":[{"href":"https:\/\/www.lelag.fr\/site\/wp-json\/wp\/v2\/media?parent=2788"}],"wp:term":[{"taxonomy":"category","embeddable":true,"href":"https:\/\/www.lelag.fr\/site\/wp-json\/wp\/v2\/categories?post=2788"},{"taxonomy":"post_tag","embeddable":true,"href":"https:\/\/www.lelag.fr\/site\/wp-json\/wp\/v2\/tags?post=2788"}],"curies":[{"name":"wp","href":"https:\/\/api.w.org\/{rel}","templated":true}]}}