{"id":2742,"date":"2015-01-18T17:50:00","date_gmt":"2015-01-18T16:50:00","guid":{"rendered":"http:\/\/www.lelag.fr\/site\/?p=2742"},"modified":"2015-01-18T17:50:00","modified_gmt":"2015-01-18T16:50:00","slug":"documentaire-et-soiree-debat-autour-du-livre-les-papiers-le-combat-de-la-dignite-ed-lharmattan-en-presence-de-lauteure-marie-cecile-pla","status":"publish","type":"post","link":"https:\/\/www.lelag.fr\/site\/documentaire-et-soiree-debat-autour-du-livre-les-papiers-le-combat-de-la-dignite-ed-lharmattan-en-presence-de-lauteure-marie-cecile-pla\/","title":{"rendered":"Documentaire et soir\u00e9e d\u00e9bat autour du livre \u00ab\u00a0Les papiers, le combat de la dignit\u00e9 \u00ab\u00a0, \u00e9d. L\u2019Harmattan en pr\u00e9sence de l&rsquo;auteure MARIE CECILE PLA."},"content":{"rendered":"<p style=\"text-align: center;\"><span class=\"textenoirsmallR\">vendredi 23 janvier \u00e0 19h30<br \/>\nau LAG 23 rue JEAN JAURES<br \/>\nLIEVIN<br \/>\nDu fait d&rsquo;une \u00ab politique de l&rsquo;immigration \u00bb absurde, irr\u00e9aliste et brutale, pour beaucoup d&rsquo;\u00e9trangers, peur, ins\u00e9curit\u00e9 et pr\u00e9carit\u00e9 sont l&rsquo;envers de la m\u00e9daille r\u00e9publicaine de libert\u00e9, \u00e9galit\u00e9, fraternit\u00e9. Qu&rsquo;on le veuille ou non, ils vivront avec nous et ne partiront pas. Nous vivrons ensemble et c&rsquo;est ensemble qu&rsquo;on trouvera le chemin d&rsquo;une socialit\u00e9 et d&rsquo;une convivialit\u00e9 qui restent \u00e0 inventer. Pour commencer, faisons connaissance, \u00e9coutons ce qu&rsquo;ils ont \u00e0 dire.<\/span><\/p>\n","protected":false},"excerpt":{"rendered":"<p>vendredi 23 janvier \u00e0 19h30 au LAG 23 rue JEAN JAURES LIEVIN Du fait d&rsquo;une \u00ab politique de l&rsquo;immigration \u00bb absurde, irr\u00e9aliste et brutale, pour beaucoup d&rsquo;\u00e9trangers, peur, ins\u00e9curit\u00e9 et pr\u00e9carit\u00e9 sont l&rsquo;envers de la m\u00e9daille r\u00e9publicaine de libert\u00e9, \u00e9galit\u00e9, &hellip; <a href=\"https:\/\/www.lelag.fr\/site\/documentaire-et-soiree-debat-autour-du-livre-les-papiers-le-combat-de-la-dignite-ed-lharmattan-en-presence-de-lauteure-marie-cecile-pla\/\">Continuer la lecture <span class=\"meta-nav\">&rarr;<\/span><\/a><\/p>\n","protected":false},"author":2,"featured_media":0,"comment_status":"closed","ping_status":"closed","sticky":false,"template":"","format":"standard","meta":{"footnotes":""},"categories":[3],"tags":[],"class_list":["post-2742","post","type-post","status-publish","format-standard","hentry","category-au-lag"],"_links":{"self":[{"href":"https:\/\/www.lelag.fr\/site\/wp-json\/wp\/v2\/posts\/2742","targetHints":{"allow":["GET"]}}],"collection":[{"href":"https:\/\/www.lelag.fr\/site\/wp-json\/wp\/v2\/posts"}],"about":[{"href":"https:\/\/www.lelag.fr\/site\/wp-json\/wp\/v2\/types\/post"}],"author":[{"embeddable":true,"href":"https:\/\/www.lelag.fr\/site\/wp-json\/wp\/v2\/users\/2"}],"replies":[{"embeddable":true,"href":"https:\/\/www.lelag.fr\/site\/wp-json\/wp\/v2\/comments?post=2742"}],"version-history":[{"count":2,"href":"https:\/\/www.lelag.fr\/site\/wp-json\/wp\/v2\/posts\/2742\/revisions"}],"predecessor-version":[{"id":2744,"href":"https:\/\/www.lelag.fr\/site\/wp-json\/wp\/v2\/posts\/2742\/revisions\/2744"}],"wp:attachment":[{"href":"https:\/\/www.lelag.fr\/site\/wp-json\/wp\/v2\/media?parent=2742"}],"wp:term":[{"taxonomy":"category","embeddable":true,"href":"https:\/\/www.lelag.fr\/site\/wp-json\/wp\/v2\/categories?post=2742"},{"taxonomy":"post_tag","embeddable":true,"href":"https:\/\/www.lelag.fr\/site\/wp-json\/wp\/v2\/tags?post=2742"}],"curies":[{"name":"wp","href":"https:\/\/api.w.org\/{rel}","templated":true}]}}