{"id":2696,"date":"2015-01-10T11:09:54","date_gmt":"2015-01-10T10:09:54","guid":{"rendered":"http:\/\/www.lelag.fr\/site\/?p=2696"},"modified":"2015-01-10T12:38:58","modified_gmt":"2015-01-10T11:38:58","slug":"3-decembre-2014-la-mythologie-du-mineur-et-le-sens-dune-celebration","status":"publish","type":"post","link":"https:\/\/www.lelag.fr\/site\/3-decembre-2014-la-mythologie-du-mineur-et-le-sens-dune-celebration\/","title":{"rendered":"3 d\u00e9cembre 2014 : \u00ab\u00a0La mythologie du mineur et le sens d&rsquo;une c\u00e9l\u00e9bration\u00a0\u00bb"},"content":{"rendered":"<p>Cette conf\u00e9rence s&rsquo;inscrit dans le cadre des <a title=\"Il y a 40 ans : Li\u00e9vin 1974\" href=\"http:\/\/www.lelag.fr\/site\/nos-projets\/il-y-a-40-ans-lievin-1974\/\">initiatives men\u00e9es par le collectif Li\u00e9vin 1974<\/a><\/p>\n<p>L&rsquo;enregistrement de cette conf\u00e9rence sera mis en ligne prochainement.<\/p>\n<p>\u00c0 lire \u00e9galement : <a href=\"http:\/\/www.lelag.fr\/site\/wp-content\/uploads\/2014\/10\/20141227-CommentairesCritiquesDiscoursLaurentDuporge.pdf\">un commentaire critique du discours de Laurent Duporge, le 27 d\u00e9cembre 2014.<\/a><\/p>\n<div id=\"attachment_2396\" style=\"width: 310px\" class=\"wp-caption aligncenter\"><a href=\"http:\/\/www.lelag.fr\/site\/wp-content\/uploads\/2014\/10\/RebelleRebelle-02.jpg\"><img loading=\"lazy\" decoding=\"async\" aria-describedby=\"caption-attachment-2396\" class=\"size-medium wp-image-2396\" src=\"http:\/\/www.lelag.fr\/site\/wp-content\/uploads\/2014\/10\/RebelleRebelle-02-300x239.jpg\" alt=\"Rebelle Rebelle \" width=\"300\" height=\"239\" srcset=\"https:\/\/www.lelag.fr\/site\/wp-content\/uploads\/2014\/10\/RebelleRebelle-02-300x239.jpg 300w, https:\/\/www.lelag.fr\/site\/wp-content\/uploads\/2014\/10\/RebelleRebelle-02-1024x817.jpg 1024w, https:\/\/www.lelag.fr\/site\/wp-content\/uploads\/2014\/10\/RebelleRebelle-02.jpg 1086w\" sizes=\"auto, (max-width: 300px) 100vw, 300px\" \/><\/a><p id=\"caption-attachment-2396\" class=\"wp-caption-text\">Rebelle Rebelle<\/p><\/div>\n<ul>\n<li><strong>Conf\u00e9rence<\/strong> de Bruno Matte\u00ef autour de <strong>la mythologie du mineur et du sens d&rsquo;une c\u00e9l\u00e9bration<\/strong> : <em>mercredi 3 d\u00e9cembre \u00e0 19h00 au LAG.<\/em><\/li>\n<\/ul>\n<p style=\"padding-left: 30px;\">Bruno Matte\u00ef est philosophe, auteur de \u00ab Rebelle, rebelle ! R\u00e9voltes et mythes du mineur 1830 &#8211; 1946 \u00bb.<\/p>\n<p style=\"padding-left: 30px;\">Le mineur, \u00e0 la fois redout\u00e9 et c\u00e9l\u00e9br\u00e9, a donn\u00e9 naissance \u00e0 une vaste mythologie : <strong>h\u00e9ros du travail, pr\u00eat au sacrifice de sa vie<\/strong>, et finalement bon enfant pour <strong>les patrons, la classe politique et le syndicat<\/strong>. Mais aussi <strong>avant-garde du combat ouvrier et r\u00e9volutionnaire<\/strong>, pour les socialistes, puis les communistes. Ce r\u00e9cit mythologique, au final, n&rsquo;a-t-il pas rendu maints services, en maintenant la <strong>domination la plus forte sur l&rsquo;ensemble des mineurs ?<\/strong><\/p>\n","protected":false},"excerpt":{"rendered":"<p>Cette conf\u00e9rence s&rsquo;inscrit dans le cadre des initiatives men\u00e9es par le collectif Li\u00e9vin 1974 L&rsquo;enregistrement de cette conf\u00e9rence sera mis en ligne prochainement. \u00c0 lire \u00e9galement : un commentaire critique du discours de Laurent Duporge, le 27 d\u00e9cembre 2014. Conf\u00e9rence &hellip; <a href=\"https:\/\/www.lelag.fr\/site\/3-decembre-2014-la-mythologie-du-mineur-et-le-sens-dune-celebration\/\">Continuer la lecture <span class=\"meta-nav\">&rarr;<\/span><\/a><\/p>\n","protected":false},"author":1,"featured_media":0,"comment_status":"closed","ping_status":"closed","sticky":false,"template":"","format":"standard","meta":{"footnotes":""},"categories":[3,10],"tags":[],"class_list":["post-2696","post","type-post","status-publish","format-standard","hentry","category-au-lag","category-lievin-1974"],"_links":{"self":[{"href":"https:\/\/www.lelag.fr\/site\/wp-json\/wp\/v2\/posts\/2696","targetHints":{"allow":["GET"]}}],"collection":[{"href":"https:\/\/www.lelag.fr\/site\/wp-json\/wp\/v2\/posts"}],"about":[{"href":"https:\/\/www.lelag.fr\/site\/wp-json\/wp\/v2\/types\/post"}],"author":[{"embeddable":true,"href":"https:\/\/www.lelag.fr\/site\/wp-json\/wp\/v2\/users\/1"}],"replies":[{"embeddable":true,"href":"https:\/\/www.lelag.fr\/site\/wp-json\/wp\/v2\/comments?post=2696"}],"version-history":[{"count":4,"href":"https:\/\/www.lelag.fr\/site\/wp-json\/wp\/v2\/posts\/2696\/revisions"}],"predecessor-version":[{"id":2718,"href":"https:\/\/www.lelag.fr\/site\/wp-json\/wp\/v2\/posts\/2696\/revisions\/2718"}],"wp:attachment":[{"href":"https:\/\/www.lelag.fr\/site\/wp-json\/wp\/v2\/media?parent=2696"}],"wp:term":[{"taxonomy":"category","embeddable":true,"href":"https:\/\/www.lelag.fr\/site\/wp-json\/wp\/v2\/categories?post=2696"},{"taxonomy":"post_tag","embeddable":true,"href":"https:\/\/www.lelag.fr\/site\/wp-json\/wp\/v2\/tags?post=2696"}],"curies":[{"name":"wp","href":"https:\/\/api.w.org\/{rel}","templated":true}]}}