{"id":2692,"date":"2015-01-10T11:03:07","date_gmt":"2015-01-10T10:03:07","guid":{"rendered":"http:\/\/www.lelag.fr\/site\/?p=2692"},"modified":"2015-01-10T11:16:41","modified_gmt":"2015-01-10T10:16:41","slug":"6-decembre-2014-dun-tribunal-populaire-a-lautre","status":"publish","type":"post","link":"https:\/\/www.lelag.fr\/site\/6-decembre-2014-dun-tribunal-populaire-a-lautre\/","title":{"rendered":"6 d\u00e9cembre 2014 : \u00ab\u00a0D&rsquo;un tribunal populaire \u00e0 l&rsquo;autre\u00a0\u00bb"},"content":{"rendered":"<p>Cette table ronde s&rsquo;inscrit dans le cadre des <a title=\"Il y a 40 ans : Li\u00e9vin 1974\" href=\"http:\/\/www.lelag.fr\/site\/nos-projets\/il-y-a-40-ans-lievin-1974\/\">initiatives men\u00e9es par le collectif Li\u00e9vin 1974<\/a><\/p>\n<p>Les enregistrements de cette table ronde seront publi\u00e9s prochainement.<\/p>\n<p>&nbsp;<\/p>\n<ul>\n<li><strong>Table ronde \u00ab\u00a0D&rsquo;un Tribunal populaire \u00e0 l&rsquo;autre\u00a0\u00bb<\/strong> anim\u00e9e par Jacques Kmieciak, en pr\u00e9sence de <strong>Bernard Leroy<\/strong> et <strong>Jacques Lacaze<\/strong>\u00a0: <em>samedi 6 d\u00e9cembre \u00e0 15h00 au LAG<\/em><\/li>\n<\/ul>\n<p>&nbsp;<\/p>\n<p><a href=\"http:\/\/lelag.fr\/lag\/20141206-TableRondeTribunauxPopulaires\">Le diaporama de cette table-ronde est consultable en ligne.<\/a><\/p>\n<p style=\"padding-left: 30px;\"><strong>Bernard Leroy<\/strong> \u00e9tait \u00e9l\u00e8ve-ing\u00e9nieur des mines \u00e0 l&rsquo;\u00e9poque du tribunal populaire de Lens (d\u00e9cembre 1970). Il fut l&rsquo;organisateur de l&rsquo;occupation de l&rsquo;\u00e9cole des mines de Paris puis<br \/>\norganisateur et jur\u00e9 lors du tribunal populaire de Lens de d\u00e9cembre 1970 ( avec Serge July, Marcel Debout, et Joseph Tournel). Il fut enfin jur\u00e9, \u00e0 partir du 14 d\u00e9cembre 1970, devant la cour de s\u00fbret\u00e9 de l&rsquo;Etat au Palais de Justice de Paris lors du proc\u00e8s des accus\u00e9s d&rsquo;H\u00e9nin-Li\u00e9tard. Il d\u00e9montrera devant la cour de suret\u00e9 de l&rsquo;Etat la responsabilit\u00e9 des Houill\u00e8res dans le drame de Fouqui\u00e8res-l\u00e8s-Lens et contribuera ainsi \u00e0 l&rsquo;acquittement des pr\u00e9venus.<\/p>\n<p style=\"padding-left: 30px;\"><strong>Jacques Lacaze<\/strong>, m\u00e9decin \u00e9tait pr\u00e9sident du tribunal populaire de Lens (mars 1975). Il \u00e9tait responsable de la cellule du Li\u00e9vinois du <a title=\"PCR-ml\" href=\"http:\/\/fr.wikipedia.org\/wiki\/Parti_communiste_r%C3%A9volutionnaire_%28marxiste-l%C3%A9niniste%29\">Parti Communiste R\u00e9volutionnaire &#8211; marxiste-l\u00e9niniste (PCR \u2013 ml)<\/a> en 1975.<\/p>\n<p style=\"padding-left: 30px;\">En introduction : <strong>\u00ab\u00a0Le Nord Pas-de-Calais un bastion du mouvement mao\u00efste fran\u00e7ais\u00a0\u00bb<\/strong>, par Jacques Kmieciak, journaliste.<\/p>\n","protected":false},"excerpt":{"rendered":"<p>Cette table ronde s&rsquo;inscrit dans le cadre des initiatives men\u00e9es par le collectif Li\u00e9vin 1974 Les enregistrements de cette table ronde seront publi\u00e9s prochainement. &nbsp; Table ronde \u00ab\u00a0D&rsquo;un Tribunal populaire \u00e0 l&rsquo;autre\u00a0\u00bb anim\u00e9e par Jacques Kmieciak, en pr\u00e9sence de Bernard &hellip; <a href=\"https:\/\/www.lelag.fr\/site\/6-decembre-2014-dun-tribunal-populaire-a-lautre\/\">Continuer la lecture <span class=\"meta-nav\">&rarr;<\/span><\/a><\/p>\n","protected":false},"author":1,"featured_media":0,"comment_status":"closed","ping_status":"closed","sticky":false,"template":"","format":"standard","meta":{"footnotes":""},"categories":[3,10],"tags":[],"class_list":["post-2692","post","type-post","status-publish","format-standard","hentry","category-au-lag","category-lievin-1974"],"_links":{"self":[{"href":"https:\/\/www.lelag.fr\/site\/wp-json\/wp\/v2\/posts\/2692","targetHints":{"allow":["GET"]}}],"collection":[{"href":"https:\/\/www.lelag.fr\/site\/wp-json\/wp\/v2\/posts"}],"about":[{"href":"https:\/\/www.lelag.fr\/site\/wp-json\/wp\/v2\/types\/post"}],"author":[{"embeddable":true,"href":"https:\/\/www.lelag.fr\/site\/wp-json\/wp\/v2\/users\/1"}],"replies":[{"embeddable":true,"href":"https:\/\/www.lelag.fr\/site\/wp-json\/wp\/v2\/comments?post=2692"}],"version-history":[{"count":3,"href":"https:\/\/www.lelag.fr\/site\/wp-json\/wp\/v2\/posts\/2692\/revisions"}],"predecessor-version":[{"id":2704,"href":"https:\/\/www.lelag.fr\/site\/wp-json\/wp\/v2\/posts\/2692\/revisions\/2704"}],"wp:attachment":[{"href":"https:\/\/www.lelag.fr\/site\/wp-json\/wp\/v2\/media?parent=2692"}],"wp:term":[{"taxonomy":"category","embeddable":true,"href":"https:\/\/www.lelag.fr\/site\/wp-json\/wp\/v2\/categories?post=2692"},{"taxonomy":"post_tag","embeddable":true,"href":"https:\/\/www.lelag.fr\/site\/wp-json\/wp\/v2\/tags?post=2692"}],"curies":[{"name":"wp","href":"https:\/\/api.w.org\/{rel}","templated":true}]}}