{"id":2683,"date":"2015-01-10T10:44:18","date_gmt":"2015-01-10T09:44:18","guid":{"rendered":"http:\/\/www.lelag.fr\/site\/?p=2683"},"modified":"2015-01-10T11:20:28","modified_gmt":"2015-01-10T10:20:28","slug":"le-19-decembre-conference-de-marion-fontaine","status":"publish","type":"post","link":"https:\/\/www.lelag.fr\/site\/le-19-decembre-conference-de-marion-fontaine\/","title":{"rendered":"Le 19 d\u00e9cembre : conf\u00e9rence de Marion Fontaine"},"content":{"rendered":"<p>Cette conf\u00e9rence s&rsquo;inscrit dans le cadre des <a title=\"Il y a 40 ans : Li\u00e9vin 1974\" href=\"http:\/\/www.lelag.fr\/site\/nos-projets\/il-y-a-40-ans-lievin-1974\/\">initiatives men\u00e9es par le collectif Li\u00e9vin 1974<\/a><\/p>\n<p>Nous publierons prochainement les enregistrements de cette conf\u00e9rence.<\/p>\n<div id=\"attachment_2684\" style=\"width: 310px\" class=\"wp-caption aligncenter\"><a href=\"http:\/\/www.lelag.fr\/site\/wp-content\/uploads\/2015\/01\/20141219-Lievin1974-MarionFontaine-001.png\"><img loading=\"lazy\" decoding=\"async\" aria-describedby=\"caption-attachment-2684\" class=\"size-medium wp-image-2684\" src=\"http:\/\/www.lelag.fr\/site\/wp-content\/uploads\/2015\/01\/20141219-Lievin1974-MarionFontaine-001-300x169.png\" alt=\"Vendredi 19 d\u00e9cembre 2014, au LAG \u00e0 Li\u00e9vin, Marion Fontaine  pr\u00e9sente son ouvrage &quot;Fin d'un monde ouvrier. Li\u00e9vin 1974&quot;\" width=\"300\" height=\"169\" srcset=\"https:\/\/www.lelag.fr\/site\/wp-content\/uploads\/2015\/01\/20141219-Lievin1974-MarionFontaine-001-300x169.png 300w, https:\/\/www.lelag.fr\/site\/wp-content\/uploads\/2015\/01\/20141219-Lievin1974-MarionFontaine-001-1024x576.png 1024w, https:\/\/www.lelag.fr\/site\/wp-content\/uploads\/2015\/01\/20141219-Lievin1974-MarionFontaine-001.png 1920w\" sizes=\"auto, (max-width: 300px) 100vw, 300px\" \/><\/a><p id=\"caption-attachment-2684\" class=\"wp-caption-text\">Vendredi 19 d\u00e9cembre 2014, au LAG \u00e0 Li\u00e9vin, Marion Fontaine<br \/>pr\u00e9sente son ouvrage \u00ab\u00a0Fin d&rsquo;un monde ouvrier. Li\u00e9vin 1974\u00a0\u00bb<\/p><\/div>\n<div id=\"attachment_2685\" style=\"width: 310px\" class=\"wp-caption aligncenter\"><a href=\"http:\/\/www.lelag.fr\/site\/wp-content\/uploads\/2015\/01\/20141219-Lievin1974-MarionFontaine-002.png\"><img loading=\"lazy\" decoding=\"async\" aria-describedby=\"caption-attachment-2685\" class=\"size-medium wp-image-2685\" src=\"http:\/\/www.lelag.fr\/site\/wp-content\/uploads\/2015\/01\/20141219-Lievin1974-MarionFontaine-002-300x169.png\" alt=\"Un auditoire attentif aux propos de l'universitaire\" width=\"300\" height=\"169\" srcset=\"https:\/\/www.lelag.fr\/site\/wp-content\/uploads\/2015\/01\/20141219-Lievin1974-MarionFontaine-002-300x169.png 300w, https:\/\/www.lelag.fr\/site\/wp-content\/uploads\/2015\/01\/20141219-Lievin1974-MarionFontaine-002-1024x576.png 1024w, https:\/\/www.lelag.fr\/site\/wp-content\/uploads\/2015\/01\/20141219-Lievin1974-MarionFontaine-002.png 1920w\" sizes=\"auto, (max-width: 300px) 100vw, 300px\" \/><\/a><p id=\"caption-attachment-2685\" class=\"wp-caption-text\">Un auditoire attentif aux propos de l&rsquo;universitaire<\/p><\/div>\n<ul>\n<li><strong>Conf\u00e9rence de Marion Fontaine<\/strong> autour d&rsquo;un livre \u00e0 para\u00eetre sur la catastrophe de Li\u00e9vin\u00a0 : <em>vendredi 19 d\u00e9cembre \u00e0 19h00 au LAG<\/em><\/li>\n<\/ul>\n<p style=\"padding-left: 30px;\"><strong>Marion Fontaine<\/strong>\u00a0est historienne, ma\u00eetre de conf\u00e9rence \u00e0 l&rsquo;univesit\u00e9 d&rsquo;Avignon Elle est notamment l&rsquo;auteure\u00a0 de \u00ab\u00a0Le Racing Club de Lens et les \u00ab\u00a0Gueules noires\u00a0\u00bb, essai d&rsquo;histoire sociale\u00a0\u00bb.<\/p>\n<p style=\"padding-left: 30px;\"><a href=\"http:\/\/www.lelag.fr\/site\/wp-content\/uploads\/2014\/10\/20141219-ConferenceMarionFontaine.pdf\">T\u00e9l\u00e9chargez la fiche de pr\u00e9sentation de la conf\u00e9rence de Marion Fontaine<\/a><\/p>\n<h1>La derni\u00e8re catastrophe ?<\/h1>\n<div id=\"attachment_2398\" style=\"width: 190px\" class=\"wp-caption aligncenter\"><a href=\"http:\/\/www.lelag.fr\/site\/wp-content\/uploads\/2014\/10\/FinDUnMondeOuvrier-Lievin1974-MarionFontaine.gif\"><img loading=\"lazy\" decoding=\"async\" aria-describedby=\"caption-attachment-2398\" class=\"size-medium wp-image-2398\" src=\"http:\/\/www.lelag.fr\/site\/wp-content\/uploads\/2014\/10\/FinDUnMondeOuvrier-Lievin1974-MarionFontaine-180x300.gif\" alt=\"Fin d'un monde ouvrier - Li\u00e9vin 1974 - Marion Fontaine\" width=\"180\" height=\"300\" \/><\/a><p id=\"caption-attachment-2398\" class=\"wp-caption-text\">Fin d&rsquo;un monde ouvrier &#8211; Li\u00e9vin 1974 &#8211; Marion Fontaine<\/p><\/div>\n<p><em>Li\u00e9vin, 1974 : la d\u00e9sindustrialisation en question<\/em><\/p>\n<p><strong>R\u00e9sum\u00e9 du livre de Marion Fontaine (sortie pr\u00e9vue \u00e0 la mi-novembre)<\/strong><\/p>\n<p>Le 27 d\u00e9cembre 1974 se produit \u00e0 Li\u00e9vin, dans le Nord, la plus grave catastrophe mini\u00e8re fran\u00e7aise de l\u2019apr\u00e8s-guerre : elle fait 42 morts. En mobilisant des sources vari\u00e9es, cet ouvrage se penche sur les diff\u00e9rents modes de traitement m\u00e9diatique, politique et militant, judiciaire de l\u2019\u00e9v\u00e8nement. Ces derniers dessinent les traits d\u2019une catastrophe inscrite dans une situation de transition : Li\u00e9vin ranime les vieux mythes du mineur-martyr et de la mine infernale toujours pr\u00e9sents depuis Germinal ; simultan\u00e9ment l\u2019\u00e9v\u00e8nement porte la trace des \u00ab ann\u00e9es 68 \u00bb finissantes et donne lieu \u00e0 des mobilisations, ou \u00e0 des esquisses de mobilisations d\u2019un nouveau type ; on voit poindre \u00e0 travers lui enfin des figures appel\u00e9es \u00e0 un bel avenir, celle de la victime ou encore celle du \u00ab petit juge \u00bb luttant contre les \u00e9lites mini\u00e8res. Mais, au-del\u00e0 du cas de Li\u00e9vin, ce livre cherche aussi \u00e0 tracer les traits d\u2019une perspective plus large. La catastrophe s\u2019inscrit dans ce moment de basculement du milieu des ann\u00e9es 1970, entre la fin des fameuses \u00ab Trente Glorieuses \u00bb et l\u2019entr\u00e9e dans la non moins fameuse \u00ab crise \u00bb. L\u2019enjeu est aussi de cerner quelques aspects de ce basculement, d\u2019interroger sous l\u2019angle de l\u2019histoire sociale et politique le processus de d\u00e9sindustrialisation, de creuser surtout cet instant o\u00f9 le mythe ouvrier, autant que la classe ouvri\u00e8re perdent de leur \u00e9vidence. Il y a l\u00e0 autant de questions qui, 40 ans apr\u00e8s Li\u00e9vin, loin d\u2019\u00eatre r\u00e9solues, ne cessent de traverser nos soci\u00e9t\u00e9s.<\/p>\n","protected":false},"excerpt":{"rendered":"<p>Cette conf\u00e9rence s&rsquo;inscrit dans le cadre des initiatives men\u00e9es par le collectif Li\u00e9vin 1974 Nous publierons prochainement les enregistrements de cette conf\u00e9rence. Conf\u00e9rence de Marion Fontaine autour d&rsquo;un livre \u00e0 para\u00eetre sur la catastrophe de Li\u00e9vin\u00a0 : vendredi 19 d\u00e9cembre &hellip; <a href=\"https:\/\/www.lelag.fr\/site\/le-19-decembre-conference-de-marion-fontaine\/\">Continuer la lecture <span class=\"meta-nav\">&rarr;<\/span><\/a><\/p>\n","protected":false},"author":1,"featured_media":0,"comment_status":"closed","ping_status":"closed","sticky":false,"template":"","format":"standard","meta":{"footnotes":""},"categories":[3,10],"tags":[],"class_list":["post-2683","post","type-post","status-publish","format-standard","hentry","category-au-lag","category-lievin-1974"],"_links":{"self":[{"href":"https:\/\/www.lelag.fr\/site\/wp-json\/wp\/v2\/posts\/2683","targetHints":{"allow":["GET"]}}],"collection":[{"href":"https:\/\/www.lelag.fr\/site\/wp-json\/wp\/v2\/posts"}],"about":[{"href":"https:\/\/www.lelag.fr\/site\/wp-json\/wp\/v2\/types\/post"}],"author":[{"embeddable":true,"href":"https:\/\/www.lelag.fr\/site\/wp-json\/wp\/v2\/users\/1"}],"replies":[{"embeddable":true,"href":"https:\/\/www.lelag.fr\/site\/wp-json\/wp\/v2\/comments?post=2683"}],"version-history":[{"count":4,"href":"https:\/\/www.lelag.fr\/site\/wp-json\/wp\/v2\/posts\/2683\/revisions"}],"predecessor-version":[{"id":2706,"href":"https:\/\/www.lelag.fr\/site\/wp-json\/wp\/v2\/posts\/2683\/revisions\/2706"}],"wp:attachment":[{"href":"https:\/\/www.lelag.fr\/site\/wp-json\/wp\/v2\/media?parent=2683"}],"wp:term":[{"taxonomy":"category","embeddable":true,"href":"https:\/\/www.lelag.fr\/site\/wp-json\/wp\/v2\/categories?post=2683"},{"taxonomy":"post_tag","embeddable":true,"href":"https:\/\/www.lelag.fr\/site\/wp-json\/wp\/v2\/tags?post=2683"}],"curies":[{"name":"wp","href":"https:\/\/api.w.org\/{rel}","templated":true}]}}