{"id":2676,"date":"2015-01-10T10:26:55","date_gmt":"2015-01-10T09:26:55","guid":{"rendered":"http:\/\/www.lelag.fr\/site\/?p=2676"},"modified":"2015-01-10T10:58:27","modified_gmt":"2015-01-10T09:58:27","slug":"27-decembre-2014-a-lievin","status":"publish","type":"post","link":"https:\/\/www.lelag.fr\/site\/27-decembre-2014-a-lievin\/","title":{"rendered":"27 d\u00e9cembre 2014 \u00e0 Li\u00e9vin"},"content":{"rendered":"<p style=\"text-align: left;\" align=\"center\">Cette action s&rsquo;inscrit dans le cadre des <a title=\"Il y a 40 ans : Li\u00e9vin 1974\" href=\"http:\/\/www.lelag.fr\/site\/nos-projets\/il-y-a-40-ans-lievin-1974\/\">initiatives men\u00e9es par le collectif Li\u00e9vin 1974<\/a><\/p>\n<p align=\"center\"><span style=\"font-size: large;\"><b>Recueillement au pied de la plaque en hommage aux \u00ab\u00a0<\/b><i><b>42 mineurs envoy\u00e9s \u00e0 la mort<\/b><\/i><b>\u00a0\u00bb par les Houill\u00e8res <\/b><\/span><\/p>\n<p align=\"justify\"><span style=\"font-size: medium;\">A Li\u00e9vin, ce samedi 27 d\u00e9cembre 2014, Jacques Lacaze du Collectif \u00ab\u00a0Li\u00e9vin 1974\u00a0\u00bb a rappel\u00e9 l&rsquo;historique d&rsquo;un m\u00e9morial souhait\u00e9 par la Commission populaire d&rsquo;Enqu\u00eate elle-m\u00eame impuls\u00e9e, quelques jours apr\u00e8s le meurtrier coup de grisou du 27 d\u00e9cembre 1974, par le Parti communiste r\u00e9volutionnaire marxiste-l\u00e9niniste (PCR &#8211; ml) d&rsquo;inspiration mao\u00efste. Les travaux de cette commission seront expos\u00e9s dans le cadre d&rsquo;un Tribunal populaire r\u00e9uni au cin\u00e9ma L&rsquo;Apollo \u00e0 Lens, le 22 mars 1975. Pr\u00e9sid\u00e9 par Jacques Lacaze, le Tribunal conclut \u00e0 la responsabilit\u00e9 des Houill\u00e8res publiques dans ce drame. Le m\u00eame jour, une manifestation dans les rues de Li\u00e9vin conduit ses participants vers les murs d&rsquo;enceinte de la fosse 3 o\u00f9 la plaque en hommage aux \u00ab\u00a0<i>42 mineurs envoy\u00e9s \u00e0 la mort\u00a0<\/i>\u00bb par l&rsquo;Etat-patron est pos\u00e9e, et un monument portant le nom des 42 victimes \u00e9rig\u00e9 \u00e0 proximit\u00e9. Maire socialiste de Li\u00e9vin, Henri Darras en exigera la d\u00e9molition. Sans succ\u00e8s\u00a0! Outre Christian Champir\u00e9 (maire PCF de Grenay) et Christian Del\u00e9pine (juge prud&rsquo;homal CGT d\u00e9chu par l&rsquo;Etat), des militants du PCF, du PG, de la CGT, de SUD, de LO et de la CNT participaient \u00e0 cette comm\u00e9moration, en marge de la pr\u00e9sence du premier Ministre Manuel Valls \u00e0 la c\u00e9r\u00e9monie organis\u00e9e par la municipalit\u00e9.<\/span><\/p>\n<div id=\"attachment_2677\" style=\"width: 310px\" class=\"wp-caption aligncenter\"><a href=\"http:\/\/www.lelag.fr\/site\/wp-content\/uploads\/2015\/01\/20141227-RassemblementLievin74.jpg\"><img loading=\"lazy\" decoding=\"async\" aria-describedby=\"caption-attachment-2677\" class=\"size-medium wp-image-2677\" src=\"http:\/\/www.lelag.fr\/site\/wp-content\/uploads\/2015\/01\/20141227-RassemblementLievin74-300x169.jpg\" alt=\"27 d\u00e9cembre 2014 - Recueillement au pied de la plaque en hommage                                                   aux \u00ab 42 mineurs envoy\u00e9s \u00e0 la mort \u00bb par les Houill\u00e8res \" width=\"300\" height=\"169\" srcset=\"https:\/\/www.lelag.fr\/site\/wp-content\/uploads\/2015\/01\/20141227-RassemblementLievin74-300x169.jpg 300w, https:\/\/www.lelag.fr\/site\/wp-content\/uploads\/2015\/01\/20141227-RassemblementLievin74-1024x576.jpg 1024w, https:\/\/www.lelag.fr\/site\/wp-content\/uploads\/2015\/01\/20141227-RassemblementLievin74.jpg 1920w\" sizes=\"auto, (max-width: 300px) 100vw, 300px\" \/><\/a><p id=\"caption-attachment-2677\" class=\"wp-caption-text\">27 d\u00e9cembre 2014 &#8211; Recueillement au pied de la plaque en hommage aux \u00ab\u00a042 mineurs envoy\u00e9s \u00e0 la mort\u00a0\u00bb par les Houill\u00e8res<\/p><\/div>\n<div id=\"attachment_2678\" style=\"width: 310px\" class=\"wp-caption aligncenter\"><a href=\"http:\/\/www.lelag.fr\/site\/wp-content\/uploads\/2015\/01\/IMG_0001.jpg\"><img loading=\"lazy\" decoding=\"async\" aria-describedby=\"caption-attachment-2678\" class=\"size-medium wp-image-2678\" src=\"http:\/\/www.lelag.fr\/site\/wp-content\/uploads\/2015\/01\/IMG_0001-300x225.jpg\" alt=\"Plaque de la commission populaire d'enqu\u00eate - Li\u00e9vin 1974\" width=\"300\" height=\"225\" srcset=\"https:\/\/www.lelag.fr\/site\/wp-content\/uploads\/2015\/01\/IMG_0001-300x225.jpg 300w, https:\/\/www.lelag.fr\/site\/wp-content\/uploads\/2015\/01\/IMG_0001-1024x768.jpg 1024w\" sizes=\"auto, (max-width: 300px) 100vw, 300px\" \/><\/a><p id=\"caption-attachment-2678\" class=\"wp-caption-text\">Plaque de la commission populaire d&rsquo;enqu\u00eate &#8211; Li\u00e9vin 1974<\/p><\/div>\n","protected":false},"excerpt":{"rendered":"<p>Cette action s&rsquo;inscrit dans le cadre des initiatives men\u00e9es par le collectif Li\u00e9vin 1974 Recueillement au pied de la plaque en hommage aux \u00ab\u00a042 mineurs envoy\u00e9s \u00e0 la mort\u00a0\u00bb par les Houill\u00e8res A Li\u00e9vin, ce samedi 27 d\u00e9cembre 2014, Jacques &hellip; <a href=\"https:\/\/www.lelag.fr\/site\/27-decembre-2014-a-lievin\/\">Continuer la lecture <span class=\"meta-nav\">&rarr;<\/span><\/a><\/p>\n","protected":false},"author":1,"featured_media":0,"comment_status":"closed","ping_status":"closed","sticky":false,"template":"","format":"standard","meta":{"footnotes":""},"categories":[10],"tags":[],"class_list":["post-2676","post","type-post","status-publish","format-standard","hentry","category-lievin-1974"],"_links":{"self":[{"href":"https:\/\/www.lelag.fr\/site\/wp-json\/wp\/v2\/posts\/2676","targetHints":{"allow":["GET"]}}],"collection":[{"href":"https:\/\/www.lelag.fr\/site\/wp-json\/wp\/v2\/posts"}],"about":[{"href":"https:\/\/www.lelag.fr\/site\/wp-json\/wp\/v2\/types\/post"}],"author":[{"embeddable":true,"href":"https:\/\/www.lelag.fr\/site\/wp-json\/wp\/v2\/users\/1"}],"replies":[{"embeddable":true,"href":"https:\/\/www.lelag.fr\/site\/wp-json\/wp\/v2\/comments?post=2676"}],"version-history":[{"count":2,"href":"https:\/\/www.lelag.fr\/site\/wp-json\/wp\/v2\/posts\/2676\/revisions"}],"predecessor-version":[{"id":2690,"href":"https:\/\/www.lelag.fr\/site\/wp-json\/wp\/v2\/posts\/2676\/revisions\/2690"}],"wp:attachment":[{"href":"https:\/\/www.lelag.fr\/site\/wp-json\/wp\/v2\/media?parent=2676"}],"wp:term":[{"taxonomy":"category","embeddable":true,"href":"https:\/\/www.lelag.fr\/site\/wp-json\/wp\/v2\/categories?post=2676"},{"taxonomy":"post_tag","embeddable":true,"href":"https:\/\/www.lelag.fr\/site\/wp-json\/wp\/v2\/tags?post=2676"}],"curies":[{"name":"wp","href":"https:\/\/api.w.org\/{rel}","templated":true}]}}