{"id":2665,"date":"2015-01-10T09:55:57","date_gmt":"2015-01-10T08:55:57","guid":{"rendered":"http:\/\/www.lelag.fr\/site\/?p=2665"},"modified":"2015-01-10T14:27:30","modified_gmt":"2015-01-10T13:27:30","slug":"20-decembre-2014-a-calonne-ricouart","status":"publish","type":"post","link":"https:\/\/www.lelag.fr\/site\/20-decembre-2014-a-calonne-ricouart\/","title":{"rendered":"20 d\u00e9cembre 2014 \u00e0 calonne Ricouart"},"content":{"rendered":"<p>Cette action s&rsquo;inscrit dans le cadre des <a title=\"Il y a 40 ans : Li\u00e9vin 1974\" href=\"http:\/\/www.lelag.fr\/site\/nos-projets\/il-y-a-40-ans-lievin-1974\/\">initiatives men\u00e9es par le collectif Li\u00e9vin 1974<\/a><\/p>\n<p>A Calonne-Ricouart, ce samedi 20 d\u00e9cembre \u00e0 10h : un hommage aux victimes de Li\u00e9vin<\/p>\n<p><a href=\"http:\/\/www.lelag.fr\/site\/wp-content\/uploads\/2014\/10\/ChevalementPotence-CalonneRicouart.png\"><img loading=\"lazy\" decoding=\"async\" class=\"wp-image-2394 size-medium aligncenter\" src=\"http:\/\/www.lelag.fr\/site\/wp-content\/uploads\/2014\/10\/ChevalementPotence-CalonneRicouart-300x175.png\" alt=\"Chevalement - potence - Calonne-Ricouart\" width=\"300\" height=\"175\" srcset=\"https:\/\/www.lelag.fr\/site\/wp-content\/uploads\/2014\/10\/ChevalementPotence-CalonneRicouart-300x175.png 300w, https:\/\/www.lelag.fr\/site\/wp-content\/uploads\/2014\/10\/ChevalementPotence-CalonneRicouart.png 1024w\" sizes=\"auto, (max-width: 300px) 100vw, 300px\" \/><\/a><\/p>\n<ul>\n<p>En d\u00e9cembre 1974, la catastrophe de Li\u00e9vin faisait 42 victimes \u00e0 la suite d&rsquo;un coup de grisou\u00a0: 42 mineurs de charbon de la fosse 3 assassin\u00e9s par les Houill\u00e8res publiques du Nord-Pas-de-Calais. Fid\u00e8le \u00e0 la logique des compagnies mini\u00e8res priv\u00e9es d&rsquo;avant-guerre, l&rsquo;Etat-patron a en effet, d\u00e8s la Lib\u00e9ration, privil\u00e9gi\u00e9 le rendement \u00e0 la s\u00e9curit\u00e9. Reprenant \u00e0 son compte la \u00ab\u00a0mythologie du mineur\u00a0\u00bb consolid\u00e9e par le patronat d\u00e8s le XIXe si\u00e8cle, les Houill\u00e8res enfermaient parall\u00e8lement la corporation mini\u00e8re dans un syst\u00e8me de repr\u00e9sentations l&rsquo;incitant \u00e0 accepter les conditions de son exploitation. Entre 1945 et 1970, il y a eu un millier d\u2019accidents mortels dans les mines (3000 victimes environ) et pourtant l\u2019article 319 du Code p\u00e9nal, qui aurait d\u00fb \u00eatre appliqu\u00e9 aux ing\u00e9nieurs et donneurs d\u2019ordre pour imprudence, n\u00e9gligence ou non observation du r\u00e8glement, ne l\u2019avait jamais \u00e9t\u00e9 jusqu\u2019alors. En 1995, sous l&rsquo;impulsion de Joseph Tournel, une figure du mouvement ouvrier r\u00e9gional, l&rsquo;Alliance rouge et noire prenait l&rsquo;initiative de l&rsquo;\u00e9rection d&rsquo;un chevalement sous forme de potence. Son objectif\u00a0? D\u00e9noncer l&rsquo;enfer des Mines et l&rsquo;impunit\u00e9 accord\u00e9e aux responsables de catastrophes qui ne devaient rien \u00e0 la fatalit\u00e9. En 2008, Andr\u00e9 Delcourt, le maire communiste de Calonne-Ricouart se proposait d&rsquo;accueillir une nouvelle version &#8211; m\u00e9tallique cette fois &#8211; de ce m\u00e9morial.<\/p>\n<p>Dans le cadre du 40e anniversaire de la catastrophe de Li\u00e9vin, \u00e0 l&rsquo;initiative du Collectif \u00ab\u00a0Li\u00e9vin 1974\u00a0\u00bb et de la municipalit\u00e9 communiste de Calonne-Ricouart, un hommage a \u00e9t\u00e9 rendu aux \u00ab\u00a0gueules noires, n\u00e8gres blancs\u00a0\u00bb sacrifi\u00e9s sur l&rsquo;autel de la rentabilit\u00e9 capitaliste, ce samedi 20 d\u00e9cembre \u00e0 10h au pied du chevalement-potence, \u00e0 proximit\u00e9 de l&rsquo;h\u00f4tel de ville de Calonne-Ricouart.<\/p>\n<p>Des interventions ont \u00e9t\u00e9 faites par :<\/p>\n<ul>\n<li>Jacques KMIECIAK (Collectif Li\u00e9vin 1874) sur l&rsquo;historique du chevalement-potence (voir ci-dessus).<\/li>\n<li>Lucien PETIT (Collectif Li\u00e9vin 1974) autour des initiatives prises par le Collectif \u00e0 l&rsquo;occasion du 40e anniversaire de la catastrophe de d\u00e9cembre 1974.<\/li>\n<li>Ludovic GUYOT, maire PCF de Calonne-Ricouart : rappel notamment des circonstances de la catastrophe du terril de Quennehem d&rsquo;ao\u00fbt 1975.<\/li>\n<\/ul>\n<p>C\u00e9r\u00e9monie en pr\u00e9sence de Jacques LACAZE (pr\u00e9sident du Tribunal<br \/>\npopulaire de Li\u00e9vin de mars 1975) et de Bruno MATTEI (philosophe,<br \/>\nauteur de \u00ab Rebelle, rebelle ! R\u00e9voltes et mythes du mineur 1830\u20131946 \u00bb.<\/p>\n<div id=\"attachment_2670\" style=\"width: 310px\" class=\"wp-caption aligncenter\"><a href=\"http:\/\/www.lelag.fr\/site\/wp-content\/uploads\/2015\/01\/P1070444.jpg\"><img loading=\"lazy\" decoding=\"async\" aria-describedby=\"caption-attachment-2670\" class=\"size-medium wp-image-2670\" src=\"http:\/\/www.lelag.fr\/site\/wp-content\/uploads\/2015\/01\/P1070444-300x169.jpg\" alt=\"20 d\u00e9cembre 2014 - Li\u00e9vin 1974 - Calonne Ricouart\" width=\"300\" height=\"169\" srcset=\"https:\/\/www.lelag.fr\/site\/wp-content\/uploads\/2015\/01\/P1070444-300x169.jpg 300w, https:\/\/www.lelag.fr\/site\/wp-content\/uploads\/2015\/01\/P1070444-1024x576.jpg 1024w, https:\/\/www.lelag.fr\/site\/wp-content\/uploads\/2015\/01\/P1070444.jpg 1920w\" sizes=\"auto, (max-width: 300px) 100vw, 300px\" \/><\/a><p id=\"caption-attachment-2670\" class=\"wp-caption-text\">20 d\u00e9cembre 2014 &#8211; Li\u00e9vin 1974 &#8211; Calonne Ricouart<\/p><\/div>\n<div id=\"attachment_2672\" style=\"width: 179px\" class=\"wp-caption aligncenter\"><a href=\"http:\/\/www.lelag.fr\/site\/wp-content\/uploads\/2015\/01\/P1070446.jpg\"><img loading=\"lazy\" decoding=\"async\" aria-describedby=\"caption-attachment-2672\" class=\"size-medium wp-image-2672\" src=\"http:\/\/www.lelag.fr\/site\/wp-content\/uploads\/2015\/01\/P1070446-169x300.jpg\" alt=\"20 d\u00e9cembre 2014 - Li\u00e9vin 1974 - Calonne Ricouart\" width=\"169\" height=\"300\" srcset=\"https:\/\/www.lelag.fr\/site\/wp-content\/uploads\/2015\/01\/P1070446-169x300.jpg 169w, https:\/\/www.lelag.fr\/site\/wp-content\/uploads\/2015\/01\/P1070446-576x1024.jpg 576w, https:\/\/www.lelag.fr\/site\/wp-content\/uploads\/2015\/01\/P1070446.jpg 1080w\" sizes=\"auto, (max-width: 169px) 100vw, 169px\" \/><\/a><p id=\"caption-attachment-2672\" class=\"wp-caption-text\">20 d\u00e9cembre 2014 &#8211; Li\u00e9vin 1974 &#8211; Calonne Ricouart<\/p><\/div>\n<div id=\"attachment_2681\" style=\"width: 310px\" class=\"wp-caption aligncenter\"><a href=\"http:\/\/www.lelag.fr\/site\/wp-content\/uploads\/2015\/01\/20141220-Lievin1974-CalonneRicouart-003.png\"><img loading=\"lazy\" decoding=\"async\" aria-describedby=\"caption-attachment-2681\" class=\"size-medium wp-image-2681\" src=\"http:\/\/www.lelag.fr\/site\/wp-content\/uploads\/2015\/01\/20141220-Lievin1974-CalonneRicouart-003-300x225.png\" alt=\"20 d\u00e9cembre 2014 - Li\u00e9vin 1974 - Calonne Ricouart\" width=\"300\" height=\"225\" srcset=\"https:\/\/www.lelag.fr\/site\/wp-content\/uploads\/2015\/01\/20141220-Lievin1974-CalonneRicouart-003-300x225.png 300w, https:\/\/www.lelag.fr\/site\/wp-content\/uploads\/2015\/01\/20141220-Lievin1974-CalonneRicouart-003-1024x768.png 1024w, https:\/\/www.lelag.fr\/site\/wp-content\/uploads\/2015\/01\/20141220-Lievin1974-CalonneRicouart-003.png 1600w\" sizes=\"auto, (max-width: 300px) 100vw, 300px\" \/><\/a><p id=\"caption-attachment-2681\" class=\"wp-caption-text\">20 d\u00e9cembre 2014 &#8211; Li\u00e9vin 1974 &#8211; Calonne Ricouart<\/p><\/div>\n","protected":false},"excerpt":{"rendered":"<p>Cette action s&rsquo;inscrit dans le cadre des initiatives men\u00e9es par le collectif Li\u00e9vin 1974 A Calonne-Ricouart, ce samedi 20 d\u00e9cembre \u00e0 10h : un hommage aux victimes de Li\u00e9vin En d\u00e9cembre 1974, la catastrophe de Li\u00e9vin faisait 42 victimes \u00e0 &hellip; <a href=\"https:\/\/www.lelag.fr\/site\/20-decembre-2014-a-calonne-ricouart\/\">Continuer la lecture <span class=\"meta-nav\">&rarr;<\/span><\/a><\/p>\n","protected":false},"author":1,"featured_media":0,"comment_status":"closed","ping_status":"closed","sticky":false,"template":"","format":"standard","meta":{"footnotes":""},"categories":[10],"tags":[],"class_list":["post-2665","post","type-post","status-publish","format-standard","hentry","category-lievin-1974"],"_links":{"self":[{"href":"https:\/\/www.lelag.fr\/site\/wp-json\/wp\/v2\/posts\/2665","targetHints":{"allow":["GET"]}}],"collection":[{"href":"https:\/\/www.lelag.fr\/site\/wp-json\/wp\/v2\/posts"}],"about":[{"href":"https:\/\/www.lelag.fr\/site\/wp-json\/wp\/v2\/types\/post"}],"author":[{"embeddable":true,"href":"https:\/\/www.lelag.fr\/site\/wp-json\/wp\/v2\/users\/1"}],"replies":[{"embeddable":true,"href":"https:\/\/www.lelag.fr\/site\/wp-json\/wp\/v2\/comments?post=2665"}],"version-history":[{"count":8,"href":"https:\/\/www.lelag.fr\/site\/wp-json\/wp\/v2\/posts\/2665\/revisions"}],"predecessor-version":[{"id":2720,"href":"https:\/\/www.lelag.fr\/site\/wp-json\/wp\/v2\/posts\/2665\/revisions\/2720"}],"wp:attachment":[{"href":"https:\/\/www.lelag.fr\/site\/wp-json\/wp\/v2\/media?parent=2665"}],"wp:term":[{"taxonomy":"category","embeddable":true,"href":"https:\/\/www.lelag.fr\/site\/wp-json\/wp\/v2\/categories?post=2665"},{"taxonomy":"post_tag","embeddable":true,"href":"https:\/\/www.lelag.fr\/site\/wp-json\/wp\/v2\/tags?post=2665"}],"curies":[{"name":"wp","href":"https:\/\/api.w.org\/{rel}","templated":true}]}}