{"id":2500,"date":"2014-12-29T12:17:43","date_gmt":"2014-12-29T11:17:43","guid":{"rendered":"http:\/\/www.lelag.fr\/site\/?p=2500"},"modified":"2015-01-10T10:09:17","modified_gmt":"2015-01-10T09:09:17","slug":"lievin-1974-retours-presse","status":"publish","type":"post","link":"https:\/\/www.lelag.fr\/site\/lievin-1974-retours-presse\/","title":{"rendered":"Li\u00e9vin 1974 : retours presse"},"content":{"rendered":"<p>Le collectif Li\u00e9vin 1974 se proposait d&rsquo;organiser diff\u00e9rentes manifestations propres \u00e0 revisiter la catastrophe de Li\u00e9vin, en d\u00e9cembre 1974. <a title=\"Il y a 40 ans : Li\u00e9vin 1974\" href=\"http:\/\/www.lelag.fr\/site\/nos-projets\/il-y-a-40-ans-lievin-1974\/\">Voir l&rsquo;article qui annonce ces diff\u00e9rentes manifestations.<\/a><\/p>\n<p>Nous faisons ici un retour sur ces initiatives, au travers de la couverture que la presse r\u00e9gionale et nationale lui a consacr\u00e9e.<\/p>\n<h2>11 octobre 2014 &#8211; La Voix du Nord<\/h2>\n<p>Un article qui fait suite \u00e0 la conf\u00e9rence de presse organis\u00e9e par notre collectif.<\/p>\n<p>Cliquez sur l&rsquo;image, pour t\u00e9l\u00e9charger l&rsquo;article PDF.<\/p>\n<div id=\"attachment_2503\" style=\"width: 310px\" class=\"wp-caption aligncenter\"><a href=\"http:\/\/www.lelag.fr\/site\/wp-content\/uploads\/2014\/12\/20141011-CatastropheLievin.pdf\"><img loading=\"lazy\" decoding=\"async\" aria-describedby=\"caption-attachment-2503\" class=\"wp-image-2503 size-medium\" src=\"http:\/\/www.lelag.fr\/site\/wp-content\/uploads\/2014\/12\/20141011-CatastropheLievin-300x243.png\" alt=\"La Voix du Nord - 11 octobre 2014\" width=\"300\" height=\"243\" srcset=\"https:\/\/www.lelag.fr\/site\/wp-content\/uploads\/2014\/12\/20141011-CatastropheLievin-300x243.png 300w, https:\/\/www.lelag.fr\/site\/wp-content\/uploads\/2014\/12\/20141011-CatastropheLievin-1024x829.png 1024w, https:\/\/www.lelag.fr\/site\/wp-content\/uploads\/2014\/12\/20141011-CatastropheLievin.png 1026w\" sizes=\"auto, (max-width: 300px) 100vw, 300px\" \/><\/a><p id=\"caption-attachment-2503\" class=\"wp-caption-text\">La Voix du Nord &#8211; 11 octobre 2014<\/p><\/div>\n<p>&nbsp;<\/p>\n<h2>13 octobre 2014 &#8211; Radio Scarpe Sens\u00e9e<\/h2>\n<p>Une interview de Jacques L. et Lucien P. , du collectif Li\u00e9vin 1974, par Radio Scarpe Sens\u00e9e<\/p>\n<audio class=\"wp-audio-shortcode\" id=\"audio-2500-1\" preload=\"none\" style=\"width: 100%;\" controls=\"controls\"><source type=\"audio\/mpeg\" src=\"http:\/\/www.lelag.fr\/site\/wp-content\/uploads\/2014\/12\/20141013-Lievin74-RadioScarpeSensee.mp3?_=1\" \/><a href=\"http:\/\/www.lelag.fr\/site\/wp-content\/uploads\/2014\/12\/20141013-Lievin74-RadioScarpeSensee.mp3\">http:\/\/www.lelag.fr\/site\/wp-content\/uploads\/2014\/12\/20141013-Lievin74-RadioScarpeSensee.mp3<\/a><\/audio>\n<p>&nbsp;<\/p>\n<h2>13 octobre 2014 &#8211; RDL<\/h2>\n<p>Une interview de Jacques K., du collectif Li\u00e9vin 1974, par la radio RDL<\/p>\n<audio class=\"wp-audio-shortcode\" id=\"audio-2500-2\" preload=\"none\" style=\"width: 100%;\" controls=\"controls\"><source type=\"audio\/mpeg\" src=\"http:\/\/www.lelag.fr\/site\/wp-content\/uploads\/2014\/12\/20141013-Lievin74-RDL.mp3?_=2\" \/><a href=\"http:\/\/www.lelag.fr\/site\/wp-content\/uploads\/2014\/12\/20141013-Lievin74-RDL.mp3\">http:\/\/www.lelag.fr\/site\/wp-content\/uploads\/2014\/12\/20141013-Lievin74-RDL.mp3<\/a><\/audio>\n<p>&nbsp;<\/p>\n<h2>15 octobre 2014 &#8211; La Voix du Nord<\/h2>\n<p>La Voix du Nord annonce les initiatives pr\u00e9vues par notre collectif, avec, bizarrement, une photo d&rsquo;une ancienne comm\u00e9moration, \u00ab\u00a0officielle\u00a0\u00bb, organis\u00e9e par la mairie \u00e0 la fosse 3.<\/p>\n<p>Cliquez sur l&rsquo;image, pour t\u00e9l\u00e9charger l&rsquo;article PDF.<\/p>\n<p>&nbsp;<\/p>\n<div id=\"attachment_2511\" style=\"width: 310px\" class=\"wp-caption aligncenter\"><a href=\"http:\/\/www.lelag.fr\/site\/wp-content\/uploads\/2014\/12\/20141015-CatastropheLievin.pdf\"><img loading=\"lazy\" decoding=\"async\" aria-describedby=\"caption-attachment-2511\" class=\"size-medium wp-image-2511\" src=\"http:\/\/www.lelag.fr\/site\/wp-content\/uploads\/2014\/12\/20141015-CatastropheLievin-300x220.png\" alt=\"La Voix du Nord - 15 octobre 2014\" width=\"300\" height=\"220\" srcset=\"https:\/\/www.lelag.fr\/site\/wp-content\/uploads\/2014\/12\/20141015-CatastropheLievin-300x220.png 300w, https:\/\/www.lelag.fr\/site\/wp-content\/uploads\/2014\/12\/20141015-CatastropheLievin.png 627w\" sizes=\"auto, (max-width: 300px) 100vw, 300px\" \/><\/a><p id=\"caption-attachment-2511\" class=\"wp-caption-text\">La Voix du Nord &#8211; 15 octobre 2014<\/p><\/div>\n<p>&nbsp;<\/p>\n<h2>16 octobre 2014 &#8211; L&rsquo;Avenir de l&rsquo;Artois<\/h2>\n<p>Un article de l&rsquo;Avenir de l&rsquo;Artois, qui d\u00e9taille les initiatives de notre collectif Li\u00e9vin 1974, avec une fois encore une photographie d&rsquo;une ancienne comm\u00e9moration, mais, cette fois-ci, heureusement l\u00e9gend\u00e9e <em>\u00ab\u00a0D\u00e9non\u00e7ant les comm\u00e9morations \u00ab\u00a0rituelles et annuelles\u00a0\u00bb autour de la catastrophe du 27 d\u00e9cembre, le LAG organisera ses propres manifestations\u00a0\u00bb<\/em>.<\/p>\n<p>Cliquez sur l&rsquo;image, pour t\u00e9l\u00e9charger l&rsquo;article PDF.<\/p>\n<div id=\"attachment_2521\" style=\"width: 275px\" class=\"wp-caption aligncenter\"><a href=\"http:\/\/www.lelag.fr\/site\/wp-content\/uploads\/2014\/12\/20141016-Lievin74-AvenirArtois.pdf\"><img loading=\"lazy\" decoding=\"async\" aria-describedby=\"caption-attachment-2521\" class=\"size-medium wp-image-2521\" src=\"http:\/\/www.lelag.fr\/site\/wp-content\/uploads\/2014\/12\/20141016-Lievin74-AvenirArtois-265x300.png\" alt=\"Avenir de l'Artois - 16 octobre 2014\" width=\"265\" height=\"300\" srcset=\"https:\/\/www.lelag.fr\/site\/wp-content\/uploads\/2014\/12\/20141016-Lievin74-AvenirArtois-265x300.png 265w, https:\/\/www.lelag.fr\/site\/wp-content\/uploads\/2014\/12\/20141016-Lievin74-AvenirArtois.png 703w\" sizes=\"auto, (max-width: 265px) 100vw, 265px\" \/><\/a><p id=\"caption-attachment-2521\" class=\"wp-caption-text\">Avenir de l&rsquo;Artois &#8211; 16 octobre 2014<\/p><\/div>\n<h2>3 d\u00e9cembre 2014 &#8211; L&rsquo;Humanit\u00e9<\/h2>\n<p>Cliquez sur l&rsquo;image, pour t\u00e9l\u00e9charger l&rsquo;article PDF.<\/p>\n<div id=\"attachment_2524\" style=\"width: 310px\" class=\"wp-caption aligncenter\"><a href=\"http:\/\/www.lelag.fr\/site\/wp-content\/uploads\/2014\/12\/20141203-TableRondeTribunauxPopulaires-LAG-ConcertDominiqueGrange.pdf\"><img loading=\"lazy\" decoding=\"async\" aria-describedby=\"caption-attachment-2524\" class=\"size-medium wp-image-2524\" src=\"http:\/\/www.lelag.fr\/site\/wp-content\/uploads\/2014\/12\/20141203-TableRondeTribunauxPopulaires-LAG-ConcertDominiqueGrange-300x292.png\" alt=\"L'Humanit\u00e9 - 3 d\u00e9cembre 2014\" width=\"300\" height=\"292\" srcset=\"https:\/\/www.lelag.fr\/site\/wp-content\/uploads\/2014\/12\/20141203-TableRondeTribunauxPopulaires-LAG-ConcertDominiqueGrange-300x292.png 300w, https:\/\/www.lelag.fr\/site\/wp-content\/uploads\/2014\/12\/20141203-TableRondeTribunauxPopulaires-LAG-ConcertDominiqueGrange.png 831w\" sizes=\"auto, (max-width: 300px) 100vw, 300px\" \/><\/a><p id=\"caption-attachment-2524\" class=\"wp-caption-text\">L&rsquo;Humanit\u00e9 &#8211; 3 d\u00e9cembre 2014<\/p><\/div>\n<p>&nbsp;<\/p>\n<h2>4 d\u00e9cembre 2014 &#8211; L&rsquo;Avenir de l&rsquo;Artois<\/h2>\n<p>Cliquez sur l&rsquo;image, pour t\u00e9l\u00e9charger l&rsquo;article PDF.<\/p>\n<p>&nbsp;<\/p>\n<div id=\"attachment_2528\" style=\"width: 310px\" class=\"wp-caption aligncenter\"><a href=\"http:\/\/www.lelag.fr\/site\/wp-content\/uploads\/2014\/12\/20141204-AvenirArtois-TableRondeTribunauxPopulaires.pdf\"><img loading=\"lazy\" decoding=\"async\" aria-describedby=\"caption-attachment-2528\" class=\"size-medium wp-image-2528\" src=\"http:\/\/www.lelag.fr\/site\/wp-content\/uploads\/2014\/12\/20141204-AvenirArtois-TableRondeTribunauxPopulaires-300x233.png\" alt=\"Avenir de l'Artois - 3 d\u00e9cembre 2014\" width=\"300\" height=\"233\" srcset=\"https:\/\/www.lelag.fr\/site\/wp-content\/uploads\/2014\/12\/20141204-AvenirArtois-TableRondeTribunauxPopulaires-300x233.png 300w, https:\/\/www.lelag.fr\/site\/wp-content\/uploads\/2014\/12\/20141204-AvenirArtois-TableRondeTribunauxPopulaires.png 856w\" sizes=\"auto, (max-width: 300px) 100vw, 300px\" \/><\/a><p id=\"caption-attachment-2528\" class=\"wp-caption-text\">Avenir de l&rsquo;Artois &#8211; 4 d\u00e9cembre 2014<\/p><\/div>\n<p>&nbsp;<\/p>\n<h2>4 d\u00e9cembre 2014 &#8211; L&rsquo;Avenir de l&rsquo;Artois<\/h2>\n<p>Cliquez sur l&rsquo;image, pour t\u00e9l\u00e9charger l&rsquo;article PDF.<\/p>\n<div id=\"attachment_2531\" style=\"width: 307px\" class=\"wp-caption aligncenter\"><a href=\"http:\/\/www.lelag.fr\/site\/wp-content\/uploads\/2014\/12\/20141204-AvenirArtois-GrangeTardiGrenay.pdf\"><img loading=\"lazy\" decoding=\"async\" aria-describedby=\"caption-attachment-2531\" class=\"size-medium wp-image-2531\" src=\"http:\/\/www.lelag.fr\/site\/wp-content\/uploads\/2014\/12\/20141204-AvenirArtois-GrangeTardiGrenay-297x300.png\" alt=\"Avenir de l'Artois - 4 d\u00e9cembre 2014\" width=\"297\" height=\"300\" srcset=\"https:\/\/www.lelag.fr\/site\/wp-content\/uploads\/2014\/12\/20141204-AvenirArtois-GrangeTardiGrenay-297x300.png 297w, https:\/\/www.lelag.fr\/site\/wp-content\/uploads\/2014\/12\/20141204-AvenirArtois-GrangeTardiGrenay.png 645w\" sizes=\"auto, (max-width: 297px) 100vw, 297px\" \/><\/a><p id=\"caption-attachment-2531\" class=\"wp-caption-text\">Avenir de l&rsquo;Artois &#8211; 4 d\u00e9cembre 2014<\/p><\/div>\n<p>&nbsp;<\/p>\n<h2>5 d\u00e9cembre 2014 &#8211; Libert\u00e9<\/h2>\n<p>Cliquez sur l&rsquo;image, pour t\u00e9l\u00e9charger l&rsquo;article PDF.<\/p>\n<div id=\"attachment_2534\" style=\"width: 310px\" class=\"wp-caption aligncenter\"><a href=\"http:\/\/www.lelag.fr\/site\/wp-content\/uploads\/2014\/12\/20141205-ConcertDominiqueGrange.pdf\"><img loading=\"lazy\" decoding=\"async\" aria-describedby=\"caption-attachment-2534\" class=\"size-medium wp-image-2534\" src=\"http:\/\/www.lelag.fr\/site\/wp-content\/uploads\/2014\/12\/20141205-ConcertDominiqueGrange-300x192.png\" alt=\"Libert\u00e9 - 5 d\u00e9cembre 2014\" width=\"300\" height=\"192\" srcset=\"https:\/\/www.lelag.fr\/site\/wp-content\/uploads\/2014\/12\/20141205-ConcertDominiqueGrange-300x192.png 300w, https:\/\/www.lelag.fr\/site\/wp-content\/uploads\/2014\/12\/20141205-ConcertDominiqueGrange.png 822w\" sizes=\"auto, (max-width: 300px) 100vw, 300px\" \/><\/a><p id=\"caption-attachment-2534\" class=\"wp-caption-text\">Libert\u00e9 &#8211; 5 d\u00e9cembre 2014<\/p><\/div>\n<p>&nbsp;<\/p>\n<h2>5 d\u00e9cembre 2014 &#8211; Croix du Nord<\/h2>\n<p>Cliquez sur l&rsquo;image, pour t\u00e9l\u00e9charger l&rsquo;article PDF.<\/p>\n<p>&nbsp;<\/p>\n<div id=\"attachment_2538\" style=\"width: 215px\" class=\"wp-caption aligncenter\"><a href=\"http:\/\/www.lelag.fr\/site\/wp-content\/uploads\/2014\/12\/20141205-ArticleBrunoMatteiEtCatastropheLievin.pdf\"><img loading=\"lazy\" decoding=\"async\" aria-describedby=\"caption-attachment-2538\" class=\"size-medium wp-image-2538\" src=\"http:\/\/www.lelag.fr\/site\/wp-content\/uploads\/2014\/12\/20141205-ArticleBrunoMatteiEtCatastropheLievin-205x300.png\" alt=\"Croix du Nord - 5 d\u00e9cembre 2014\" width=\"205\" height=\"300\" srcset=\"https:\/\/www.lelag.fr\/site\/wp-content\/uploads\/2014\/12\/20141205-ArticleBrunoMatteiEtCatastropheLievin-205x300.png 205w, https:\/\/www.lelag.fr\/site\/wp-content\/uploads\/2014\/12\/20141205-ArticleBrunoMatteiEtCatastropheLievin-698x1024.png 698w, https:\/\/www.lelag.fr\/site\/wp-content\/uploads\/2014\/12\/20141205-ArticleBrunoMatteiEtCatastropheLievin.png 1141w\" sizes=\"auto, (max-width: 205px) 100vw, 205px\" \/><\/a><p id=\"caption-attachment-2538\" class=\"wp-caption-text\">Croix du Nord &#8211; 5 d\u00e9cembre 2014<\/p><\/div>\n<p>&nbsp;<\/p>\n<h2>6 d\u00e9cembre 2014 &#8211; Voix du Nord<\/h2>\n<p>Cliquez sur l&rsquo;image, pour t\u00e9l\u00e9charger l&rsquo;article PDF.<\/p>\n<div id=\"attachment_2541\" style=\"width: 310px\" class=\"wp-caption aligncenter\"><a href=\"http:\/\/www.lelag.fr\/site\/wp-content\/uploads\/2014\/12\/20141206-Lievin74-VoixDuNord.pdf\"><img loading=\"lazy\" decoding=\"async\" aria-describedby=\"caption-attachment-2541\" class=\"size-medium wp-image-2541\" src=\"http:\/\/www.lelag.fr\/site\/wp-content\/uploads\/2014\/12\/20141206-Lievin74-VoixDuNord-300x92.png\" alt=\"Voix du Nord - 6 d\u00e9cembre 2014\" width=\"300\" height=\"92\" srcset=\"https:\/\/www.lelag.fr\/site\/wp-content\/uploads\/2014\/12\/20141206-Lievin74-VoixDuNord-300x92.png 300w, https:\/\/www.lelag.fr\/site\/wp-content\/uploads\/2014\/12\/20141206-Lievin74-VoixDuNord-1024x315.png 1024w, https:\/\/www.lelag.fr\/site\/wp-content\/uploads\/2014\/12\/20141206-Lievin74-VoixDuNord.png 1029w\" sizes=\"auto, (max-width: 300px) 100vw, 300px\" \/><\/a><p id=\"caption-attachment-2541\" class=\"wp-caption-text\">Voix du Nord &#8211; 6 d\u00e9cembre 2014<\/p><\/div>\n<h2>11 d\u00e9cembre 2014 &#8211; Avenir de l&rsquo;Artois<\/h2>\n<p>\u00c0 l&rsquo;occasion du concert de Dominique Grange et Jacques Tardi, Christian Champir\u00e9, Maire communiste de la ville de se voit remettre une affiche d\u00e9dicac\u00e9e par Tardi, concernant la d\u00e9tention de Georges Ibrahim Abdallah, plus ancien prisonnier politique d\u00e9tenu en France, et citoyen d&rsquo;honneur de la ville.<\/p>\n<p>&nbsp;<\/p>\n<div id=\"attachment_2543\" style=\"width: 310px\" class=\"wp-caption aligncenter\"><a href=\"http:\/\/www.lelag.fr\/site\/wp-content\/uploads\/2014\/12\/20141211-ChampireGrenay-Tardi-Grange-Abdallah.png\"><img loading=\"lazy\" decoding=\"async\" aria-describedby=\"caption-attachment-2543\" class=\"size-medium wp-image-2543\" src=\"http:\/\/www.lelag.fr\/site\/wp-content\/uploads\/2014\/12\/20141211-ChampireGrenay-Tardi-Grange-Abdallah-300x191.png\" alt=\"Avenir de l'Artois - 11 d\u00e9cembre 2014\" width=\"300\" height=\"191\" srcset=\"https:\/\/www.lelag.fr\/site\/wp-content\/uploads\/2014\/12\/20141211-ChampireGrenay-Tardi-Grange-Abdallah-300x191.png 300w, https:\/\/www.lelag.fr\/site\/wp-content\/uploads\/2014\/12\/20141211-ChampireGrenay-Tardi-Grange-Abdallah.png 627w\" sizes=\"auto, (max-width: 300px) 100vw, 300px\" \/><\/a><p id=\"caption-attachment-2543\" class=\"wp-caption-text\">Avenir de l&rsquo;Artois &#8211; 11 d\u00e9cembre 2014<\/p><\/div>\n<p>&nbsp;<\/p>\n<p>&nbsp;<\/p>\n<h2>17 d\u00e9cembre 2014 &#8211; Voix du Nord<\/h2>\n<p>&nbsp;<\/p>\n<div id=\"attachment_2546\" style=\"width: 241px\" class=\"wp-caption aligncenter\"><a href=\"http:\/\/www.lelag.fr\/site\/wp-content\/uploads\/2014\/12\/20141217-VoixDuNord-Lievin74.png\"><img loading=\"lazy\" decoding=\"async\" aria-describedby=\"caption-attachment-2546\" class=\"size-medium wp-image-2546\" src=\"http:\/\/www.lelag.fr\/site\/wp-content\/uploads\/2014\/12\/20141217-VoixDuNord-Lievin74-231x300.png\" alt=\"Voix du Nord - 17 d\u00e9cembre 2014\" width=\"231\" height=\"300\" srcset=\"https:\/\/www.lelag.fr\/site\/wp-content\/uploads\/2014\/12\/20141217-VoixDuNord-Lievin74-231x300.png 231w, https:\/\/www.lelag.fr\/site\/wp-content\/uploads\/2014\/12\/20141217-VoixDuNord-Lievin74.png 312w\" sizes=\"auto, (max-width: 231px) 100vw, 231px\" \/><\/a><p id=\"caption-attachment-2546\" class=\"wp-caption-text\">Voix du Nord &#8211; 17 d\u00e9cembre 2014<\/p><\/div>\n<p>&nbsp;<\/p>\n<h2>18 d\u00e9cembre 2014 &#8211; Voix du Nord<\/h2>\n<div id=\"attachment_2548\" style=\"width: 240px\" class=\"wp-caption aligncenter\"><a href=\"http:\/\/www.lelag.fr\/site\/wp-content\/uploads\/2014\/12\/20141218-VoixDuNord-Lievin74.png\"><img loading=\"lazy\" decoding=\"async\" aria-describedby=\"caption-attachment-2548\" class=\"size-medium wp-image-2548\" src=\"http:\/\/www.lelag.fr\/site\/wp-content\/uploads\/2014\/12\/20141218-VoixDuNord-Lievin74-230x300.png\" alt=\"18 d\u00e9cembre 2014 - Voix du Nord\" width=\"230\" height=\"300\" srcset=\"https:\/\/www.lelag.fr\/site\/wp-content\/uploads\/2014\/12\/20141218-VoixDuNord-Lievin74-230x300.png 230w, https:\/\/www.lelag.fr\/site\/wp-content\/uploads\/2014\/12\/20141218-VoixDuNord-Lievin74.png 327w\" sizes=\"auto, (max-width: 230px) 100vw, 230px\" \/><\/a><p id=\"caption-attachment-2548\" class=\"wp-caption-text\">18 d\u00e9cembre 2014 &#8211; Voix du Nord<\/p><\/div>\n<p>&nbsp;<\/p>\n<h2>18 d\u00e9cembre 2014 &#8211; Avenir de l&rsquo;Artois<\/h2>\n<p>&nbsp;<\/p>\n<div id=\"attachment_2579\" style=\"width: 310px\" class=\"wp-caption aligncenter\"><a href=\"http:\/\/www.lelag.fr\/site\/wp-content\/uploads\/2014\/12\/20141218-AvenirArtois-Lievin74.png\"><img loading=\"lazy\" decoding=\"async\" aria-describedby=\"caption-attachment-2579\" class=\"size-medium wp-image-2579\" src=\"http:\/\/www.lelag.fr\/site\/wp-content\/uploads\/2014\/12\/20141218-AvenirArtois-Lievin74-300x300.png\" alt=\"Avenir de l'Artois - 18 d\u00e9cembre 2014\" width=\"300\" height=\"300\" srcset=\"https:\/\/www.lelag.fr\/site\/wp-content\/uploads\/2014\/12\/20141218-AvenirArtois-Lievin74-300x300.png 300w, https:\/\/www.lelag.fr\/site\/wp-content\/uploads\/2014\/12\/20141218-AvenirArtois-Lievin74-150x150.png 150w, https:\/\/www.lelag.fr\/site\/wp-content\/uploads\/2014\/12\/20141218-AvenirArtois-Lievin74.png 798w\" sizes=\"auto, (max-width: 300px) 100vw, 300px\" \/><\/a><p id=\"caption-attachment-2579\" class=\"wp-caption-text\">Avenir de l&rsquo;Artois &#8211; 18 d\u00e9cembre 2014<\/p><\/div>\n<p>&nbsp;<\/p>\n<h2>19 d\u00e9cembre 2014 &#8211; Voix du Nord<\/h2>\n<p>&nbsp;<\/p>\n<div id=\"attachment_2550\" style=\"width: 310px\" class=\"wp-caption aligncenter\"><a href=\"http:\/\/www.lelag.fr\/site\/wp-content\/uploads\/2014\/12\/20141219-VoixDuNord-Lievin74.png\"><img loading=\"lazy\" decoding=\"async\" aria-describedby=\"caption-attachment-2550\" class=\"size-medium wp-image-2550\" src=\"http:\/\/www.lelag.fr\/site\/wp-content\/uploads\/2014\/12\/20141219-VoixDuNord-Lievin74-300x164.png\" alt=\"19 d\u00e9cembre 2014 - Voix du Nord\" width=\"300\" height=\"164\" srcset=\"https:\/\/www.lelag.fr\/site\/wp-content\/uploads\/2014\/12\/20141219-VoixDuNord-Lievin74-300x164.png 300w, https:\/\/www.lelag.fr\/site\/wp-content\/uploads\/2014\/12\/20141219-VoixDuNord-Lievin74-1024x560.png 1024w, https:\/\/www.lelag.fr\/site\/wp-content\/uploads\/2014\/12\/20141219-VoixDuNord-Lievin74.png 1522w\" sizes=\"auto, (max-width: 300px) 100vw, 300px\" \/><\/a><p id=\"caption-attachment-2550\" class=\"wp-caption-text\">19 d\u00e9cembre 2014 &#8211; Voix du Nord<\/p><\/div>\n<p>&nbsp;<\/p>\n<h2>19 d\u00e9cembre 2014 &#8211; Croix du Nord<\/h2>\n<div id=\"attachment_2581\" style=\"width: 310px\" class=\"wp-caption aligncenter\"><a href=\"http:\/\/www.lelag.fr\/site\/wp-content\/uploads\/2014\/12\/20141218-CroixDuNord-Lievin74.png\"><img loading=\"lazy\" decoding=\"async\" aria-describedby=\"caption-attachment-2581\" class=\"size-medium wp-image-2581\" src=\"http:\/\/www.lelag.fr\/site\/wp-content\/uploads\/2014\/12\/20141218-CroixDuNord-Lievin74-300x94.png\" alt=\"Croix du Nord - 19 d\u00e9cembre 2014\" width=\"300\" height=\"94\" srcset=\"https:\/\/www.lelag.fr\/site\/wp-content\/uploads\/2014\/12\/20141218-CroixDuNord-Lievin74-300x94.png 300w, https:\/\/www.lelag.fr\/site\/wp-content\/uploads\/2014\/12\/20141218-CroixDuNord-Lievin74-1024x322.png 1024w, https:\/\/www.lelag.fr\/site\/wp-content\/uploads\/2014\/12\/20141218-CroixDuNord-Lievin74.png 1383w\" sizes=\"auto, (max-width: 300px) 100vw, 300px\" \/><\/a><p id=\"caption-attachment-2581\" class=\"wp-caption-text\">Croix du Nord &#8211; 19 d\u00e9cembre 2014<\/p><\/div>\n<p>&nbsp;<\/p>\n<h2>24 d\u00e9cembre 2014 &#8211; Voix du Nord<\/h2>\n<p>Un article cons\u00e9cutif \u00e0 la conf\u00e9rence de Marion Fontaine, le 20 d\u00e9cembre 2014<\/p>\n<p>Cliquez sur l&rsquo;image, pour t\u00e9l\u00e9charger l&rsquo;article PDF.<\/p>\n<div id=\"attachment_2553\" style=\"width: 160px\" class=\"wp-caption aligncenter\"><a href=\"http:\/\/www.lelag.fr\/site\/wp-content\/uploads\/2014\/12\/20141224-VoixDuNord-Lievin74.pdf\"><img loading=\"lazy\" decoding=\"async\" aria-describedby=\"caption-attachment-2553\" class=\"size-medium wp-image-2553\" src=\"http:\/\/www.lelag.fr\/site\/wp-content\/uploads\/2014\/12\/20141224-VoixDuNord-Lievin74-150x300.png\" alt=\"La Voix du Nord - 24 d\u00e9cembre 2014\" width=\"150\" height=\"300\" srcset=\"https:\/\/www.lelag.fr\/site\/wp-content\/uploads\/2014\/12\/20141224-VoixDuNord-Lievin74-150x300.png 150w, https:\/\/www.lelag.fr\/site\/wp-content\/uploads\/2014\/12\/20141224-VoixDuNord-Lievin74.png 299w\" sizes=\"auto, (max-width: 150px) 100vw, 150px\" \/><\/a><p id=\"caption-attachment-2553\" class=\"wp-caption-text\">La Voix du Nord &#8211; 24 d\u00e9cembre 2014<\/p><\/div>\n<h2>26 d\u00e9cembre 2014 &#8211; L&rsquo;Humanit\u00e9<\/h2>\n<p>L&rsquo;Huma consacre une page \u00e0 la catastrophe, en \u00e9voquant les th\u00e9matiques telles que <em>la confiscation de la parole des mineurs, la mythologie de la mine, le fatalisme postul\u00e9 des accidents de travail&#8230;<\/em> sans jamais indiquer que ces th\u00e8mes sont l&rsquo;objet des initiatives du collectif Li\u00e9vin 1974 ! Dommage&#8230;.<\/p>\n<p>Cliquez sur l&rsquo;image, pour t\u00e9l\u00e9charger l&rsquo;article PDF.<\/p>\n<div id=\"attachment_2556\" style=\"width: 310px\" class=\"wp-caption aligncenter\"><a href=\"http:\/\/www.lelag.fr\/site\/wp-content\/uploads\/2014\/12\/20141226-Lievin1974-Huma.pdf\"><img loading=\"lazy\" decoding=\"async\" aria-describedby=\"caption-attachment-2556\" class=\"size-medium wp-image-2556\" src=\"http:\/\/www.lelag.fr\/site\/wp-content\/uploads\/2014\/12\/20141226-Lievin1974-Huma-300x213.png\" alt=\"L'Humanit\u00e9 - 26 d\u00e9cembre 2014\" width=\"300\" height=\"213\" srcset=\"https:\/\/www.lelag.fr\/site\/wp-content\/uploads\/2014\/12\/20141226-Lievin1974-Huma-300x213.png 300w, https:\/\/www.lelag.fr\/site\/wp-content\/uploads\/2014\/12\/20141226-Lievin1974-Huma-1024x728.png 1024w, https:\/\/www.lelag.fr\/site\/wp-content\/uploads\/2014\/12\/20141226-Lievin1974-Huma.png 1031w\" sizes=\"auto, (max-width: 300px) 100vw, 300px\" \/><\/a><p id=\"caption-attachment-2556\" class=\"wp-caption-text\">L&rsquo;Humanit\u00e9 &#8211; 26 d\u00e9cembre 2014<\/p><\/div>\n<p>&nbsp;<\/p>\n<h2>26 d\u00e9cembre 2014 \u2013 Croix du Nord<\/h2>\n<p><strong>Lors d&rsquo;un grand entretien avec Tardi, Croix du Nord \u00e9voque le passage de celui-ci et de Dominique Grange \u00e0 Grenay, dans le cadre des initiatives du collectif Li\u00e9vin 1974<\/strong><\/p>\n<p>Cliquez sur l\u2019image, pour t\u00e9l\u00e9charger l\u2019article PDF.<\/p>\n<div id=\"attachment_2584\" style=\"width: 215px\" class=\"wp-caption aligncenter\"><a href=\"http:\/\/www.lelag.fr\/site\/wp-content\/uploads\/2014\/12\/20141226-TardiEtLievin74.pdf\"><img loading=\"lazy\" decoding=\"async\" aria-describedby=\"caption-attachment-2584\" class=\"size-medium wp-image-2584\" src=\"http:\/\/www.lelag.fr\/site\/wp-content\/uploads\/2014\/12\/20141226-TardiEtLievin74-205x300.png\" alt=\"Croix du Nord - 26 d\u00e9cembre 1974\" width=\"205\" height=\"300\" srcset=\"https:\/\/www.lelag.fr\/site\/wp-content\/uploads\/2014\/12\/20141226-TardiEtLievin74-205x300.png 205w, https:\/\/www.lelag.fr\/site\/wp-content\/uploads\/2014\/12\/20141226-TardiEtLievin74-698x1024.png 698w, https:\/\/www.lelag.fr\/site\/wp-content\/uploads\/2014\/12\/20141226-TardiEtLievin74.png 1141w\" sizes=\"auto, (max-width: 205px) 100vw, 205px\" \/><\/a><p id=\"caption-attachment-2584\" class=\"wp-caption-text\">Croix du Nord &#8211; 26 d\u00e9cembre 1974<\/p><\/div>\n<h2>27 d\u00e9cembre 2014 &#8211; Lib\u00e9ration<\/h2>\n<p>Lib\u00e9ration \u00e9voque les 2 comm\u00e9morations : <em>la In et la Off<\/em><\/p>\n<p>Cliquez sur l&rsquo;image, pour t\u00e9l\u00e9charger l&rsquo;article PDF.<\/p>\n<div id=\"attachment_2559\" style=\"width: 310px\" class=\"wp-caption aligncenter\"><a href=\"http:\/\/www.lelag.fr\/site\/wp-content\/uploads\/2014\/12\/20141227-Lievin74-Liberation.pdf\"><img loading=\"lazy\" decoding=\"async\" aria-describedby=\"caption-attachment-2559\" class=\"size-medium wp-image-2559\" src=\"http:\/\/www.lelag.fr\/site\/wp-content\/uploads\/2014\/12\/20141227-Lievin74-Liberation-300x212.png\" alt=\"Lib\u00e9ration - 27 d\u00e9cembre 2014\" width=\"300\" height=\"212\" srcset=\"https:\/\/www.lelag.fr\/site\/wp-content\/uploads\/2014\/12\/20141227-Lievin74-Liberation-300x212.png 300w, https:\/\/www.lelag.fr\/site\/wp-content\/uploads\/2014\/12\/20141227-Lievin74-Liberation-1024x723.png 1024w, https:\/\/www.lelag.fr\/site\/wp-content\/uploads\/2014\/12\/20141227-Lievin74-Liberation.png 1767w\" sizes=\"auto, (max-width: 300px) 100vw, 300px\" \/><\/a><p id=\"caption-attachment-2559\" class=\"wp-caption-text\">Lib\u00e9ration &#8211; 27 d\u00e9cembre 2014<\/p><\/div>\n<h2>30 d\u00e9cembre 2014 &#8211; Voix du Nord<\/h2>\n<p>Cliquez sur l&rsquo;image, pour t\u00e9l\u00e9charger l&rsquo;article PDF.<\/p>\n<div id=\"attachment_2574\" style=\"width: 310px\" class=\"wp-caption aligncenter\"><a href=\"http:\/\/www.lelag.fr\/site\/wp-content\/uploads\/2014\/12\/20141230-VoixDuNord-Lievin1974.pdf\"><img loading=\"lazy\" decoding=\"async\" aria-describedby=\"caption-attachment-2574\" class=\"size-medium wp-image-2574\" src=\"http:\/\/www.lelag.fr\/site\/wp-content\/uploads\/2014\/12\/20141230-VoixDuNord-Lievin1974-300x296.png\" alt=\"Voix du Nord - 30 d\u00e9cembre 2014\" width=\"300\" height=\"296\" srcset=\"https:\/\/www.lelag.fr\/site\/wp-content\/uploads\/2014\/12\/20141230-VoixDuNord-Lievin1974-300x296.png 300w, https:\/\/www.lelag.fr\/site\/wp-content\/uploads\/2014\/12\/20141230-VoixDuNord-Lievin1974.png 609w\" sizes=\"auto, (max-width: 300px) 100vw, 300px\" \/><\/a><p id=\"caption-attachment-2574\" class=\"wp-caption-text\">Voix du Nord &#8211; 30 d\u00e9cembre 2014<\/p><\/div>\n<h2>1er janvier 2015 &#8211; L&rsquo;abeille de la Ternoise<\/h2>\n<p>L&rsquo;abeille de la Ternoise consacre un article \u00e0 notre initiative du 20 d\u00e9cembre 2014, devant le chevalement potence de Calonne Ricouart.<\/p>\n<p>Cliquez sur l&rsquo;image, pour agrandissement.<\/p>\n<div id=\"attachment_2650\" style=\"width: 310px\" class=\"wp-caption aligncenter\"><a href=\"http:\/\/www.lelag.fr\/site\/wp-content\/uploads\/2014\/12\/20150101-AbeilleDeLaTernoise-Lievin1974.jpg\"><img loading=\"lazy\" decoding=\"async\" aria-describedby=\"caption-attachment-2650\" class=\"size-medium wp-image-2650\" src=\"http:\/\/www.lelag.fr\/site\/wp-content\/uploads\/2014\/12\/20150101-AbeilleDeLaTernoise-Lievin1974-300x218.jpg\" alt=\"L'abeille de la Ternoise - 1er janvier 2015\" width=\"300\" height=\"218\" srcset=\"https:\/\/www.lelag.fr\/site\/wp-content\/uploads\/2014\/12\/20150101-AbeilleDeLaTernoise-Lievin1974-300x218.jpg 300w, https:\/\/www.lelag.fr\/site\/wp-content\/uploads\/2014\/12\/20150101-AbeilleDeLaTernoise-Lievin1974-1024x745.jpg 1024w\" sizes=\"auto, (max-width: 300px) 100vw, 300px\" \/><\/a><p id=\"caption-attachment-2650\" class=\"wp-caption-text\">L&rsquo;abeille de la Ternoise &#8211; 1er janvier 2015<\/p><\/div>\n<h2>2 janvier 2015 &#8211; Libert\u00e9 Hebdo<\/h2>\n<p>Un article concernant notre initiative du 20 d\u00e9cembre 2014, devant le chevalement potence de Calonne Ricouart.<\/p>\n<p>Cliquez sur l&rsquo;image, pour agrandissement.<\/p>\n<p>&nbsp;<\/p>\n<div id=\"attachment_2653\" style=\"width: 228px\" class=\"wp-caption aligncenter\"><a href=\"http:\/\/www.lelag.fr\/site\/wp-content\/uploads\/2014\/12\/20150102-LiberteHebdo-Lievin1974.jpg\"><img loading=\"lazy\" decoding=\"async\" aria-describedby=\"caption-attachment-2653\" class=\"size-medium wp-image-2653\" src=\"http:\/\/www.lelag.fr\/site\/wp-content\/uploads\/2014\/12\/20150102-LiberteHebdo-Lievin1974-218x300.jpg\" alt=\"Libert\u00e9 Hebdo - 2 janvier 2015\" width=\"218\" height=\"300\" srcset=\"https:\/\/www.lelag.fr\/site\/wp-content\/uploads\/2014\/12\/20150102-LiberteHebdo-Lievin1974-218x300.jpg 218w, https:\/\/www.lelag.fr\/site\/wp-content\/uploads\/2014\/12\/20150102-LiberteHebdo-Lievin1974-745x1024.jpg 745w, https:\/\/www.lelag.fr\/site\/wp-content\/uploads\/2014\/12\/20150102-LiberteHebdo-Lievin1974.jpg 1700w\" sizes=\"auto, (max-width: 218px) 100vw, 218px\" \/><\/a><p id=\"caption-attachment-2653\" class=\"wp-caption-text\">Libert\u00e9 Hebdo &#8211; 2 janvier 2015<\/p><\/div>\n<h2>2 janvier 2015 &#8211; Croix du Nord<\/h2>\n<p>Un bel article qui met en perspective les 2 comm\u00e9morations du 27 d\u00e9cembre : celle \u00ab\u00a0<em>officielle<\/em>\u00a0\u00bb et celle du collectif Li\u00e9vin 1974.<\/p>\n<p><a href=\"http:\/\/www.lelag.fr\/site\/wp-content\/uploads\/2014\/12\/20150102-CroixDuNord-Lievin1974-VersionPapier.pdf\">Croix du Nord &#8211; 2 janvier 2015<\/a><\/p>\n<p>&nbsp;<\/p>\n<h2>2 janvier 2015 &#8211; CQFD<\/h2>\n<p>Le <em>\u00ab\u00a0mensuel de critique et d&rsquo;exp\u00e9rimentation sociales\u00a0\u00bb<\/em> CQFD consacre un dossier \u00e0 nos ami-es Dominique Grange et Jacques Tardi, autour d&rsquo;une longue et sympathique interview. \u00c0 cette occasion, Dominique Grange \u00e9voque le concert de soutien au collectif Li\u00e9vin 1974, le 6 d\u00e9cembre 2014, ainsi que son activit\u00e9 au sein des maos, apr\u00e8s mai 1968.<\/p>\n<p>Cliquez sur l&rsquo;image, pour acc\u00e9der \u00e0 l&rsquo;interview.<\/p>\n<p>&nbsp;<\/p>\n<div id=\"attachment_2657\" style=\"width: 222px\" class=\"wp-caption aligncenter\"><a href=\"http:\/\/www.lelag.fr\/site\/wp-content\/uploads\/2015\/01\/20150102-CQFD-Lievin1974.pdf\"><img loading=\"lazy\" decoding=\"async\" aria-describedby=\"caption-attachment-2657\" class=\"size-medium wp-image-2657\" src=\"http:\/\/www.lelag.fr\/site\/wp-content\/uploads\/2014\/12\/20150102-CQFD-Lievin1974-212x300.png\" alt=\"CQFD - 2 janvier 2015\" width=\"212\" height=\"300\" srcset=\"https:\/\/www.lelag.fr\/site\/wp-content\/uploads\/2014\/12\/20150102-CQFD-Lievin1974-212x300.png 212w, https:\/\/www.lelag.fr\/site\/wp-content\/uploads\/2014\/12\/20150102-CQFD-Lievin1974-723x1024.png 723w, https:\/\/www.lelag.fr\/site\/wp-content\/uploads\/2014\/12\/20150102-CQFD-Lievin1974.png 1248w\" sizes=\"auto, (max-width: 212px) 100vw, 212px\" \/><\/a><p id=\"caption-attachment-2657\" class=\"wp-caption-text\">CQFD &#8211; 2 janvier 2015<\/p><\/div>\n<h1>Sur internet<\/h1>\n<h2>Lib\u00e9ration<\/h2>\n<p>Lib\u00e9ration \u00e9voque les 2 comm\u00e9morations parall\u00e8les et le tribunal populaire.<\/p>\n<p><strong>En ligne<\/strong> : <a href=\"http:\/\/www.liberation.fr\/societe\/2014\/12\/23\/a-lievin-il-y-a-40-ans-la-plus-importante-catastrophe-miniere-apres-guerre_1169381\">sur liberation.fr<\/a><\/p>\n<p><strong>En t\u00e9l\u00e9chargement<\/strong> : Cliquez sur l&rsquo;image, pour t\u00e9l\u00e9charger l&rsquo;article PDF.<\/p>\n<div id=\"attachment_2562\" style=\"width: 242px\" class=\"wp-caption aligncenter\"><a href=\"http:\/\/www.lelag.fr\/site\/wp-content\/uploads\/2014\/12\/20141223-Liberation.pdf\"><img loading=\"lazy\" decoding=\"async\" aria-describedby=\"caption-attachment-2562\" class=\"size-medium wp-image-2562\" src=\"http:\/\/www.lelag.fr\/site\/wp-content\/uploads\/2014\/12\/20141223-Liberation-01-232x300.png\" alt=\"liberation.fr\" width=\"232\" height=\"300\" srcset=\"https:\/\/www.lelag.fr\/site\/wp-content\/uploads\/2014\/12\/20141223-Liberation-01-232x300.png 232w, https:\/\/www.lelag.fr\/site\/wp-content\/uploads\/2014\/12\/20141223-Liberation-01-791x1024.png 791w, https:\/\/www.lelag.fr\/site\/wp-content\/uploads\/2014\/12\/20141223-Liberation-01.png 850w\" sizes=\"auto, (max-width: 232px) 100vw, 232px\" \/><\/a><p id=\"caption-attachment-2562\" class=\"wp-caption-text\">liberation.fr<\/p><\/div>\n<h2>L&rsquo;express<\/h2>\n<p>L&rsquo;express \u00e9voque les 2 comm\u00e9morations parall\u00e8les et le tribunal populaire.<\/p>\n<p><strong>En ligne<\/strong> : <a href=\"http:\/\/www.lexpress.fr\/actualites\/1\/societe\/a-lievin-il-y-a-40-ans-la-plus-importante-catastrophe-miniere-apres-guerre_1635282.html\">sur l&rsquo;express.fr<\/a><\/p>\n<p>&nbsp;<\/p>\n<h2>L&rsquo;\u00c9cho du Pas-de-Calais<\/h2>\n<p>En conclusion d&rsquo;un article consacr\u00e9 \u00e0 la catastrophe, L&rsquo;\u00c9cho du Pas-de-Calais \u00e9voque la conf\u00e9rence de Marion Fontaine.<\/p>\n<p><strong>En ligne<\/strong> : <a href=\"http:\/\/www.echo62.com\/article-149-il-y-a-40-ans-la-catastrophe-de-lievin\">sur echo62.com<\/a><\/p>\n<p><strong>En t\u00e9l\u00e9chargement<\/strong> : Cliquez sur l&rsquo;image, pour t\u00e9l\u00e9charger l&rsquo;article PDF.<\/p>\n<p>&nbsp;<\/p>\n<div id=\"attachment_2565\" style=\"width: 242px\" class=\"wp-caption aligncenter\"><a href=\"http:\/\/www.lelag.fr\/site\/wp-content\/uploads\/2014\/12\/20141223-Echo62-Lievin74.pdf\"><img loading=\"lazy\" decoding=\"async\" aria-describedby=\"caption-attachment-2565\" class=\"size-medium wp-image-2565\" src=\"http:\/\/www.lelag.fr\/site\/wp-content\/uploads\/2014\/12\/20141223-Echo62-Lievin74-01-232x300.png\" alt=\"L'\u00c9cho du Pas-de-Calais\" width=\"232\" height=\"300\" srcset=\"https:\/\/www.lelag.fr\/site\/wp-content\/uploads\/2014\/12\/20141223-Echo62-Lievin74-01-232x300.png 232w, https:\/\/www.lelag.fr\/site\/wp-content\/uploads\/2014\/12\/20141223-Echo62-Lievin74-01-791x1024.png 791w, https:\/\/www.lelag.fr\/site\/wp-content\/uploads\/2014\/12\/20141223-Echo62-Lievin74-01.png 850w\" sizes=\"auto, (max-width: 232px) 100vw, 232px\" \/><\/a><p id=\"caption-attachment-2565\" class=\"wp-caption-text\">L&rsquo;\u00c9cho du Pas-de-Calais<\/p><\/div>\n<p>&nbsp;<\/p>\n<h2>\u00a0France Bleu Nord<\/h2>\n<p>France Bleu Nord \u00e9voque (tr\u00e8s) bri\u00e8vement <em>une c\u00e9r\u00e9monie parall\u00e8le&#8230;<\/em><\/p>\n<p><strong>En ligne<\/strong> : <a href=\"http:\/\/www.francebleu.fr\/infos\/catastrophe-miniere\/document-la-catastrophe-miniere-de-lievin-quarante-ans-apres-2025144\">sur francebleu.fr<\/a><\/p>\n<h2><\/h2>\n<h2>L&rsquo;Inter<\/h2>\n<p><strong>En ligne<\/strong> : <a href=\"http:\/\/linter.over-blog.com\/article-il-y-a-40-ans-lievin-1974-125138701.html\">sur le blog linter<\/a><\/p>\n<h2>La CNT<\/h2>\n<p><strong>En ligne<\/strong> : <a href=\"http:\/\/www.cnt-f.org\/59-62\/2014\/11\/catastrophe-de-lievin-1974-une-autre-commemoration\/\">sur le site de la CNT Nord Pas-de-Calais<\/a><\/p>\n<h2>Croix du Nord<\/h2>\n<p><strong>En ligne<\/strong> : <a href=\"http:\/\/www.croixdunord.com\/manuel-valls-venu-rendre-hommage-aux-victimes-de-la-catastrophe-miniere-de-lievin-79474.html\">sur le site de Croix du Nord<\/a><\/p>\n<p>Un bel article qui met en perspective les 2 comm\u00e9morations du 27 d\u00e9cembre : celle \u00ab\u00a0<em>officielle<\/em>\u00a0\u00bb et celle du collectif Li\u00e9vin 1974. Nous reproduisons cet article ci-dessous, en t\u00e9l\u00e9chargement.<\/p>\n<p><a href=\"http:\/\/www.lelag.fr\/site\/wp-content\/uploads\/2014\/12\/20150102-CroixDuNord-Lievin1974.pdf\">Croix du Nord 2 janvier 2015<\/a><\/p>\n","protected":false},"excerpt":{"rendered":"<p>Le collectif Li\u00e9vin 1974 se proposait d&rsquo;organiser diff\u00e9rentes manifestations propres \u00e0 revisiter la catastrophe de Li\u00e9vin, en d\u00e9cembre 1974. Voir l&rsquo;article qui annonce ces diff\u00e9rentes manifestations. Nous faisons ici un retour sur ces initiatives, au travers de la couverture que &hellip; <a href=\"https:\/\/www.lelag.fr\/site\/lievin-1974-retours-presse\/\">Continuer la lecture <span class=\"meta-nav\">&rarr;<\/span><\/a><\/p>\n","protected":false},"author":1,"featured_media":0,"comment_status":"closed","ping_status":"closed","sticky":false,"template":"","format":"standard","meta":{"footnotes":""},"categories":[3,10],"tags":[],"class_list":["post-2500","post","type-post","status-publish","format-standard","hentry","category-au-lag","category-lievin-1974"],"_links":{"self":[{"href":"https:\/\/www.lelag.fr\/site\/wp-json\/wp\/v2\/posts\/2500","targetHints":{"allow":["GET"]}}],"collection":[{"href":"https:\/\/www.lelag.fr\/site\/wp-json\/wp\/v2\/posts"}],"about":[{"href":"https:\/\/www.lelag.fr\/site\/wp-json\/wp\/v2\/types\/post"}],"author":[{"embeddable":true,"href":"https:\/\/www.lelag.fr\/site\/wp-json\/wp\/v2\/users\/1"}],"replies":[{"embeddable":true,"href":"https:\/\/www.lelag.fr\/site\/wp-json\/wp\/v2\/comments?post=2500"}],"version-history":[{"count":45,"href":"https:\/\/www.lelag.fr\/site\/wp-json\/wp\/v2\/posts\/2500\/revisions"}],"predecessor-version":[{"id":2658,"href":"https:\/\/www.lelag.fr\/site\/wp-json\/wp\/v2\/posts\/2500\/revisions\/2658"}],"wp:attachment":[{"href":"https:\/\/www.lelag.fr\/site\/wp-json\/wp\/v2\/media?parent=2500"}],"wp:term":[{"taxonomy":"category","embeddable":true,"href":"https:\/\/www.lelag.fr\/site\/wp-json\/wp\/v2\/categories?post=2500"},{"taxonomy":"post_tag","embeddable":true,"href":"https:\/\/www.lelag.fr\/site\/wp-json\/wp\/v2\/tags?post=2500"}],"curies":[{"name":"wp","href":"https:\/\/api.w.org\/{rel}","templated":true}]}}