{"id":2488,"date":"2015-01-13T20:30:03","date_gmt":"2015-01-13T19:30:03","guid":{"rendered":"http:\/\/www.lelag.fr\/site\/?p=2488"},"modified":"2023-03-07T21:01:10","modified_gmt":"2023-03-07T20:01:10","slug":"les-offres-de-covoiturage-pour-les-initiatives-prevues-au-lag","status":"publish","type":"post","link":"https:\/\/www.lelag.fr\/site\/les-offres-de-covoiturage-pour-les-initiatives-prevues-au-lag\/","title":{"rendered":"Les offres de covoiturage pour les initiatives pr\u00e9vues au LAG"},"content":{"rendered":"<p>Voici la liste des inscrit-es qui mettent \u00e0 disposition des places de covoiturage pour les prochaines initiatives pr\u00e9vues au LAG.<\/p>\n<ul>\n<li>C\u2019est donc \u00e0 chacun-e,\u00a0<em> \u00e0 partir de ce tableau<\/em>, de s\u2019auto-g\u00e9rer pour trouver un covoitureur-covoitureuse et s\u2019arranger avec lui.<\/li>\n<li>Pour les retours : voir avec vos covoitureurs-covoitureuses de d\u00e9part.<\/li>\n<\/ul>\n<p>S&rsquo;il n&rsquo;y a pas de tableau ci-dessous, c&rsquo;est qu&rsquo;il n&rsquo;y a pas encore eu d&rsquo;offres de covoiturage&#8230; Revenez plus tard \ud83d\ude09<\/p>\n<p><a href=\"https:\/\/lite.framacalc.org\/covoiturage-bobines-rebelles-9zp7\">Tableau pour se rendre aux Bobines Rebelles du 24-25 mars 2023<\/a><\/p>\n<p>&nbsp;<\/p>\n","protected":false},"excerpt":{"rendered":"<p>Voici la liste des inscrit-es qui mettent \u00e0 disposition des places de covoiturage pour les prochaines initiatives pr\u00e9vues au LAG. C\u2019est donc \u00e0 chacun-e,\u00a0 \u00e0 partir de ce tableau, de s\u2019auto-g\u00e9rer pour trouver un covoitureur-covoitureuse et s\u2019arranger avec lui. Pour &hellip; <a href=\"https:\/\/www.lelag.fr\/site\/les-offres-de-covoiturage-pour-les-initiatives-prevues-au-lag\/\">Continuer la lecture <span class=\"meta-nav\">&rarr;<\/span><\/a><\/p>\n","protected":false},"author":1,"featured_media":0,"comment_status":"closed","ping_status":"closed","sticky":false,"template":"","format":"standard","meta":{"footnotes":""},"categories":[3],"tags":[],"class_list":["post-2488","post","type-post","status-publish","format-standard","hentry","category-au-lag"],"_links":{"self":[{"href":"https:\/\/www.lelag.fr\/site\/wp-json\/wp\/v2\/posts\/2488","targetHints":{"allow":["GET"]}}],"collection":[{"href":"https:\/\/www.lelag.fr\/site\/wp-json\/wp\/v2\/posts"}],"about":[{"href":"https:\/\/www.lelag.fr\/site\/wp-json\/wp\/v2\/types\/post"}],"author":[{"embeddable":true,"href":"https:\/\/www.lelag.fr\/site\/wp-json\/wp\/v2\/users\/1"}],"replies":[{"embeddable":true,"href":"https:\/\/www.lelag.fr\/site\/wp-json\/wp\/v2\/comments?post=2488"}],"version-history":[{"count":19,"href":"https:\/\/www.lelag.fr\/site\/wp-json\/wp\/v2\/posts\/2488\/revisions"}],"predecessor-version":[{"id":6640,"href":"https:\/\/www.lelag.fr\/site\/wp-json\/wp\/v2\/posts\/2488\/revisions\/6640"}],"wp:attachment":[{"href":"https:\/\/www.lelag.fr\/site\/wp-json\/wp\/v2\/media?parent=2488"}],"wp:term":[{"taxonomy":"category","embeddable":true,"href":"https:\/\/www.lelag.fr\/site\/wp-json\/wp\/v2\/categories?post=2488"},{"taxonomy":"post_tag","embeddable":true,"href":"https:\/\/www.lelag.fr\/site\/wp-json\/wp\/v2\/tags?post=2488"}],"curies":[{"name":"wp","href":"https:\/\/api.w.org\/{rel}","templated":true}]}}