{"id":2459,"date":"2014-12-14T12:19:52","date_gmt":"2014-12-14T11:19:52","guid":{"rendered":"http:\/\/www.lelag.fr\/site\/?p=2459"},"modified":"2014-12-14T13:02:30","modified_gmt":"2014-12-14T12:02:30","slug":"la-ruche-qui-dit-oui","status":"publish","type":"post","link":"https:\/\/www.lelag.fr\/site\/la-ruche-qui-dit-oui\/","title":{"rendered":"La ruche qui dit Oui"},"content":{"rendered":"<p><strong>Quelques documents \u00e0 t\u00e9l\u00e9charger, glan\u00e9s dans la presse&#8230;<\/strong><\/p>\n<p>Ces documents visent uniquement \u00e0 donner des points de rep\u00e8res suppl\u00e9mentaires. Ils ne remplacent pas, mais plut\u00f4t compl\u00e8tent, l&rsquo;exp\u00e9rience concr\u00e8te concernant une action, un projet, une alternative, une initiative&#8230;<\/p>\n<ul>\n<li><a href=\"http:\/\/www.lelag.fr\/site\/wp-content\/uploads\/2014\/12\/2014-LaRucheQuiDitOui-Pub-LeFigaroEconomie.pdf\">La ruche qui dit oui &#8211; Publicit\u00e9 BNP Paribas &#8211; Le Figaro \u00c9conomie<\/a><\/li>\n<li><strong><a href=\"http:\/\/www.lelag.fr\/site\/wp-content\/uploads\/2014\/12\/20140930-LaRucheQuiDitOui-BullyLesMines-VoixDuNord-01.pdf\">La ruche qui dit Oui, \u00e0 Bully-les-Mines &#8211; Voix du Nord, le 30 septembre 2014 (1\u00e8re partie)<\/a><\/strong><\/li>\n<li><a href=\"http:\/\/www.lelag.fr\/site\/wp-content\/uploads\/2014\/12\/20140930-LaRucheQuiDitOui-BullyLesMines-VoixDuNord-02.pdf\">La ruche qui dit Oui, \u00e0 Bully-les-Mines &#8211; Voix du Nord, le 30 septembre 2014 (2\u00e8me partie)<\/a><\/li>\n<li><strong><a href=\"http:\/\/www.lelag.fr\/site\/wp-content\/uploads\/2014\/12\/20141117-LaRucheQuiDitOui-Lievin-VoixDuNord.pdf\">La ruche qui dit Oui, \u00e0 Li\u00e9vin &#8211; Voix du Nord, le 17 novembre 2014<\/a><\/strong><\/li>\n<li><a href=\"http:\/\/www.lelag.fr\/site\/wp-content\/uploads\/2014\/12\/20141127-LaRucheQuiDitOui-Lievin-AvenirDeLArtois-01.pdf\">La ruche qui dit Oui, \u00e0 Li\u00e9vin &#8211; Avenir de l&rsquo;Artois, le 27 novembre 2014 (1\u00e8re partie)<\/a><\/li>\n<li><a href=\"http:\/\/www.lelag.fr\/site\/wp-content\/uploads\/2014\/12\/20141127-LaRucheQuiDitOui-Lievin-AvenirDeLArtois-02.pdf\">La ruche qui dit Oui, \u00e0 Li\u00e9vin &#8211; Avenir de l&rsquo;Artois, le 27 novembre 2014 (2\u00e8me partie)<\/a><\/li>\n<\/ul>\n<p>&nbsp;<\/p>\n","protected":false},"excerpt":{"rendered":"<p>Quelques documents \u00e0 t\u00e9l\u00e9charger, glan\u00e9s dans la presse&#8230; Ces documents visent uniquement \u00e0 donner des points de rep\u00e8res suppl\u00e9mentaires. Ils ne remplacent pas, mais plut\u00f4t compl\u00e8tent, l&rsquo;exp\u00e9rience concr\u00e8te concernant une action, un projet, une alternative, une initiative&#8230; La ruche qui &hellip; <a href=\"https:\/\/www.lelag.fr\/site\/la-ruche-qui-dit-oui\/\">Continuer la lecture <span class=\"meta-nav\">&rarr;<\/span><\/a><\/p>\n","protected":false},"author":1,"featured_media":0,"comment_status":"closed","ping_status":"closed","sticky":false,"template":"","format":"standard","meta":{"footnotes":""},"categories":[3],"tags":[],"class_list":["post-2459","post","type-post","status-publish","format-standard","hentry","category-au-lag"],"_links":{"self":[{"href":"https:\/\/www.lelag.fr\/site\/wp-json\/wp\/v2\/posts\/2459","targetHints":{"allow":["GET"]}}],"collection":[{"href":"https:\/\/www.lelag.fr\/site\/wp-json\/wp\/v2\/posts"}],"about":[{"href":"https:\/\/www.lelag.fr\/site\/wp-json\/wp\/v2\/types\/post"}],"author":[{"embeddable":true,"href":"https:\/\/www.lelag.fr\/site\/wp-json\/wp\/v2\/users\/1"}],"replies":[{"embeddable":true,"href":"https:\/\/www.lelag.fr\/site\/wp-json\/wp\/v2\/comments?post=2459"}],"version-history":[{"count":11,"href":"https:\/\/www.lelag.fr\/site\/wp-json\/wp\/v2\/posts\/2459\/revisions"}],"predecessor-version":[{"id":2476,"href":"https:\/\/www.lelag.fr\/site\/wp-json\/wp\/v2\/posts\/2459\/revisions\/2476"}],"wp:attachment":[{"href":"https:\/\/www.lelag.fr\/site\/wp-json\/wp\/v2\/media?parent=2459"}],"wp:term":[{"taxonomy":"category","embeddable":true,"href":"https:\/\/www.lelag.fr\/site\/wp-json\/wp\/v2\/categories?post=2459"},{"taxonomy":"post_tag","embeddable":true,"href":"https:\/\/www.lelag.fr\/site\/wp-json\/wp\/v2\/tags?post=2459"}],"curies":[{"name":"wp","href":"https:\/\/api.w.org\/{rel}","templated":true}]}}