{"id":2254,"date":"2014-09-13T17:09:09","date_gmt":"2014-09-13T15:09:09","guid":{"rendered":"http:\/\/www.lelag.fr\/site\/?p=2254"},"modified":"2014-09-13T17:25:49","modified_gmt":"2014-09-13T15:25:49","slug":"le-lag-sengage-pour-le-dispensaire-autogere-dexarcheia","status":"publish","type":"post","link":"https:\/\/www.lelag.fr\/site\/le-lag-sengage-pour-le-dispensaire-autogere-dexarcheia\/","title":{"rendered":"Le LAG s&rsquo;engage pour le dispensaire autog\u00e9r\u00e9 d&rsquo;Exarcheia"},"content":{"rendered":"<p>Paris a son Quartier Latin, m\u00e9moire de mai 1968. Ath\u00e8nes a Exarcheia, o\u00f9 s&rsquo;\u00e9crit, en ce moment m\u00eame, l&rsquo;Histoire.<\/p>\n<p>Exarcheia est le berceau du slogan \u00ab\u00a0Ne vivons plus comme des esclaves\u00a0\u00bb, que Yannis Youlountas a adopt\u00e9 comme titre du <a href=\"http:\/\/nevivonspluscommedesesclaves.net\">film<\/a> qu&rsquo;il est venu pr\u00e9sent\u00e9 au LAG, en avril dernier.<\/p>\n<p>Au sein d&rsquo;Exarcheia, une structure autog\u00e9r\u00e9e de sant\u00e9 a \u00e9t\u00e9 cr\u00e9\u00e9e par l&rsquo;assembl\u00e9e g\u00e9n\u00e9rale des habitants, des espaces sociaux libres et des collectifs qui vivent et agissent dans le quartier.<\/p>\n<div style=\"width: 640px;\" class=\"wp-video\"><video class=\"wp-video-shortcode\" id=\"video-2254-1\" width=\"640\" height=\"360\" preload=\"metadata\" controls=\"controls\"><source type=\"video\/mp4\" src=\"http:\/\/www.lelag.fr\/site\/wp-content\/uploads\/2014\/09\/StructureAutogereeSanteQuartierExarcheiaAthenes.mp4?_=1\" \/><a href=\"http:\/\/www.lelag.fr\/site\/wp-content\/uploads\/2014\/09\/StructureAutogereeSanteQuartierExarcheiaAthenes.mp4\">http:\/\/www.lelag.fr\/site\/wp-content\/uploads\/2014\/09\/StructureAutogereeSanteQuartierExarcheiaAthenes.mp4<\/a><\/video><\/div>\n<p>Aujourd&rsquo;hui, ce dispensaire autog\u00e9r\u00e9 a un besoin urgent de m\u00e9dicaments, et le LAG a d\u00e9cid\u00e9 de s&rsquo;associer \u00e0 la campagne de collecte de m\u00e9dicaments, \u00e0 destination du dispensaire d&rsquo;Exarcheia.<br \/>\nTous les m\u00e9dicaments sont collect\u00e9s, y compris les bo\u00eetes entam\u00e9es.<br \/>\n<a href=\"http:\/\/www.lelag.fr\/site\/wp-content\/uploads\/2014\/09\/ListeMedicamentsExarcheia.pdf\">Voici notamment une premi\u00e8re liste <\/a>(mais les m\u00e9dicaments ne figurant pas dans cette liste sont accept\u00e9s).<\/p>\n<p>En pratique, si vous disposez de tels m\u00e9dicaments, il vous est possible de les <strong>d\u00e9poser au LAG lors des permanences du jeudi, de 18h00 \u00e0 20h00, ou \u00e0 l&rsquo;occasion des initiatives publiques propos\u00e9es au LAG.<\/strong><\/p>\n<p>Merci !<\/p>\n","protected":false},"excerpt":{"rendered":"<p>Paris a son Quartier Latin, m\u00e9moire de mai 1968. Ath\u00e8nes a Exarcheia, o\u00f9 s&rsquo;\u00e9crit, en ce moment m\u00eame, l&rsquo;Histoire. Exarcheia est le berceau du slogan \u00ab\u00a0Ne vivons plus comme des esclaves\u00a0\u00bb, que Yannis Youlountas a adopt\u00e9 comme titre du film &hellip; <a href=\"https:\/\/www.lelag.fr\/site\/le-lag-sengage-pour-le-dispensaire-autogere-dexarcheia\/\">Continuer la lecture <span class=\"meta-nav\">&rarr;<\/span><\/a><\/p>\n","protected":false},"author":1,"featured_media":0,"comment_status":"closed","ping_status":"closed","sticky":false,"template":"","format":"standard","meta":{"footnotes":""},"categories":[3],"tags":[],"class_list":["post-2254","post","type-post","status-publish","format-standard","hentry","category-au-lag"],"_links":{"self":[{"href":"https:\/\/www.lelag.fr\/site\/wp-json\/wp\/v2\/posts\/2254","targetHints":{"allow":["GET"]}}],"collection":[{"href":"https:\/\/www.lelag.fr\/site\/wp-json\/wp\/v2\/posts"}],"about":[{"href":"https:\/\/www.lelag.fr\/site\/wp-json\/wp\/v2\/types\/post"}],"author":[{"embeddable":true,"href":"https:\/\/www.lelag.fr\/site\/wp-json\/wp\/v2\/users\/1"}],"replies":[{"embeddable":true,"href":"https:\/\/www.lelag.fr\/site\/wp-json\/wp\/v2\/comments?post=2254"}],"version-history":[{"count":4,"href":"https:\/\/www.lelag.fr\/site\/wp-json\/wp\/v2\/posts\/2254\/revisions"}],"predecessor-version":[{"id":2260,"href":"https:\/\/www.lelag.fr\/site\/wp-json\/wp\/v2\/posts\/2254\/revisions\/2260"}],"wp:attachment":[{"href":"https:\/\/www.lelag.fr\/site\/wp-json\/wp\/v2\/media?parent=2254"}],"wp:term":[{"taxonomy":"category","embeddable":true,"href":"https:\/\/www.lelag.fr\/site\/wp-json\/wp\/v2\/categories?post=2254"},{"taxonomy":"post_tag","embeddable":true,"href":"https:\/\/www.lelag.fr\/site\/wp-json\/wp\/v2\/tags?post=2254"}],"curies":[{"name":"wp","href":"https:\/\/api.w.org\/{rel}","templated":true}]}}