{"id":2181,"date":"2014-06-30T21:50:57","date_gmt":"2014-06-30T19:50:57","guid":{"rendered":"http:\/\/www.lelag.fr\/site\/?p=2181"},"modified":"2014-06-30T21:50:57","modified_gmt":"2014-06-30T19:50:57","slug":"la-charte-du-lag","status":"publish","type":"post","link":"https:\/\/www.lelag.fr\/site\/la-charte-du-lag\/","title":{"rendered":"La Charte du LAG"},"content":{"rendered":"<h1 class=\"entry-title\">Charte du LAG<\/h1>\n<div class=\"entry-content\">\n<p><span style=\"color: #000000;\"><strong><span style=\"text-decoration: underline;\"><a href=\"http:\/\/lag.bassinminier62.org\/site\/wp-content\/uploads\/2012\/12\/logo2.gif\"><img loading=\"lazy\" decoding=\"async\" class=\"aligncenter size-full wp-image-790\" title=\"logo2\" src=\"http:\/\/lag.bassinminier62.org\/site\/wp-content\/uploads\/2012\/12\/logo2.gif\" alt=\"logo\" width=\"315\" height=\"116\" srcset=\"https:\/\/www.lelag.fr\/site\/wp-content\/uploads\/2012\/12\/logo2.gif 315w, https:\/\/www.lelag.fr\/site\/wp-content\/uploads\/2012\/12\/logo2-300x110.gif 300w\" sizes=\"auto, (max-width: 315px) 100vw, 315px\" \/><\/a><\/span><\/strong><strong><span style=\"text-decoration: underline;\"><br \/>\n<\/span><\/strong><\/span><\/p>\n<p>Nous sommes\u00a0 des\u00a0 personnes <span style=\"color: #0000ff;\"><span style=\"color: #000000;\">et des groupes<\/span><\/span><span style=\"color: #000000;\">\u00a0 portant\u00a0 les valeurs de l\u2019autogestion, de l\u2019anticapitalisme, de l\u2019\u00e9cologie, de\u00a0 fraternit\u00e9, de\u00a0 solidarit\u00e9 et de l\u2019\u00e9mancipation.<\/span><\/p>\n<p><span style=\"color: #000000;\">La tol\u00e9rance, le respect, la convivialit\u00e9, la contribution et l\u2019engagement<del><\/del> dans la vie de la cit\u00e9 , la r\u00e9appropriation de nos vies sont les principes qui fondent nos action<\/span>s et nos r\u00e9flexions.<\/p>\n<p>Aussi nous nous inscrivons dans une lutte contre toutes formes de dominations, de discriminations et d\u2019oppressions : \u00e9conomiques, sociales, culturelles, raciales, sexuelles, carc\u00e9rales ou religieuses.<\/p>\n<p>&nbsp;<\/p>\n<p>Quelques objectifs du LAG.<\/p>\n<p>Le LAG est un lieu autog\u00e9r\u00e9 permettant le rassemblement et la r\u00e9alisation d\u2019actions autour des valeurs pr\u00e9sent\u00e9es.<\/p>\n<p>Il doit permettre \u00e0 tous ceux qui portent nos valeurs : groupes ou individus de se regrouper, de prendre des initiatives <del><\/del>,\u00a0 autour\u00a0 de moments d\u2019\u00e9change, de r\u00e9flexion, de <del>vie\u00a0<\/del> partage et d\u2019avoir un point d\u2019appui local<del><\/del> dans le bassin minier.<\/p>\n<p>Le lag doit permettre et promouvoir, \u00e0 son \u00e9chelle, une sortie du capitalisme. Il doit permettre la diffusion d\u2019alternatives \u00e0 notre soci\u00e9t\u00e9 actuelle dans tous les domaines et \u00e0 tous niveaux qui ne soient pas en contradiction avec la charte.<\/p>\n<p>Il est un exemple concret d\u2019 autogestion, diffusant la possibilit\u00e9 d\u2019une organisation diff\u00e9rente sans chef ni hi\u00e9rarchie <del><\/del><\/p>\n<p>Fonctionnement g\u00e9n\u00e9ral<\/p>\n<ul>\n<li>Toute personne, structure, collectif, association\u2026 souhaitant utiliser le LAG ne doit pas \u00eatre en d\u00e9saccord avec la charte.<\/li>\n<li>D\u2019autre part notre fonctionnement est compl\u00e8tement autonome de l\u2019\u00c9tat, en g\u00e9n\u00e9ral, et de ses structures (commune-communaut\u00e9 d\u2019agglom\u00e9ration-conseil g\u00e9n\u00e9ral- r\u00e9gional etc\u2026)<\/li>\n<\/ul>\n<p>Fonctionnement politique<\/p>\n<ul>\n<li>L\u2019AG du LAG est compos\u00e9e de membres (des femmes\/hommes et des structures), qui adh\u00e8rent pleinement \u00e0 la charte (voir ci-dessus).<\/li>\n<li>Ces membres composent l\u2019Assembl\u00e9e G\u00e9n\u00e9rale (AG) du LAG.<\/li>\n<li>Chaque nouveau membre est obligatoirement approuv\u00e9 par l\u2019ensemble de l\u2019 AG.<\/li>\n<li>L\u2019 AG du LAG se r\u00e9unit le 1er mardi de chaque mois, de 19h00 \u00e0 21h0, au LAG. Chacun-e compte pour un (1\u00a0 personne = 1 collectif = 1 voix) + fonctionnement au consensus.<\/li>\n<li>Ils-elles d\u00e9cident d\u2019int\u00e9grer de nouvelles personnes ou structures \u00e0 l\u2019 AG.<\/li>\n<li>Ils-elles \u00e9crivent et relisent la charte, de fa\u00e7on r\u00e9guli\u00e8re.<\/li>\n<li>Ils-elles font vivre le lieu, financi\u00e8rement, et\/ou en actions. Ils-elles valident les initiatives qui vont s\u2019y tenir, sur la base des crit\u00e8res de la charte.<\/li>\n<li>Ils-elles veillent \u00e0 la bonne autogestion quotidienne du lieu.<\/li>\n<li>Ils-elles veillent \u00e0 la bonne gestion financi\u00e8re et mat\u00e9rielle du lieu.<\/li>\n<li>Ils-elles d\u00e9cident, si n\u00e9cessaire, le mandatement de membres de l\u2019 AG. (mandatement imp\u00e9ratif et imm\u00e9diatement r\u00e9vocable par l\u2019Assembl\u00e9e G\u00e9n\u00e9rale).<\/li>\n<li>Des groupes de travail, eux aussi sous mandats imp\u00e9ratifs, pourront \u00eatre constitu\u00e9s pour mener \u00e0 bien les projets et strat\u00e9gies d\u00e9cid\u00e9s par l\u2019Assembl\u00e9e G\u00e9n\u00e9rale.<\/li>\n<\/ul>\n<p>Fonctionnement financier<\/p>\n<ul>\n<li>\u00a0Chaque mois des personnes ou des structures contribuent au fonctionnement du LAG (pr\u00e9l\u00e8vements de 15\u20ac minimum \u00e0 60\u20acmaximum \/mois).<\/li>\n<li>Par ailleurs, ponctuellement, des personnes ou des structures effectuent des versements libres.<\/li>\n<li>Enfin, les activit\u00e9s du LAG peuvent g\u00e9n\u00e9rer des rentr\u00e9es financi\u00e8res (activit\u00e9s \u00e0 prix libre ou \u00e0 prix fix\u00e9, bar, \u2026).<\/li>\n<\/ul>\n<p>Il n\u2019y a pas de corr\u00e9lation entre l\u2019 AG (fonctionnement politique) et les souscripteurs financiers :<\/p>\n<ul>\n<li>On peut \u00eatre membre de l\u2019 AG, et ne pas avoir la possibilit\u00e9 d\u2019effectuer un pr\u00e9l\u00e8vement pour le LAG chaque mois.<\/li>\n<li>On peut souhaiter soutenir financi\u00e8rement l\u2019activit\u00e9 du LAG, sans pour autant partager pleinement la charte, et donc faire partie de l\u2019 AG.<\/li>\n<\/ul>\n<\/div>\n","protected":false},"excerpt":{"rendered":"<p>Charte du LAG Nous sommes\u00a0 des\u00a0 personnes et des groupes\u00a0 portant\u00a0 les valeurs de l\u2019autogestion, de l\u2019anticapitalisme, de l\u2019\u00e9cologie, de\u00a0 fraternit\u00e9, de\u00a0 solidarit\u00e9 et de l\u2019\u00e9mancipation. La tol\u00e9rance, le respect, la convivialit\u00e9, la contribution et l\u2019engagement dans la vie de &hellip; <a href=\"https:\/\/www.lelag.fr\/site\/la-charte-du-lag\/\">Continuer la lecture <span class=\"meta-nav\">&rarr;<\/span><\/a><\/p>\n","protected":false},"author":2,"featured_media":0,"comment_status":"closed","ping_status":"closed","sticky":false,"template":"","format":"standard","meta":{"footnotes":""},"categories":[1],"tags":[],"class_list":["post-2181","post","type-post","status-publish","format-standard","hentry","category-non-classe"],"_links":{"self":[{"href":"https:\/\/www.lelag.fr\/site\/wp-json\/wp\/v2\/posts\/2181","targetHints":{"allow":["GET"]}}],"collection":[{"href":"https:\/\/www.lelag.fr\/site\/wp-json\/wp\/v2\/posts"}],"about":[{"href":"https:\/\/www.lelag.fr\/site\/wp-json\/wp\/v2\/types\/post"}],"author":[{"embeddable":true,"href":"https:\/\/www.lelag.fr\/site\/wp-json\/wp\/v2\/users\/2"}],"replies":[{"embeddable":true,"href":"https:\/\/www.lelag.fr\/site\/wp-json\/wp\/v2\/comments?post=2181"}],"version-history":[{"count":1,"href":"https:\/\/www.lelag.fr\/site\/wp-json\/wp\/v2\/posts\/2181\/revisions"}],"predecessor-version":[{"id":2182,"href":"https:\/\/www.lelag.fr\/site\/wp-json\/wp\/v2\/posts\/2181\/revisions\/2182"}],"wp:attachment":[{"href":"https:\/\/www.lelag.fr\/site\/wp-json\/wp\/v2\/media?parent=2181"}],"wp:term":[{"taxonomy":"category","embeddable":true,"href":"https:\/\/www.lelag.fr\/site\/wp-json\/wp\/v2\/categories?post=2181"},{"taxonomy":"post_tag","embeddable":true,"href":"https:\/\/www.lelag.fr\/site\/wp-json\/wp\/v2\/tags?post=2181"}],"curies":[{"name":"wp","href":"https:\/\/api.w.org\/{rel}","templated":true}]}}