{"id":1995,"date":"2014-02-16T22:22:56","date_gmt":"2014-02-16T21:22:56","guid":{"rendered":"http:\/\/www.lelag.fr\/site\/?p=1995"},"modified":"2014-06-01T19:53:39","modified_gmt":"2014-06-01T17:53:39","slug":"le-prince-miiaou","status":"publish","type":"post","link":"https:\/\/www.lelag.fr\/site\/le-prince-miiaou\/","title":{"rendered":"Le Prince Miiaou"},"content":{"rendered":"<p><strong>Programmation au LAG : vendredi 6 juin 2014 &#8211; 20h00, dans le cadre du cycle <a title=\"Docu Femmes\" href=\"http:\/\/lag.bassinminier62.org\/site\/projets-2012-2013\/docu-femmes\/\">Docu Femmes<\/a><\/strong><\/p>\n<p><strong>En pr\u00e9sence de Marc-Antoine Roudil<br \/>\n<\/strong><\/p>\n<p>Un documentaire de Marc-Antoine Roudil &#8211; France &#8211; 2013 &#8211; 102&prime;<\/p>\n<div id=\"attachment_1996\" style=\"width: 310px\" class=\"wp-caption aligncenter\"><a href=\"http:\/\/www.lelag.fr\/site\/wp-content\/uploads\/2014\/02\/LePrinceMiiaou-01.jpg\"><img loading=\"lazy\" decoding=\"async\" aria-describedby=\"caption-attachment-1996\" class=\"size-medium wp-image-1996\" src=\"http:\/\/www.lelag.fr\/site\/wp-content\/uploads\/2014\/02\/LePrinceMiiaou-01-300x221.jpg\" alt=\"Le Prince Miiaou\" width=\"300\" height=\"221\" srcset=\"https:\/\/www.lelag.fr\/site\/wp-content\/uploads\/2014\/02\/LePrinceMiiaou-01-300x221.jpg 300w, https:\/\/www.lelag.fr\/site\/wp-content\/uploads\/2014\/02\/LePrinceMiiaou-01.jpg 650w\" sizes=\"auto, (max-width: 300px) 100vw, 300px\" \/><\/a><p id=\"caption-attachment-1996\" class=\"wp-caption-text\">Le Prince Miiaou<\/p><\/div>\n<h2><strong>R\u00e9sum\u00e9<\/strong><\/h2>\n<p><span id=\"fr\" class=\"resume\">Maud-Elisa Mandeau-le Prince Miiaou est une jeune chanteuse-guitariste-compositrice de rock. Au printemps 2010, elle se lance dans la r\u00e9alisation de son troisi\u00e8me album. Pendant un an et demi, la cam\u00e9ra accompagne au plus pr\u00e8s l&rsquo;ensemble du processus de cr\u00e9ation musicale, de la page blanche au concert. Le Prince Miiaou donne \u00e0 voir et \u00e0 entendre ses difficult\u00e9s, ses efforts et ses doutes, \u00e0 travers une mise \u00e0 nu de son travail, de sa musique, de soi. <\/span><\/p>\n<p>&nbsp;<\/p>\n<div id=\"attachment_2152\" style=\"width: 221px\" class=\"wp-caption aligncenter\"><a href=\"http:\/\/www.lelag.fr\/site\/wp-content\/uploads\/2014\/02\/LePrinceMiiaou-02.png\"><img loading=\"lazy\" decoding=\"async\" aria-describedby=\"caption-attachment-2152\" class=\"wp-image-2152 size-medium\" src=\"http:\/\/www.lelag.fr\/site\/wp-content\/uploads\/2014\/02\/LePrinceMiiaou-02-211x300.png\" alt=\"Le Prince Miiaou\" width=\"211\" height=\"300\" srcset=\"https:\/\/www.lelag.fr\/site\/wp-content\/uploads\/2014\/02\/LePrinceMiiaou-02-211x300.png 211w, https:\/\/www.lelag.fr\/site\/wp-content\/uploads\/2014\/02\/LePrinceMiiaou-02-723x1024.png 723w, https:\/\/www.lelag.fr\/site\/wp-content\/uploads\/2014\/02\/LePrinceMiiaou-02.png 826w\" sizes=\"auto, (max-width: 211px) 100vw, 211px\" \/><\/a><p id=\"caption-attachment-2152\" class=\"wp-caption-text\">Le Prince Miiaou<\/p><\/div>\n<p>&nbsp;<\/p>\n","protected":false},"excerpt":{"rendered":"<p>Programmation au LAG : vendredi 6 juin 2014 &#8211; 20h00, dans le cadre du cycle Docu Femmes En pr\u00e9sence de Marc-Antoine Roudil Un documentaire de Marc-Antoine Roudil &#8211; France &#8211; 2013 &#8211; 102&prime; R\u00e9sum\u00e9 Maud-Elisa Mandeau-le Prince Miiaou est une &hellip; <a href=\"https:\/\/www.lelag.fr\/site\/le-prince-miiaou\/\">Continuer la lecture <span class=\"meta-nav\">&rarr;<\/span><\/a><\/p>\n","protected":false},"author":1,"featured_media":0,"comment_status":"closed","ping_status":"closed","sticky":false,"template":"","format":"standard","meta":{"footnotes":""},"categories":[9],"tags":[],"class_list":["post-1995","post","type-post","status-publish","format-standard","hentry","category-docu-femmes-2014"],"_links":{"self":[{"href":"https:\/\/www.lelag.fr\/site\/wp-json\/wp\/v2\/posts\/1995","targetHints":{"allow":["GET"]}}],"collection":[{"href":"https:\/\/www.lelag.fr\/site\/wp-json\/wp\/v2\/posts"}],"about":[{"href":"https:\/\/www.lelag.fr\/site\/wp-json\/wp\/v2\/types\/post"}],"author":[{"embeddable":true,"href":"https:\/\/www.lelag.fr\/site\/wp-json\/wp\/v2\/users\/1"}],"replies":[{"embeddable":true,"href":"https:\/\/www.lelag.fr\/site\/wp-json\/wp\/v2\/comments?post=1995"}],"version-history":[{"count":4,"href":"https:\/\/www.lelag.fr\/site\/wp-json\/wp\/v2\/posts\/1995\/revisions"}],"predecessor-version":[{"id":2154,"href":"https:\/\/www.lelag.fr\/site\/wp-json\/wp\/v2\/posts\/1995\/revisions\/2154"}],"wp:attachment":[{"href":"https:\/\/www.lelag.fr\/site\/wp-json\/wp\/v2\/media?parent=1995"}],"wp:term":[{"taxonomy":"category","embeddable":true,"href":"https:\/\/www.lelag.fr\/site\/wp-json\/wp\/v2\/categories?post=1995"},{"taxonomy":"post_tag","embeddable":true,"href":"https:\/\/www.lelag.fr\/site\/wp-json\/wp\/v2\/tags?post=1995"}],"curies":[{"name":"wp","href":"https:\/\/api.w.org\/{rel}","templated":true}]}}