{"id":1992,"date":"2014-02-16T22:23:00","date_gmt":"2014-02-16T21:23:00","guid":{"rendered":"http:\/\/www.lelag.fr\/site\/?p=1992"},"modified":"2014-03-04T18:10:18","modified_gmt":"2014-03-04T17:10:18","slug":"kelly","status":"publish","type":"post","link":"https:\/\/www.lelag.fr\/site\/kelly\/","title":{"rendered":"Kelly"},"content":{"rendered":"<p><strong>Programmation au LAG : samedi 17 mai 2014 &#8211; 20h00, dans le cadre du cycle <a title=\"Docu Femmes\" href=\"http:\/\/lag.bassinminier62.org\/site\/projets-2012-2013\/docu-femmes\/\">Docu Femmes<\/a><\/strong><\/p>\n<p><strong>En pr\u00e9sence de St\u00e9phanie R\u00e9gnier<br \/>\n<\/strong><\/p>\n<p>Un documentaire de St\u00e9phanie R\u00e9gnier &#8211; France &#8211; 2013 &#8211; 67&prime;<\/p>\n<div id=\"attachment_1993\" style=\"width: 310px\" class=\"wp-caption aligncenter\"><a href=\"http:\/\/www.lelag.fr\/site\/wp-content\/uploads\/2014\/02\/Kelly-01.jpg\"><img loading=\"lazy\" decoding=\"async\" aria-describedby=\"caption-attachment-1993\" class=\"size-medium wp-image-1993\" alt=\"Kelly\" src=\"http:\/\/www.lelag.fr\/site\/wp-content\/uploads\/2014\/02\/Kelly-01-300x221.jpg\" width=\"300\" height=\"221\" srcset=\"https:\/\/www.lelag.fr\/site\/wp-content\/uploads\/2014\/02\/Kelly-01-300x221.jpg 300w, https:\/\/www.lelag.fr\/site\/wp-content\/uploads\/2014\/02\/Kelly-01.jpg 650w\" sizes=\"auto, (max-width: 300px) 100vw, 300px\" \/><\/a><p id=\"caption-attachment-1993\" class=\"wp-caption-text\">Kelly<\/p><\/div>\n<h2><strong>R\u00e9sum\u00e9<\/strong><\/h2>\n<p><span class=\"resume\" id=\"fr\">\u00c0 port\u00e9e de regard, l\u2019Europe se profile comme une entit\u00e9 floue. Elle reste inatteignable pour Kelly qui l\u2019observe avec rage.<br \/>\nDevant la cam\u00e9ra Kelly rejoue son destin : sa vie sage au P\u00e9rou, sa vie clandestine en Guyane fran\u00e7aise, la famille, l\u2019amour, la d\u00e9brouille&#8230; Kelly est en suspens, entre trois continents, trois langues et trois mondes. Sa vie se joue \u00e0 l\u2019\u00e9chelle de la plan\u00e8te et se resserre le temps du film dans les couloirs et les chambres d\u2019un h\u00f4tel. Tanger se r\u00e9v\u00e8le par fragments. <\/span><\/p>\n<p>&nbsp;<\/p>\n","protected":false},"excerpt":{"rendered":"<p>Programmation au LAG : samedi 17 mai 2014 &#8211; 20h00, dans le cadre du cycle Docu Femmes En pr\u00e9sence de St\u00e9phanie R\u00e9gnier Un documentaire de St\u00e9phanie R\u00e9gnier &#8211; France &#8211; 2013 &#8211; 67&prime; R\u00e9sum\u00e9 \u00c0 port\u00e9e de regard, l\u2019Europe se &hellip; <a href=\"https:\/\/www.lelag.fr\/site\/kelly\/\">Continuer la lecture <span class=\"meta-nav\">&rarr;<\/span><\/a><\/p>\n","protected":false},"author":1,"featured_media":0,"comment_status":"closed","ping_status":"closed","sticky":false,"template":"","format":"standard","meta":{"footnotes":""},"categories":[9],"tags":[],"class_list":["post-1992","post","type-post","status-publish","format-standard","hentry","category-docu-femmes-2014"],"_links":{"self":[{"href":"https:\/\/www.lelag.fr\/site\/wp-json\/wp\/v2\/posts\/1992","targetHints":{"allow":["GET"]}}],"collection":[{"href":"https:\/\/www.lelag.fr\/site\/wp-json\/wp\/v2\/posts"}],"about":[{"href":"https:\/\/www.lelag.fr\/site\/wp-json\/wp\/v2\/types\/post"}],"author":[{"embeddable":true,"href":"https:\/\/www.lelag.fr\/site\/wp-json\/wp\/v2\/users\/1"}],"replies":[{"embeddable":true,"href":"https:\/\/www.lelag.fr\/site\/wp-json\/wp\/v2\/comments?post=1992"}],"version-history":[{"count":2,"href":"https:\/\/www.lelag.fr\/site\/wp-json\/wp\/v2\/posts\/1992\/revisions"}],"predecessor-version":[{"id":2037,"href":"https:\/\/www.lelag.fr\/site\/wp-json\/wp\/v2\/posts\/1992\/revisions\/2037"}],"wp:attachment":[{"href":"https:\/\/www.lelag.fr\/site\/wp-json\/wp\/v2\/media?parent=1992"}],"wp:term":[{"taxonomy":"category","embeddable":true,"href":"https:\/\/www.lelag.fr\/site\/wp-json\/wp\/v2\/categories?post=1992"},{"taxonomy":"post_tag","embeddable":true,"href":"https:\/\/www.lelag.fr\/site\/wp-json\/wp\/v2\/tags?post=1992"}],"curies":[{"name":"wp","href":"https:\/\/api.w.org\/{rel}","templated":true}]}}