{"id":1988,"date":"2014-02-16T22:23:04","date_gmt":"2014-02-16T21:23:04","guid":{"rendered":"http:\/\/www.lelag.fr\/site\/?p=1988"},"modified":"2014-09-16T15:00:45","modified_gmt":"2014-09-16T13:00:45","slug":"entre-leurs-mains","status":"publish","type":"post","link":"https:\/\/www.lelag.fr\/site\/entre-leurs-mains\/","title":{"rendered":"Entre leurs mains"},"content":{"rendered":"<p><strong>Programmation au LAG : vendredi 3 octobre 2014 &#8211; 20h00, dans le cadre du cycle <a title=\"Docu Femmes\" href=\"http:\/\/lag.bassinminier62.org\/site\/projets-2012-2013\/docu-femmes\/\">Docu Femmes<\/a><\/strong><\/p>\n<p><strong>En pr\u00e9sence de C\u00e9line Darmayan<br \/>\n<\/strong><\/p>\n<p>Un documentaire de C\u00e9line Darmayan &#8211; France &#8211; 2013 &#8211; 1h20<\/p>\n<p><strong>C\u00e9line Darmayan<\/strong> est d\u00e9j\u00e0 venue au LAG, en 2013, \u00e0 l&rsquo;occasion de Bobines Rebelles 2013, <a title=\"9Ter\" href=\"http:\/\/www.lelag.fr\/site\/9ter\/\">pour nous pr\u00e9senter son film 9 Ter.<\/a><\/p>\n<div id=\"attachment_1989\" style=\"width: 222px\" class=\"wp-caption aligncenter\"><a href=\"http:\/\/www.lelag.fr\/site\/wp-content\/uploads\/2014\/02\/Entre-leurs-mains-01.jpg\"><img loading=\"lazy\" decoding=\"async\" aria-describedby=\"caption-attachment-1989\" class=\"size-medium wp-image-1989\" src=\"http:\/\/www.lelag.fr\/site\/wp-content\/uploads\/2014\/02\/Entre-leurs-mains-01-212x300.jpg\" alt=\"Entre leurs mains\" width=\"212\" height=\"300\" srcset=\"https:\/\/www.lelag.fr\/site\/wp-content\/uploads\/2014\/02\/Entre-leurs-mains-01-212x300.jpg 212w, https:\/\/www.lelag.fr\/site\/wp-content\/uploads\/2014\/02\/Entre-leurs-mains-01-723x1024.jpg 723w\" sizes=\"auto, (max-width: 212px) 100vw, 212px\" \/><\/a><p id=\"caption-attachment-1989\" class=\"wp-caption-text\">Entre leurs mains<\/p><\/div>\n<h2>En t\u00e9l\u00e9chargement<\/h2>\n<ul>\n<li><a href=\"http:\/\/www.lelag.fr\/site\/wp-content\/uploads\/2014\/02\/AffichetteEntreLeursMains.pdf\">L&rsquo;affichette de pr\u00e9sentation du film<\/a><\/li>\n<\/ul>\n<h2><strong>R\u00e9sum\u00e9<\/strong><\/h2>\n<p><span class=\"resume\">Comment consid\u00e8re-t-on la naissance et le corps de la femme aujourd\u2019hui ? Quelle place laisse-t-on encore \u00e0 l\u2019humain dans l\u2019acte de donner la vie ? Muriel, Jacqueline, Sidonie et C\u00e9cile accompagnent des personnes qui souhaitent donner naissance \u00e0 domicile. Ces sages-femmes nous invitent \u00e0 d\u00e9couvrir leur pratique et leur vision de la venue au monde. En France, le choix de cette alternative prend, aujourd\u2019hui, la forme d\u2019une lutte. M\u00eame si cette pratique n\u2019est pas officiellement ill\u00e9gale, les pr\u00e9jug\u00e9s sont tenaces. Les sages-femmes sont soumises \u00e0 des pressions administratives sans cesse plus \u00e9touffantes, tendant \u00e0 faire dispara\u00eetre une des derni\u00e8res alternatives \u00e0 l\u2019accouchement m\u00e9dicalis\u00e9. <\/span><\/p>\n<h2>Le site du film<\/h2>\n<ul>\n<li><a href=\"http:\/\/www.entreleursmains.org\/\">http:\/\/www.entreleursmains.org\/<\/a><\/li>\n<\/ul>\n<p>&nbsp;<\/p>\n<div id=\"attachment_1990\" style=\"width: 310px\" class=\"wp-caption aligncenter\"><a href=\"http:\/\/www.lelag.fr\/site\/wp-content\/uploads\/2014\/02\/Entre-leurs-mains-02.jpg\"><img loading=\"lazy\" decoding=\"async\" aria-describedby=\"caption-attachment-1990\" class=\"size-medium wp-image-1990\" src=\"http:\/\/www.lelag.fr\/site\/wp-content\/uploads\/2014\/02\/Entre-leurs-mains-02-300x221.jpg\" alt=\"Entre leurs mains\" width=\"300\" height=\"221\" srcset=\"https:\/\/www.lelag.fr\/site\/wp-content\/uploads\/2014\/02\/Entre-leurs-mains-02-300x221.jpg 300w, https:\/\/www.lelag.fr\/site\/wp-content\/uploads\/2014\/02\/Entre-leurs-mains-02.jpg 650w\" sizes=\"auto, (max-width: 300px) 100vw, 300px\" \/><\/a><p id=\"caption-attachment-1990\" class=\"wp-caption-text\">Entre leurs mains<\/p><\/div>\n","protected":false},"excerpt":{"rendered":"<p>Programmation au LAG : vendredi 3 octobre 2014 &#8211; 20h00, dans le cadre du cycle Docu Femmes En pr\u00e9sence de C\u00e9line Darmayan Un documentaire de C\u00e9line Darmayan &#8211; France &#8211; 2013 &#8211; 1h20 C\u00e9line Darmayan est d\u00e9j\u00e0 venue au LAG, &hellip; <a href=\"https:\/\/www.lelag.fr\/site\/entre-leurs-mains\/\">Continuer la lecture <span class=\"meta-nav\">&rarr;<\/span><\/a><\/p>\n","protected":false},"author":1,"featured_media":0,"comment_status":"closed","ping_status":"closed","sticky":false,"template":"","format":"standard","meta":{"footnotes":""},"categories":[9],"tags":[],"class_list":["post-1988","post","type-post","status-publish","format-standard","hentry","category-docu-femmes-2014"],"_links":{"self":[{"href":"https:\/\/www.lelag.fr\/site\/wp-json\/wp\/v2\/posts\/1988","targetHints":{"allow":["GET"]}}],"collection":[{"href":"https:\/\/www.lelag.fr\/site\/wp-json\/wp\/v2\/posts"}],"about":[{"href":"https:\/\/www.lelag.fr\/site\/wp-json\/wp\/v2\/types\/post"}],"author":[{"embeddable":true,"href":"https:\/\/www.lelag.fr\/site\/wp-json\/wp\/v2\/users\/1"}],"replies":[{"embeddable":true,"href":"https:\/\/www.lelag.fr\/site\/wp-json\/wp\/v2\/comments?post=1988"}],"version-history":[{"count":5,"href":"https:\/\/www.lelag.fr\/site\/wp-json\/wp\/v2\/posts\/1988\/revisions"}],"predecessor-version":[{"id":2267,"href":"https:\/\/www.lelag.fr\/site\/wp-json\/wp\/v2\/posts\/1988\/revisions\/2267"}],"wp:attachment":[{"href":"https:\/\/www.lelag.fr\/site\/wp-json\/wp\/v2\/media?parent=1988"}],"wp:term":[{"taxonomy":"category","embeddable":true,"href":"https:\/\/www.lelag.fr\/site\/wp-json\/wp\/v2\/categories?post=1988"},{"taxonomy":"post_tag","embeddable":true,"href":"https:\/\/www.lelag.fr\/site\/wp-json\/wp\/v2\/tags?post=1988"}],"curies":[{"name":"wp","href":"https:\/\/api.w.org\/{rel}","templated":true}]}}