{"id":1962,"date":"2014-02-16T22:23:09","date_gmt":"2014-02-16T21:23:09","guid":{"rendered":"http:\/\/www.lelag.fr\/site\/?p=1962"},"modified":"2014-08-08T14:43:53","modified_gmt":"2014-08-08T12:43:53","slug":"visages-dune-absente","status":"publish","type":"post","link":"https:\/\/www.lelag.fr\/site\/visages-dune-absente\/","title":{"rendered":"Visages d&rsquo;une absente"},"content":{"rendered":"<p>Programmation au LAG : vendredi 5 septembre &#8211; 20h00, dans le cadre du cycle <a title=\"Docu Femmes\" href=\"http:\/\/lag.bassinminier62.org\/site\/projets-2012-2013\/docu-femmes\/\">Docu Femmes<\/a><\/p>\n<p><strong>En pr\u00e9sence de Fr\u00e9d\u00e9ric Goldbronn.<\/strong><\/p>\n<p>Un documentaire de Fr\u00e9d\u00e9ric Goldbronn &#8211; France &#8211; 2013 &#8211; 95&prime;<\/p>\n<p><a href=\"http:\/\/www.lelag.fr\/site\/wp-content\/uploads\/2014\/02\/VisagesDUneAbsente.jpg\"><img loading=\"lazy\" decoding=\"async\" class=\"aligncenter size-medium wp-image-1964\" src=\"http:\/\/www.lelag.fr\/site\/wp-content\/uploads\/2014\/02\/VisagesDUneAbsente-300x226.jpg\" alt=\"VisagesDUneAbsente\" width=\"300\" height=\"226\" srcset=\"https:\/\/www.lelag.fr\/site\/wp-content\/uploads\/2014\/02\/VisagesDUneAbsente-300x226.jpg 300w, https:\/\/www.lelag.fr\/site\/wp-content\/uploads\/2014\/02\/VisagesDUneAbsente.jpg 650w\" sizes=\"auto, (max-width: 300px) 100vw, 300px\" \/><\/a><\/p>\n<p><em>On h\u00e9rite toujours d&rsquo;un secret, qui dit : Lis-moi, en seras-tu jamais capable ?<\/em> <strong>Jacques Derrida<\/strong><\/p>\n<h2><strong>En t\u00e9l\u00e9chargement<\/strong><\/h2>\n<ul>\n<li><a href=\"http:\/\/www.lelag.fr\/site\/wp-content\/uploads\/2014\/02\/Affiche-VisagesDUneAbsente.pdf\">Visages d&rsquo;une absente : l&rsquo;affichette du film<\/a><\/li>\n<\/ul>\n<h2><strong>R\u00e9sum\u00e9<\/strong><\/h2>\n<p>L\u2019absente, c\u2019est la m\u00e8re disparue du r\u00e9alisateur, une figure qu\u2019il convoque en interrogeant la m\u00e9moire de ses enfants, n\u00e9s de p\u00e8res diff\u00e9rents et qui n\u2019ont pas grandi ensemble. Il confronte ces m\u00e9moires trop pleines ou trop vides (ou trop pleines de leur vide) aux traces que sa m\u00e8re a laiss\u00e9es, lettres et photos sans l\u00e9gendes ou parfois d\u00e9chir\u00e9es.<br \/>\nIl retourne sur les lieux qu\u2019elle a travers\u00e9s, du 16e arrondissement \u00e0 Aubervilliers, en passant par Saint-Germain-des-Pr\u00e9s, enqu\u00eate dans les archives et d\u00e9couvre son secret, l\u2019histoire douloureuse de son enfance et de sa jeunesse sous l\u2019Occupation.<br \/>\nAu fur et \u00e0 mesure, ces fragments s\u2019assemblent, restituant l\u2019unit\u00e9 d\u2019une vie qui, dans son d\u00e9sordre m\u00eame, dit quelque chose de la libert\u00e9 d\u2019une femme du vingti\u00e8me si\u00e8cle.<\/p>\n<h2><strong>Ce qu&rsquo;on a aim\u00e9 <\/strong><\/h2>\n<p>Dans \u00ab\u00a0Visages d&rsquo;une absente\u00a0\u00bb, le r\u00e9alisateur nous emm\u00e8ne dans l&rsquo;enqu\u00eate qu&rsquo;il m\u00e8ne pour comprendre qui \u00e9tait sa m\u00e8re, et percer les zones d&rsquo;ombre qui entourent celle qui le mit au monde.<br \/>\nAvec une extr\u00eame sensibilit\u00e9, il d\u00e9couvre et nous donne \u00e0 entrevoir l&rsquo;histoire singuli\u00e8re d&rsquo;une jeune femme libre, \u00e9tudiante dans le Paris des ann\u00e9es 40. Et le prix qu&rsquo;eurent parfois \u00e0 payer celles qui furent, \u00e0 leur mani\u00e8re, f\u00e9ministes avant l&rsquo;heure.<\/p>\n","protected":false},"excerpt":{"rendered":"<p>Programmation au LAG : vendredi 5 septembre &#8211; 20h00, dans le cadre du cycle Docu Femmes En pr\u00e9sence de Fr\u00e9d\u00e9ric Goldbronn. Un documentaire de Fr\u00e9d\u00e9ric Goldbronn &#8211; France &#8211; 2013 &#8211; 95&prime; On h\u00e9rite toujours d&rsquo;un secret, qui dit : &hellip; <a href=\"https:\/\/www.lelag.fr\/site\/visages-dune-absente\/\">Continuer la lecture <span class=\"meta-nav\">&rarr;<\/span><\/a><\/p>\n","protected":false},"author":1,"featured_media":0,"comment_status":"closed","ping_status":"closed","sticky":false,"template":"","format":"standard","meta":{"footnotes":""},"categories":[9],"tags":[],"class_list":["post-1962","post","type-post","status-publish","format-standard","hentry","category-docu-femmes-2014"],"_links":{"self":[{"href":"https:\/\/www.lelag.fr\/site\/wp-json\/wp\/v2\/posts\/1962","targetHints":{"allow":["GET"]}}],"collection":[{"href":"https:\/\/www.lelag.fr\/site\/wp-json\/wp\/v2\/posts"}],"about":[{"href":"https:\/\/www.lelag.fr\/site\/wp-json\/wp\/v2\/types\/post"}],"author":[{"embeddable":true,"href":"https:\/\/www.lelag.fr\/site\/wp-json\/wp\/v2\/users\/1"}],"replies":[{"embeddable":true,"href":"https:\/\/www.lelag.fr\/site\/wp-json\/wp\/v2\/comments?post=1962"}],"version-history":[{"count":8,"href":"https:\/\/www.lelag.fr\/site\/wp-json\/wp\/v2\/posts\/1962\/revisions"}],"predecessor-version":[{"id":2207,"href":"https:\/\/www.lelag.fr\/site\/wp-json\/wp\/v2\/posts\/1962\/revisions\/2207"}],"wp:attachment":[{"href":"https:\/\/www.lelag.fr\/site\/wp-json\/wp\/v2\/media?parent=1962"}],"wp:term":[{"taxonomy":"category","embeddable":true,"href":"https:\/\/www.lelag.fr\/site\/wp-json\/wp\/v2\/categories?post=1962"},{"taxonomy":"post_tag","embeddable":true,"href":"https:\/\/www.lelag.fr\/site\/wp-json\/wp\/v2\/tags?post=1962"}],"curies":[{"name":"wp","href":"https:\/\/api.w.org\/{rel}","templated":true}]}}