{"id":1957,"date":"2014-02-16T22:23:13","date_gmt":"2014-02-16T21:23:13","guid":{"rendered":"http:\/\/www.lelag.fr\/site\/?p=1957"},"modified":"2014-03-09T09:57:30","modified_gmt":"2014-03-09T08:57:30","slug":"le-2eme-i-demilie","status":"publish","type":"post","link":"https:\/\/www.lelag.fr\/site\/le-2eme-i-demilie\/","title":{"rendered":"Le 2\u00e8me i d&rsquo;\u00c9milie"},"content":{"rendered":"<p><strong>Programmation au LAG : vendredi\u00a0 4 juillet 2014 &#8211; 20h00, dans le cadre du cycle <a title=\"Docu Femmes\" href=\"http:\/\/lag.bassinminier62.org\/site\/projets-2012-2013\/docu-femmes\/\">Docu Femmes<\/a><\/strong><\/p>\n<p><strong>En pr\u00e9sence de Sabine Kuentz<br \/>\n<\/strong><\/p>\n<p>Un documentaire de Sabine Kuentz \u2013 France \u2013 2013 \u2013 48\u2032<\/p>\n<p>&nbsp;<\/p>\n<div id=\"attachment_1966\" style=\"width: 310px\" class=\"wp-caption aligncenter\"><a href=\"http:\/\/www.lelag.fr\/site\/wp-content\/uploads\/2014\/02\/Le2emeIDEmilie-07.jpg\"><img loading=\"lazy\" decoding=\"async\" aria-describedby=\"caption-attachment-1966\" class=\"size-medium wp-image-1966\" alt=\"Le 2\u00e8me i d'\u00c9milie\" src=\"http:\/\/www.lelag.fr\/site\/wp-content\/uploads\/2014\/02\/Le2emeIDEmilie-07-300x240.jpg\" width=\"300\" height=\"240\" srcset=\"https:\/\/www.lelag.fr\/site\/wp-content\/uploads\/2014\/02\/Le2emeIDEmilie-07-300x240.jpg 300w, https:\/\/www.lelag.fr\/site\/wp-content\/uploads\/2014\/02\/Le2emeIDEmilie-07.jpg 720w\" sizes=\"auto, (max-width: 300px) 100vw, 300px\" \/><\/a><p id=\"caption-attachment-1966\" class=\"wp-caption-text\">Le 2\u00e8me i d&rsquo;\u00c9milie<\/p><\/div>\n<p>&nbsp;<\/p>\n<h2><strong><strong>R\u00e9sum\u00e9<\/strong><\/strong><\/h2>\n<p>\u00c9milie a eu un jour le courage de tout remettre en place dans sa vie et a d\u00e9cid\u00e9 de son destin. Dans son pavillon du Perreux en banlieue parisienne, elle vit sa nouvelle vie avec s\u00e9r\u00e9nit\u00e9 et bonne humeur. Une vie domestique lib\u00e9ratrice comme une renaissance, comme une victoire sur le chaos. Par petites touches avec pudeur et franchise, \u00c9milie remonte le cours de son histoire, jusqu&rsquo;\u00e0 l&rsquo;\u00e9poque o\u00f9 elle \u00e9tait encore un petit gar\u00e7on.<\/p>\n<div id=\"attachment_1967\" style=\"width: 310px\" class=\"wp-caption aligncenter\"><a href=\"http:\/\/www.lelag.fr\/site\/wp-content\/uploads\/2014\/02\/Le2emeIDEmilie-01.jpg\"><img loading=\"lazy\" decoding=\"async\" aria-describedby=\"caption-attachment-1967\" class=\"size-medium wp-image-1967\" alt=\"Le 2\u00e8me i d'\u00c9milie\" src=\"http:\/\/www.lelag.fr\/site\/wp-content\/uploads\/2014\/02\/Le2emeIDEmilie-01-300x240.jpg\" width=\"300\" height=\"240\" srcset=\"https:\/\/www.lelag.fr\/site\/wp-content\/uploads\/2014\/02\/Le2emeIDEmilie-01-300x240.jpg 300w, https:\/\/www.lelag.fr\/site\/wp-content\/uploads\/2014\/02\/Le2emeIDEmilie-01.jpg 720w\" sizes=\"auto, (max-width: 300px) 100vw, 300px\" \/><\/a><p id=\"caption-attachment-1967\" class=\"wp-caption-text\">Le 2\u00e8me i d&rsquo;\u00c9milie<\/p><\/div>\n<div id=\"attachment_1968\" style=\"width: 310px\" class=\"wp-caption aligncenter\"><a href=\"http:\/\/www.lelag.fr\/site\/wp-content\/uploads\/2014\/02\/Le2emeIDEmilie-02.jpg\"><img loading=\"lazy\" decoding=\"async\" aria-describedby=\"caption-attachment-1968\" class=\"size-medium wp-image-1968\" alt=\"Le 2\u00e8me i d'\u00c9milie\" src=\"http:\/\/www.lelag.fr\/site\/wp-content\/uploads\/2014\/02\/Le2emeIDEmilie-02-300x240.jpg\" width=\"300\" height=\"240\" srcset=\"https:\/\/www.lelag.fr\/site\/wp-content\/uploads\/2014\/02\/Le2emeIDEmilie-02-300x240.jpg 300w, https:\/\/www.lelag.fr\/site\/wp-content\/uploads\/2014\/02\/Le2emeIDEmilie-02.jpg 720w\" sizes=\"auto, (max-width: 300px) 100vw, 300px\" \/><\/a><p id=\"caption-attachment-1968\" class=\"wp-caption-text\">Le 2\u00e8me i d&rsquo;\u00c9milie<\/p><\/div>\n<div id=\"attachment_1969\" style=\"width: 310px\" class=\"wp-caption aligncenter\"><a href=\"http:\/\/www.lelag.fr\/site\/wp-content\/uploads\/2014\/02\/Le2emeIDEmilie-03.jpg\"><img loading=\"lazy\" decoding=\"async\" aria-describedby=\"caption-attachment-1969\" class=\"size-medium wp-image-1969\" alt=\"Le 2\u00e8me i d'\u00c9milie\" src=\"http:\/\/www.lelag.fr\/site\/wp-content\/uploads\/2014\/02\/Le2emeIDEmilie-03-300x240.jpg\" width=\"300\" height=\"240\" srcset=\"https:\/\/www.lelag.fr\/site\/wp-content\/uploads\/2014\/02\/Le2emeIDEmilie-03-300x240.jpg 300w, https:\/\/www.lelag.fr\/site\/wp-content\/uploads\/2014\/02\/Le2emeIDEmilie-03.jpg 720w\" sizes=\"auto, (max-width: 300px) 100vw, 300px\" \/><\/a><p id=\"caption-attachment-1969\" class=\"wp-caption-text\">Le 2\u00e8me i d&rsquo;\u00c9milie<\/p><\/div>\n<div id=\"attachment_1970\" style=\"width: 310px\" class=\"wp-caption aligncenter\"><a href=\"http:\/\/www.lelag.fr\/site\/wp-content\/uploads\/2014\/02\/Le2emeIDEmilie-04.jpg\"><img loading=\"lazy\" decoding=\"async\" aria-describedby=\"caption-attachment-1970\" class=\"size-medium wp-image-1970\" alt=\"Le 2\u00e8me i d'\u00c9milie\" src=\"http:\/\/www.lelag.fr\/site\/wp-content\/uploads\/2014\/02\/Le2emeIDEmilie-04-300x240.jpg\" width=\"300\" height=\"240\" srcset=\"https:\/\/www.lelag.fr\/site\/wp-content\/uploads\/2014\/02\/Le2emeIDEmilie-04-300x240.jpg 300w, https:\/\/www.lelag.fr\/site\/wp-content\/uploads\/2014\/02\/Le2emeIDEmilie-04.jpg 720w\" sizes=\"auto, (max-width: 300px) 100vw, 300px\" \/><\/a><p id=\"caption-attachment-1970\" class=\"wp-caption-text\">Le 2\u00e8me i d&rsquo;\u00c9milie<\/p><\/div>\n<div id=\"attachment_1971\" style=\"width: 310px\" class=\"wp-caption aligncenter\"><a href=\"http:\/\/www.lelag.fr\/site\/wp-content\/uploads\/2014\/02\/Le2emeIDEmilie-05.jpg\"><img loading=\"lazy\" decoding=\"async\" aria-describedby=\"caption-attachment-1971\" class=\"size-medium wp-image-1971\" alt=\"Le 2\u00e8me i d'\u00c9milie\" src=\"http:\/\/www.lelag.fr\/site\/wp-content\/uploads\/2014\/02\/Le2emeIDEmilie-05-300x240.jpg\" width=\"300\" height=\"240\" srcset=\"https:\/\/www.lelag.fr\/site\/wp-content\/uploads\/2014\/02\/Le2emeIDEmilie-05-300x240.jpg 300w, https:\/\/www.lelag.fr\/site\/wp-content\/uploads\/2014\/02\/Le2emeIDEmilie-05.jpg 720w\" sizes=\"auto, (max-width: 300px) 100vw, 300px\" \/><\/a><p id=\"caption-attachment-1971\" class=\"wp-caption-text\">Le 2\u00e8me i d&rsquo;\u00c9milie<\/p><\/div>\n<div id=\"attachment_1972\" style=\"width: 310px\" class=\"wp-caption aligncenter\"><a href=\"http:\/\/www.lelag.fr\/site\/wp-content\/uploads\/2014\/02\/Le2emeIDEmilie-06.jpg\"><img loading=\"lazy\" decoding=\"async\" aria-describedby=\"caption-attachment-1972\" class=\"size-medium wp-image-1972\" alt=\"Le 2\u00e8me i d'\u00c9milie\" src=\"http:\/\/www.lelag.fr\/site\/wp-content\/uploads\/2014\/02\/Le2emeIDEmilie-06-300x240.jpg\" width=\"300\" height=\"240\" srcset=\"https:\/\/www.lelag.fr\/site\/wp-content\/uploads\/2014\/02\/Le2emeIDEmilie-06-300x240.jpg 300w, https:\/\/www.lelag.fr\/site\/wp-content\/uploads\/2014\/02\/Le2emeIDEmilie-06.jpg 720w\" sizes=\"auto, (max-width: 300px) 100vw, 300px\" \/><\/a><p id=\"caption-attachment-1972\" class=\"wp-caption-text\">Le 2\u00e8me i d&rsquo;\u00c9milie<\/p><\/div>\n<p>&nbsp;<\/p>\n<p>&nbsp;<\/p>\n<p>&nbsp;<\/p>\n<p>&nbsp;<\/p>\n<p>&nbsp;<\/p>\n<p>&nbsp;<\/p>\n","protected":false},"excerpt":{"rendered":"<p>Programmation au LAG : vendredi\u00a0 4 juillet 2014 &#8211; 20h00, dans le cadre du cycle Docu Femmes En pr\u00e9sence de Sabine Kuentz Un documentaire de Sabine Kuentz \u2013 France \u2013 2013 \u2013 48\u2032 &nbsp; &nbsp; R\u00e9sum\u00e9 \u00c9milie a eu un &hellip; <a href=\"https:\/\/www.lelag.fr\/site\/le-2eme-i-demilie\/\">Continuer la lecture <span class=\"meta-nav\">&rarr;<\/span><\/a><\/p>\n","protected":false},"author":1,"featured_media":0,"comment_status":"closed","ping_status":"closed","sticky":false,"template":"","format":"standard","meta":{"footnotes":""},"categories":[9],"tags":[],"class_list":["post-1957","post","type-post","status-publish","format-standard","hentry","category-docu-femmes-2014"],"_links":{"self":[{"href":"https:\/\/www.lelag.fr\/site\/wp-json\/wp\/v2\/posts\/1957","targetHints":{"allow":["GET"]}}],"collection":[{"href":"https:\/\/www.lelag.fr\/site\/wp-json\/wp\/v2\/posts"}],"about":[{"href":"https:\/\/www.lelag.fr\/site\/wp-json\/wp\/v2\/types\/post"}],"author":[{"embeddable":true,"href":"https:\/\/www.lelag.fr\/site\/wp-json\/wp\/v2\/users\/1"}],"replies":[{"embeddable":true,"href":"https:\/\/www.lelag.fr\/site\/wp-json\/wp\/v2\/comments?post=1957"}],"version-history":[{"count":3,"href":"https:\/\/www.lelag.fr\/site\/wp-json\/wp\/v2\/posts\/1957\/revisions"}],"predecessor-version":[{"id":2047,"href":"https:\/\/www.lelag.fr\/site\/wp-json\/wp\/v2\/posts\/1957\/revisions\/2047"}],"wp:attachment":[{"href":"https:\/\/www.lelag.fr\/site\/wp-json\/wp\/v2\/media?parent=1957"}],"wp:term":[{"taxonomy":"category","embeddable":true,"href":"https:\/\/www.lelag.fr\/site\/wp-json\/wp\/v2\/categories?post=1957"},{"taxonomy":"post_tag","embeddable":true,"href":"https:\/\/www.lelag.fr\/site\/wp-json\/wp\/v2\/tags?post=1957"}],"curies":[{"name":"wp","href":"https:\/\/api.w.org\/{rel}","templated":true}]}}