{"id":1910,"date":"2014-01-19T14:52:36","date_gmt":"2014-01-19T13:52:36","guid":{"rendered":"http:\/\/www.lelag.fr\/site\/?p=1910"},"modified":"2014-03-04T10:22:47","modified_gmt":"2014-03-04T09:22:47","slug":"sur-les-toits-hiver-1972-mutineries-dans-les-prisons-francaises","status":"publish","type":"post","link":"https:\/\/www.lelag.fr\/site\/sur-les-toits-hiver-1972-mutineries-dans-les-prisons-francaises\/","title":{"rendered":"Sur les toits &#8211; Hiver 1972 : mutineries dans les prisons fran\u00e7aises"},"content":{"rendered":"<p><strong>Programmation au LAG durant le <a title=\"Bobines Rebelles 2014\" href=\"http:\/\/www.lelag.fr\/site\/cinema\/bobines-rebelles\/bobines-rebelles-2014\/\">festival Bobines rebelles 2014<\/a>, le dimanche 13 avril 2014 \u00e0 14h30.<br \/>\n<\/strong><\/p>\n<p><strong>Un film de Nicolas Drolc \u2013 2013 \u2013 France \u2013 95 minutes<\/strong><\/p>\n<p><strong>En pr\u00e9sence de Nicolas Drolc<strong><\/strong><br \/>\n<\/strong><\/p>\n<h2>R\u00e9sum\u00e9<\/h2>\n<p>D\u00e9but des ann\u00e9es 70\u00a0: une s\u00e9rie d\u2019\u00e9v\u00e8nements fait monter la tension dans les prisons fran\u00e7aises. En r\u00e9ponse au traitement inhumain que leur fait subir l\u2019administration p\u00e9nitentiaire, les prisonniers de la centrale de Ney \u00e0 Toul (Lorraine) ouvrent le bal et se mutinent au d\u00e9but du mois de d\u00e9cembre 1971. Les d\u00e9tenus de la maison d\u2019arr\u00eat Charles III \u00e0 Nancy leur embo\u00eetent le pas le 15 janvier 1972\u00a0: \u00ab\u00a0Au caf\u00e9\u00a0\u00bb, les mutins prennent le contr\u00f4le de la prison, situ\u00e9e en plein centre-ville, montent sur les toits, depuis lesquels ils interpellent les badauds, communiquent leurs revendications, et r\u00e9sistent \u00e0 l\u2019assaut des CRS.<\/p>\n<p>Dans les mois qui suivent les r\u00e9voltes de Toul et de Nancy, plus d\u2019une trentaine de mutineries vont embraser les prisons fran\u00e7aises, qui n\u2019avaient jamais connu une telle vague de r\u00e9voltes. Malgr\u00e9 la r\u00e9pression muscl\u00e9e orchestr\u00e9e par le gouvernement et le discours de la grande presse qui d\u00e9cr\u00e9dibilise syst\u00e9matiquement les r\u00e9voltes, le tour de force des prisonniers n\u2019est pas vain. Relay\u00e9es et d\u00e9fendues par une \u00e9lite intellectuelle engag\u00e9e, dans un contexte id\u00e9ologiquement tendu, les mutineries des ann\u00e9es 71\/72 vont poser pour la premi\u00e8re fois les probl\u00e8me des conditions de d\u00e9tention, de la fonction de la prison et du syst\u00e8me p\u00e9nitentiaire fran\u00e7ais.<\/p>\n<p><strong>Au c\u0153ur d\u2019une actualit\u00e9 toujours br\u00fblante autour de l\u2019univers carc\u00e9ral, d\u2019o\u00f9 ressurgit l\u2019in\u00e9vitable constat d\u2019\u00e9chec de la fonction prison, le film d\u00e9poussi\u00e8re cette premi\u00e8re grande p\u00e9riode de lutte.<\/strong><\/p>\n<div id=\"attachment_1911\" style=\"width: 310px\" class=\"wp-caption aligncenter\"><a href=\"http:\/\/www.lelag.fr\/site\/wp-content\/uploads\/2014\/01\/SurLesToits-01.jpg\"><img loading=\"lazy\" decoding=\"async\" aria-describedby=\"caption-attachment-1911\" class=\"size-medium wp-image-1911\" alt=\"Sur les toits - Nicolas Drolc\" src=\"http:\/\/www.lelag.fr\/site\/wp-content\/uploads\/2014\/01\/SurLesToits-01-300x221.jpg\" width=\"300\" height=\"221\" srcset=\"https:\/\/www.lelag.fr\/site\/wp-content\/uploads\/2014\/01\/SurLesToits-01-300x221.jpg 300w, https:\/\/www.lelag.fr\/site\/wp-content\/uploads\/2014\/01\/SurLesToits-01.jpg 650w\" sizes=\"auto, (max-width: 300px) 100vw, 300px\" \/><\/a><p id=\"caption-attachment-1911\" class=\"wp-caption-text\">Sur les toits &#8211; Nicolas Drolc<\/p><\/div>\n<div id=\"attachment_1912\" style=\"width: 310px\" class=\"wp-caption aligncenter\"><a href=\"http:\/\/www.lelag.fr\/site\/wp-content\/uploads\/2014\/01\/SurLesToits-02.jpg\"><img loading=\"lazy\" decoding=\"async\" aria-describedby=\"caption-attachment-1912\" class=\"size-medium wp-image-1912\" alt=\"Sur les toits - Nicolas Drolc\" src=\"http:\/\/www.lelag.fr\/site\/wp-content\/uploads\/2014\/01\/SurLesToits-02-300x200.jpg\" width=\"300\" height=\"200\" srcset=\"https:\/\/www.lelag.fr\/site\/wp-content\/uploads\/2014\/01\/SurLesToits-02-300x200.jpg 300w, https:\/\/www.lelag.fr\/site\/wp-content\/uploads\/2014\/01\/SurLesToits-02.jpg 450w\" sizes=\"auto, (max-width: 300px) 100vw, 300px\" \/><\/a><p id=\"caption-attachment-1912\" class=\"wp-caption-text\">Sur les toits &#8211; Nicolas Drolc<\/p><\/div>\n<div id=\"attachment_1914\" style=\"width: 310px\" class=\"wp-caption aligncenter\"><a href=\"http:\/\/www.lelag.fr\/site\/wp-content\/uploads\/2014\/01\/SurLesToits-03.jpg\"><img loading=\"lazy\" decoding=\"async\" aria-describedby=\"caption-attachment-1914\" class=\"size-medium wp-image-1914\" alt=\"Sur les toits - Nicolas Drolc\" src=\"http:\/\/www.lelag.fr\/site\/wp-content\/uploads\/2014\/01\/SurLesToits-03-300x168.jpg\" width=\"300\" height=\"168\" srcset=\"https:\/\/www.lelag.fr\/site\/wp-content\/uploads\/2014\/01\/SurLesToits-03-300x168.jpg 300w, https:\/\/www.lelag.fr\/site\/wp-content\/uploads\/2014\/01\/SurLesToits-03.jpg 640w\" sizes=\"auto, (max-width: 300px) 100vw, 300px\" \/><\/a><p id=\"caption-attachment-1914\" class=\"wp-caption-text\">Sur les toits &#8211; Nicolas Drolc<\/p><\/div>\n<div id=\"attachment_1915\" style=\"width: 310px\" class=\"wp-caption aligncenter\"><a href=\"http:\/\/www.lelag.fr\/site\/wp-content\/uploads\/2014\/01\/SurLesToits-04.jpg\"><img loading=\"lazy\" decoding=\"async\" aria-describedby=\"caption-attachment-1915\" class=\"size-medium wp-image-1915\" alt=\"Sur les toits - Nicolas Drolc\" src=\"http:\/\/www.lelag.fr\/site\/wp-content\/uploads\/2014\/01\/SurLesToits-04-300x168.jpg\" width=\"300\" height=\"168\" srcset=\"https:\/\/www.lelag.fr\/site\/wp-content\/uploads\/2014\/01\/SurLesToits-04-300x168.jpg 300w, https:\/\/www.lelag.fr\/site\/wp-content\/uploads\/2014\/01\/SurLesToits-04.jpg 640w\" sizes=\"auto, (max-width: 300px) 100vw, 300px\" \/><\/a><p id=\"caption-attachment-1915\" class=\"wp-caption-text\">Sur les toits &#8211; Nicolas Drolc<\/p><\/div>\n<p>&nbsp;<\/p>\n<div id=\"attachment_1916\" style=\"width: 310px\" class=\"wp-caption aligncenter\"><a href=\"http:\/\/www.lelag.fr\/site\/wp-content\/uploads\/2014\/01\/SurLesToits-05.jpg\"><img loading=\"lazy\" decoding=\"async\" aria-describedby=\"caption-attachment-1916\" class=\"size-medium wp-image-1916\" alt=\"Sur les toits - Nicolas Drolc\" src=\"http:\/\/www.lelag.fr\/site\/wp-content\/uploads\/2014\/01\/SurLesToits-05-300x168.jpg\" width=\"300\" height=\"168\" srcset=\"https:\/\/www.lelag.fr\/site\/wp-content\/uploads\/2014\/01\/SurLesToits-05-300x168.jpg 300w, https:\/\/www.lelag.fr\/site\/wp-content\/uploads\/2014\/01\/SurLesToits-05.jpg 640w\" sizes=\"auto, (max-width: 300px) 100vw, 300px\" \/><\/a><p id=\"caption-attachment-1916\" class=\"wp-caption-text\">Sur les toits &#8211; Nicolas Drolc<\/p><\/div>\n<p>&nbsp;<\/p>\n<div id=\"attachment_1918\" style=\"width: 310px\" class=\"wp-caption aligncenter\"><a href=\"http:\/\/www.lelag.fr\/site\/wp-content\/uploads\/2014\/01\/SurLesToits-06.jpg\"><img loading=\"lazy\" decoding=\"async\" aria-describedby=\"caption-attachment-1918\" class=\"size-medium wp-image-1918\" alt=\"Sur les toits - Nicolas Drolc\" src=\"http:\/\/www.lelag.fr\/site\/wp-content\/uploads\/2014\/01\/SurLesToits-06-300x168.jpg\" width=\"300\" height=\"168\" srcset=\"https:\/\/www.lelag.fr\/site\/wp-content\/uploads\/2014\/01\/SurLesToits-06-300x168.jpg 300w, https:\/\/www.lelag.fr\/site\/wp-content\/uploads\/2014\/01\/SurLesToits-06.jpg 640w\" sizes=\"auto, (max-width: 300px) 100vw, 300px\" \/><\/a><p id=\"caption-attachment-1918\" class=\"wp-caption-text\">Sur les toits &#8211; Nicolas Drolc<\/p><\/div>\n<p>&nbsp;<\/p>\n<div id=\"attachment_1919\" style=\"width: 310px\" class=\"wp-caption aligncenter\"><a href=\"http:\/\/www.lelag.fr\/site\/wp-content\/uploads\/2014\/01\/SurLesToits-07.jpg\"><img loading=\"lazy\" decoding=\"async\" aria-describedby=\"caption-attachment-1919\" class=\"size-medium wp-image-1919\" alt=\"Sur les toits - Nicolas Drolc\" src=\"http:\/\/www.lelag.fr\/site\/wp-content\/uploads\/2014\/01\/SurLesToits-07-300x168.jpg\" width=\"300\" height=\"168\" srcset=\"https:\/\/www.lelag.fr\/site\/wp-content\/uploads\/2014\/01\/SurLesToits-07-300x168.jpg 300w, https:\/\/www.lelag.fr\/site\/wp-content\/uploads\/2014\/01\/SurLesToits-07.jpg 640w\" sizes=\"auto, (max-width: 300px) 100vw, 300px\" \/><\/a><p id=\"caption-attachment-1919\" class=\"wp-caption-text\">Sur les toits &#8211; Nicolas Drolc<\/p><\/div>\n","protected":false},"excerpt":{"rendered":"<p>Programmation au LAG durant le festival Bobines rebelles 2014, le dimanche 13 avril 2014 \u00e0 14h30. Un film de Nicolas Drolc \u2013 2013 \u2013 France \u2013 95 minutes En pr\u00e9sence de Nicolas Drolc R\u00e9sum\u00e9 D\u00e9but des ann\u00e9es 70\u00a0: une s\u00e9rie &hellip; <a href=\"https:\/\/www.lelag.fr\/site\/sur-les-toits-hiver-1972-mutineries-dans-les-prisons-francaises\/\">Continuer la lecture <span class=\"meta-nav\">&rarr;<\/span><\/a><\/p>\n","protected":false},"author":1,"featured_media":0,"comment_status":"closed","ping_status":"closed","sticky":false,"template":"","format":"standard","meta":{"footnotes":""},"categories":[8],"tags":[],"class_list":["post-1910","post","type-post","status-publish","format-standard","hentry","category-bobines-rebelles-2014"],"_links":{"self":[{"href":"https:\/\/www.lelag.fr\/site\/wp-json\/wp\/v2\/posts\/1910","targetHints":{"allow":["GET"]}}],"collection":[{"href":"https:\/\/www.lelag.fr\/site\/wp-json\/wp\/v2\/posts"}],"about":[{"href":"https:\/\/www.lelag.fr\/site\/wp-json\/wp\/v2\/types\/post"}],"author":[{"embeddable":true,"href":"https:\/\/www.lelag.fr\/site\/wp-json\/wp\/v2\/users\/1"}],"replies":[{"embeddable":true,"href":"https:\/\/www.lelag.fr\/site\/wp-json\/wp\/v2\/comments?post=1910"}],"version-history":[{"count":6,"href":"https:\/\/www.lelag.fr\/site\/wp-json\/wp\/v2\/posts\/1910\/revisions"}],"predecessor-version":[{"id":2031,"href":"https:\/\/www.lelag.fr\/site\/wp-json\/wp\/v2\/posts\/1910\/revisions\/2031"}],"wp:attachment":[{"href":"https:\/\/www.lelag.fr\/site\/wp-json\/wp\/v2\/media?parent=1910"}],"wp:term":[{"taxonomy":"category","embeddable":true,"href":"https:\/\/www.lelag.fr\/site\/wp-json\/wp\/v2\/categories?post=1910"},{"taxonomy":"post_tag","embeddable":true,"href":"https:\/\/www.lelag.fr\/site\/wp-json\/wp\/v2\/tags?post=1910"}],"curies":[{"name":"wp","href":"https:\/\/api.w.org\/{rel}","templated":true}]}}