{"id":1905,"date":"2014-01-19T14:39:55","date_gmt":"2014-01-19T13:39:55","guid":{"rendered":"http:\/\/www.lelag.fr\/site\/?p=1905"},"modified":"2014-01-19T14:39:55","modified_gmt":"2014-01-19T13:39:55","slug":"on-est-la","status":"publish","type":"post","link":"https:\/\/www.lelag.fr\/site\/on-est-la\/","title":{"rendered":"On est l\u00e0 !"},"content":{"rendered":"<p><strong>Programmation au LAG dans le cadre du <a title=\"Bobines Rebelles 2014\" href=\"http:\/\/www.lelag.fr\/site\/cinema\/bobines-rebelles\/bobines-rebelles-2014\/\">festival Bobines rebelles 2014<\/a> : samedi 12 avril 2014 \u00e0 17h00<br \/>\n<\/strong><\/p>\n<p><strong>Un film de Luc Decaster \u2013 2011 \u2013 France \u2013 110 minutes<br \/>\n<\/strong><\/p>\n<p><strong>En pr\u00e9sence de Luc Decaster (confirmation en cours)<br \/>\n<\/strong><\/p>\n<h2>R\u00e9sum\u00e9<\/h2>\n<p>Clean Multiservices est une soci\u00e9t\u00e9 de nettoyage ordinaire.<\/p>\n<p>Pour les clients tout semble propre effectivement, jusqu\u2019au jour o\u00f9 des employ\u00e9s en ont assez d\u2019\u00eatre trait\u00e9s comme le papier avec lequel ils font briller les toilettes.<\/p>\n<p>Des papiers, eux, ils n\u2019en n\u2019ont pas.<\/p>\n<p>Ils d\u00e9cident d\u2019occuper l\u2019entreprise.<\/p>\n<p>Ces vingt-quatre travailleurs maliens et mauritaniens sont vite rejoints par trois employ\u00e9es fran\u00e7aises. Dans le quotidien de la lutte des liens se nouent. Personnalit\u00e9s \u00e9tonnantes, \u00e9motions fortes, \u00e9checs et victoires\u2026 Le conflit va durer\u00a0 trente-neuf jours.<\/p>\n<p>Les salari\u00e9s parviendront-ils \u00e0 faire plier leur patron ? Les sans-papiers gagneront-ils le droit de vivre ici ?<\/p>\n<div id=\"attachment_1906\" style=\"width: 310px\" class=\"wp-caption aligncenter\"><a href=\"http:\/\/www.lelag.fr\/site\/wp-content\/uploads\/2014\/01\/OnEstLa-02.jpg\"><img loading=\"lazy\" decoding=\"async\" aria-describedby=\"caption-attachment-1906\" class=\"size-medium wp-image-1906\" alt=\"On est l\u00e0 - Luc Decaster\" src=\"http:\/\/www.lelag.fr\/site\/wp-content\/uploads\/2014\/01\/OnEstLa-02-300x171.jpg\" width=\"300\" height=\"171\" srcset=\"https:\/\/www.lelag.fr\/site\/wp-content\/uploads\/2014\/01\/OnEstLa-02-300x171.jpg 300w, https:\/\/www.lelag.fr\/site\/wp-content\/uploads\/2014\/01\/OnEstLa-02.jpg 768w\" sizes=\"auto, (max-width: 300px) 100vw, 300px\" \/><\/a><p id=\"caption-attachment-1906\" class=\"wp-caption-text\">On est l\u00e0 &#8211; Luc Decaster<\/p><\/div>\n<div id=\"attachment_1907\" style=\"width: 310px\" class=\"wp-caption aligncenter\"><a href=\"http:\/\/www.lelag.fr\/site\/wp-content\/uploads\/2014\/01\/OnEstLa-03.jpg\"><img loading=\"lazy\" decoding=\"async\" aria-describedby=\"caption-attachment-1907\" class=\"size-medium wp-image-1907\" alt=\"On est l\u00e0 - Luc Decaster\" src=\"http:\/\/www.lelag.fr\/site\/wp-content\/uploads\/2014\/01\/OnEstLa-03-300x174.jpg\" width=\"300\" height=\"174\" srcset=\"https:\/\/www.lelag.fr\/site\/wp-content\/uploads\/2014\/01\/OnEstLa-03-300x174.jpg 300w, https:\/\/www.lelag.fr\/site\/wp-content\/uploads\/2014\/01\/OnEstLa-03.jpg 768w\" sizes=\"auto, (max-width: 300px) 100vw, 300px\" \/><\/a><p id=\"caption-attachment-1907\" class=\"wp-caption-text\">On est l\u00e0 &#8211; Luc Decaster<\/p><\/div>\n<div id=\"attachment_1908\" style=\"width: 310px\" class=\"wp-caption aligncenter\"><a href=\"http:\/\/www.lelag.fr\/site\/wp-content\/uploads\/2014\/01\/OnEstLa-01.jpg\"><img loading=\"lazy\" decoding=\"async\" aria-describedby=\"caption-attachment-1908\" class=\"size-medium wp-image-1908\" alt=\"On est l\u00e0 - Luc Decaster\" src=\"http:\/\/www.lelag.fr\/site\/wp-content\/uploads\/2014\/01\/OnEstLa-01-300x193.jpg\" width=\"300\" height=\"193\" srcset=\"https:\/\/www.lelag.fr\/site\/wp-content\/uploads\/2014\/01\/OnEstLa-01-300x193.jpg 300w, https:\/\/www.lelag.fr\/site\/wp-content\/uploads\/2014\/01\/OnEstLa-01.jpg 584w\" sizes=\"auto, (max-width: 300px) 100vw, 300px\" \/><\/a><p id=\"caption-attachment-1908\" class=\"wp-caption-text\">On est l\u00e0 &#8211; Luc Decaster<\/p><\/div>\n<h2>\u00c0 consulter<\/h2>\n<ul>\n<li><a title=\"On est l\u00e0\" href=\"http:\/\/www.onestla-lefilm.fr\">Le site du film<\/a><\/li>\n<\/ul>\n<h2>Luc Decaster :\u00a0Filmer au coeur du conflit<\/h2>\n<div>J\u2019aime faire du cin\u00e9ma au quotidien avec les gens, prendre du temps pour les conna\u00eetre. Dans ce quotidien, voir na\u00eetre l\u2019insolite.\u00a0 C\u2019\u00e9tait d\u00e9j\u00e0 ma d\u00e9marche pour R\u00eave d\u2019usine.<\/div>\n<div align=\"left\">Le d\u00e9sir de filmer m\u2019arrive avec la vie. Le film s\u2019impose \u00e0 elle. On est l\u00e0 ! en est un exemple typique. Alors que j\u2019\u00e9tais en plein montage d\u2019un autre film en juin 2009, j\u2019ai su que des travailleurs sans papiers demandaient le soutien du collectif\u00a0 d\u2019Argenteuil : une gr\u00e8ve avec occupation se pr\u00e9parait dans la soci\u00e9t\u00e9 Clean Multiservices. Depuis une quinzaine d\u2019ann\u00e9es je participe aux activit\u00e9s de ce collectif. J\u2019ai souvent film\u00e9 ces moments de pr\u00e9paration et d\u2019action, mais sans autre intention que de garder des images, une trace de ces oubli\u00e9s de l\u2019histoire.<\/div>\n<div><\/div>\n<div align=\"left\">Pour ces salari\u00e9s, \u00ab clandestins \u00bb pour les autorit\u00e9s, il n\u2019est pas ais\u00e9 d\u2019occuper seuls une entreprise ; d\u2019autant plus que vingt d\u2019entre eux avaient \u00e9t\u00e9 licenci\u00e9s abusivement et ne travaillaient plus dans cette soci\u00e9t\u00e9. Difficile aussi de relancer le r\u00e9seau de soutien au mouvement \u00e0 la veille des vacances d\u2019\u00e9t\u00e9. Faute de trouver de nouvelles forces, l\u2019occupation \u00e9tait r\u00e9guli\u00e8rement repouss\u00e9e.<\/div>\n<div><\/div>\n<div align=\"left\">Lorsque la d\u00e9cision d\u2019occuper fut prise, le montage de mon film pr\u00e9c\u00e9dent \u00e9tait termin\u00e9. J\u2019ai alors d\u00e9cid\u00e9 de filmer dans la dur\u00e9e l\u2019action des salari\u00e9s de Clean Multiservices depuis ses premiers pas.<\/div>\n<div align=\"left\">Les premi\u00e8res images le montrent, ma cam\u00e9ra entre juste derri\u00e8re les salari\u00e9s dans cette occupation surprise. Pour moi, commence un v\u00e9ritable dilemme : comment \u00eatre un citoyen soucieux de soutenir sur le terrain des valeurs justes\u00a0 et rester un cin\u00e9aste libre en pr\u00e9servant une distance face au conflit ? A la demande des travailleurs sans papiers, d\u00e8s le premier soir j\u2019ai d\u00fb poser la cam\u00e9ra pour participer personnellement aux tractations avec la police, appel\u00e9e par le Directeur de Clean Multi services \u2026 Dans les moments d\u2019isolement, entre la dramaturgie d\u2019un film et les risques encourus par ces hommes, le choix m\u2019apparaissait \u00e9vident.<\/div>\n<div><\/div>\n<div align=\"left\">C\u2019est le quotidien de la lutte, avec ses retournements, ses attentes et ses\u00a0 impr\u00e9vus qui m\u2019a int\u00e9ress\u00e9 et qui nourrit la dramaturgie du film. Du tournage au montage j\u2019ai voulu pr\u00e9server la complexit\u00e9 du conflit : les d\u00e9saccords au m\u00eame titre que les convergences entre les employ\u00e9s. Je crois que cette complexit\u00e9 se lit dans les \u00e9changes que nous avons choisis au montage avec Claire Atherton.<\/div>\n<div><\/div>\n<div align=\"left\">J\u2019ai toujours refus\u00e9 un cin\u00e9ma simplificateur, fait de h\u00e9ros positifs et de m\u00e9chants, au nom d\u2019un \u00ab militantisme \u00bb qui \u00e0 mon sens n\u2019\u0153uvre pas en faveur du Cin\u00e9ma Ind\u00e9pendant.<\/div>\n<div align=\"left\">L\u2019important \u00e9tait aussi de ne pas empi\u00e9ter sur le terrain des gr\u00e9vistes ; de ne pas compromettre le mouvement par une pr\u00e9sence intempestive de la cam\u00e9ra.<\/div>\n<div><\/div>\n<div align=\"left\">Trouver la bonne distance entre la cam\u00e9ra et les personnes film\u00e9es, c\u2019est le pari du film.<\/div>\n<p>&nbsp;<\/p>\n<p>&nbsp;<\/p>\n<p>&nbsp;<\/p>\n","protected":false},"excerpt":{"rendered":"<p>Programmation au LAG dans le cadre du festival Bobines rebelles 2014 : samedi 12 avril 2014 \u00e0 17h00 Un film de Luc Decaster \u2013 2011 \u2013 France \u2013 110 minutes En pr\u00e9sence de Luc Decaster (confirmation en cours) R\u00e9sum\u00e9 Clean &hellip; <a href=\"https:\/\/www.lelag.fr\/site\/on-est-la\/\">Continuer la lecture <span class=\"meta-nav\">&rarr;<\/span><\/a><\/p>\n","protected":false},"author":1,"featured_media":0,"comment_status":"closed","ping_status":"closed","sticky":false,"template":"","format":"standard","meta":{"footnotes":""},"categories":[8],"tags":[],"class_list":["post-1905","post","type-post","status-publish","format-standard","hentry","category-bobines-rebelles-2014"],"_links":{"self":[{"href":"https:\/\/www.lelag.fr\/site\/wp-json\/wp\/v2\/posts\/1905","targetHints":{"allow":["GET"]}}],"collection":[{"href":"https:\/\/www.lelag.fr\/site\/wp-json\/wp\/v2\/posts"}],"about":[{"href":"https:\/\/www.lelag.fr\/site\/wp-json\/wp\/v2\/types\/post"}],"author":[{"embeddable":true,"href":"https:\/\/www.lelag.fr\/site\/wp-json\/wp\/v2\/users\/1"}],"replies":[{"embeddable":true,"href":"https:\/\/www.lelag.fr\/site\/wp-json\/wp\/v2\/comments?post=1905"}],"version-history":[{"count":1,"href":"https:\/\/www.lelag.fr\/site\/wp-json\/wp\/v2\/posts\/1905\/revisions"}],"predecessor-version":[{"id":1909,"href":"https:\/\/www.lelag.fr\/site\/wp-json\/wp\/v2\/posts\/1905\/revisions\/1909"}],"wp:attachment":[{"href":"https:\/\/www.lelag.fr\/site\/wp-json\/wp\/v2\/media?parent=1905"}],"wp:term":[{"taxonomy":"category","embeddable":true,"href":"https:\/\/www.lelag.fr\/site\/wp-json\/wp\/v2\/categories?post=1905"},{"taxonomy":"post_tag","embeddable":true,"href":"https:\/\/www.lelag.fr\/site\/wp-json\/wp\/v2\/tags?post=1905"}],"curies":[{"name":"wp","href":"https:\/\/api.w.org\/{rel}","templated":true}]}}