{"id":1902,"date":"2014-01-18T15:14:24","date_gmt":"2014-01-18T14:14:24","guid":{"rendered":"http:\/\/www.lelag.fr\/site\/?p=1902"},"modified":"2014-01-18T15:14:24","modified_gmt":"2014-01-18T14:14:24","slug":"a-ciel-ouvert","status":"publish","type":"post","link":"https:\/\/www.lelag.fr\/site\/a-ciel-ouvert\/","title":{"rendered":"\u00c0 ciel ouvert"},"content":{"rendered":"<p><strong>Programmation au LAG durant le <a title=\"Bobines Rebelles 2014\" href=\"http:\/\/www.lelag.fr\/site\/cinema\/bobines-rebelles\/bobines-rebelles-2014\/\">festival Bobines rebelles 2014<\/a>, du 11 au 13 avril 2014.<\/strong><\/p>\n<p><strong>Un film de\u00a0 Mariana Otero &#8211; 2013 &#8211; France &#8211; 110 minutes<\/strong><\/p>\n<p><strong>Pr\u00e9sence de Mariana Otero : d\u00e9marches en cours<br \/>\n<\/strong><\/p>\n<h2>R\u00e9sum\u00e9<\/h2>\n<p>Alysson appr\u00e9hende son corps avec peine. Amina ne trouve plus les mots. Ce sont des enfants psychiquement et socialement inadapt\u00e9s qui ont besoin d\u2019un suivi particulier. Au Courtil, les adultes travaillent et vivent avec eux de mani\u00e8re originale. Sans jamais rien leur imposer, ils essaient de comprendre l\u2019\u00e9nigme que repr\u00e9sente chaque enfant et inventent avec eux, au cas par cas, des solutions qui les aideront \u00e0 vivre apais\u00e9s. \u00c0 ciel ouvert livre une odyss\u00e9e lumineuse au c\u0153ur de la folie de ces enfants et d\u2019un lieu hors du commun.<\/p>\n<h2>Pour aller plus loin<\/h2>\n<ul>\n<li><a title=\"Mariana Otero\" href=\"http:\/\/fr.wikipedia.org\/wiki\/Mariana_Otero\">Mariana Otero sur Wikip\u00e9dia<\/a><\/li>\n<li><a href=\"http:\/\/www.politis.fr\/A-ciel-ouvert-de-Mariana-Otero,25134.html\">Une critique de \u00c0 ciel ouvert, dans Politis<\/a><\/li>\n<\/ul>\n<div id=\"attachment_1903\" style=\"width: 310px\" class=\"wp-caption aligncenter\"><a href=\"http:\/\/www.lelag.fr\/site\/wp-content\/uploads\/2014\/01\/ACielOuvert-O1.jpg\"><img loading=\"lazy\" decoding=\"async\" aria-describedby=\"caption-attachment-1903\" class=\"size-medium wp-image-1903\" alt=\"\u00c0 ciel ouvert\" src=\"http:\/\/www.lelag.fr\/site\/wp-content\/uploads\/2014\/01\/ACielOuvert-O1-300x221.jpg\" width=\"300\" height=\"221\" srcset=\"https:\/\/www.lelag.fr\/site\/wp-content\/uploads\/2014\/01\/ACielOuvert-O1-300x221.jpg 300w, https:\/\/www.lelag.fr\/site\/wp-content\/uploads\/2014\/01\/ACielOuvert-O1.jpg 650w\" sizes=\"auto, (max-width: 300px) 100vw, 300px\" \/><\/a><p id=\"caption-attachment-1903\" class=\"wp-caption-text\">\u00c0 ciel ouvert<\/p><\/div>\n","protected":false},"excerpt":{"rendered":"<p>Programmation au LAG durant le festival Bobines rebelles 2014, du 11 au 13 avril 2014. Un film de\u00a0 Mariana Otero &#8211; 2013 &#8211; France &#8211; 110 minutes Pr\u00e9sence de Mariana Otero : d\u00e9marches en cours R\u00e9sum\u00e9 Alysson appr\u00e9hende son corps &hellip; <a href=\"https:\/\/www.lelag.fr\/site\/a-ciel-ouvert\/\">Continuer la lecture <span class=\"meta-nav\">&rarr;<\/span><\/a><\/p>\n","protected":false},"author":1,"featured_media":0,"comment_status":"closed","ping_status":"closed","sticky":false,"template":"","format":"standard","meta":{"footnotes":""},"categories":[8],"tags":[],"class_list":["post-1902","post","type-post","status-publish","format-standard","hentry","category-bobines-rebelles-2014"],"_links":{"self":[{"href":"https:\/\/www.lelag.fr\/site\/wp-json\/wp\/v2\/posts\/1902","targetHints":{"allow":["GET"]}}],"collection":[{"href":"https:\/\/www.lelag.fr\/site\/wp-json\/wp\/v2\/posts"}],"about":[{"href":"https:\/\/www.lelag.fr\/site\/wp-json\/wp\/v2\/types\/post"}],"author":[{"embeddable":true,"href":"https:\/\/www.lelag.fr\/site\/wp-json\/wp\/v2\/users\/1"}],"replies":[{"embeddable":true,"href":"https:\/\/www.lelag.fr\/site\/wp-json\/wp\/v2\/comments?post=1902"}],"version-history":[{"count":1,"href":"https:\/\/www.lelag.fr\/site\/wp-json\/wp\/v2\/posts\/1902\/revisions"}],"predecessor-version":[{"id":1904,"href":"https:\/\/www.lelag.fr\/site\/wp-json\/wp\/v2\/posts\/1902\/revisions\/1904"}],"wp:attachment":[{"href":"https:\/\/www.lelag.fr\/site\/wp-json\/wp\/v2\/media?parent=1902"}],"wp:term":[{"taxonomy":"category","embeddable":true,"href":"https:\/\/www.lelag.fr\/site\/wp-json\/wp\/v2\/categories?post=1902"},{"taxonomy":"post_tag","embeddable":true,"href":"https:\/\/www.lelag.fr\/site\/wp-json\/wp\/v2\/tags?post=1902"}],"curies":[{"name":"wp","href":"https:\/\/api.w.org\/{rel}","templated":true}]}}