{"id":1888,"date":"2014-01-18T14:42:36","date_gmt":"2014-01-18T13:42:36","guid":{"rendered":"http:\/\/www.lelag.fr\/site\/?p=1888"},"modified":"2014-02-16T11:54:02","modified_gmt":"2014-02-16T10:54:02","slug":"gari","status":"publish","type":"post","link":"https:\/\/www.lelag.fr\/site\/gari\/","title":{"rendered":"\u00a1 GARI !"},"content":{"rendered":"<p><strong>Programmation au LAG durant le <a title=\"Bobines Rebelles 2014\" href=\"http:\/\/www.lelag.fr\/site\/cinema\/bobines-rebelles\/bobines-rebelles-2014\/\">festival Bobines rebelles 2014<\/a>, le samedi 12 avril 2014 \u00e0 14H30.<br \/>\n<\/strong><\/p>\n<p><strong>Un film de Nicolas R\u00e9glat &#8211; 2013 &#8211; France &#8211; 83 minutes<\/strong><\/p>\n<p><strong>En pr\u00e9sence de Nicolas R\u00e9glat<br \/>\n<\/strong><\/p>\n<h2>R\u00e9sum\u00e9<\/h2>\n<p>Espagne, mars 1974. Alors que le franquisme condamne \u00e0 mort les opposants, que des centaines de prisonniers politiques sont menac\u00e9s de mort en Espagne, cinq membres du MIL (Mouvement Ib\u00e9rique de Lib\u00e9ration) risquent d&rsquo;\u00eatre condamn\u00e9s \u00e0 mort par la justice franquiste. Pour leur \u00e9viter le garrot, quatre groupes d&rsquo;activistes \u00e0 Paris et \u00e0 Toulouse d\u00e9cident d&rsquo;unir leurs forces dans un r\u00e9seau appel\u00e9 les GARI (<strong>Groupes d&rsquo;Action R\u00e9volutionnaire Internationalistes<\/strong>). Ils organisent l&rsquo;enl\u00e8vement de Balthazar Suarez, repr\u00e9sentant de la Banque de Bilbao \u00e0 Paris en \u00e9change de la lib\u00e9ration de leurs camarades du MIL et une centaine de prisonniers politiques.<br \/>\nQuarante ans plus tard, le r\u00e9alisateur, qui a grandi dans le secret de cette aventure, profite de la fin du d\u00e9lai de prescription pour donner la parole \u00e0 des membres de sa famille et d&rsquo;autres anciens des GARI qui nous parlent de cette \u00e9poque, de l&rsquo;enl\u00e8vement du banquier Suarez pour r\u00e9clamer la lib\u00e9ration des camarades, des actions mises en \u0153uvre pour lutter contre la dictature et des cons\u00e9quences de leurs actes.<\/p>\n<h2>Retour sur les \u00a1 GARI !<\/h2>\n<ul>\n<li><a title=\"Les Gari!\" href=\"http:\/\/fr.wikipedia.org\/wiki\/Groupes_d%27action_r%C3%A9volutionnaire_internationalistes\">Sur Wikip\u00e9dia<\/a><\/li>\n<li><a href=\"http:\/\/apa.online.free.fr\/article.php3?id_article=739\">Une chronologie<\/a><\/li>\n<li><a href=\"http:\/\/www.lelag.fr\/site\/wp-content\/uploads\/2014\/01\/1974_Rapto_en_Paris.pdf\">Les \u00a1 GARI ! en BD<\/a><\/li>\n<\/ul>\n<div id=\"attachment_1890\" style=\"width: 310px\" class=\"wp-caption aligncenter\"><a href=\"http:\/\/www.lelag.fr\/site\/wp-content\/uploads\/2014\/01\/Gari-01.jpg\"><img loading=\"lazy\" decoding=\"async\" aria-describedby=\"caption-attachment-1890\" class=\"size-medium wp-image-1890\" alt=\"\u00a1 GARI !\" src=\"http:\/\/www.lelag.fr\/site\/wp-content\/uploads\/2014\/01\/Gari-01-300x221.jpg\" width=\"300\" height=\"221\" srcset=\"https:\/\/www.lelag.fr\/site\/wp-content\/uploads\/2014\/01\/Gari-01-300x221.jpg 300w, https:\/\/www.lelag.fr\/site\/wp-content\/uploads\/2014\/01\/Gari-01.jpg 650w\" sizes=\"auto, (max-width: 300px) 100vw, 300px\" \/><\/a><p id=\"caption-attachment-1890\" class=\"wp-caption-text\">\u00a1 GARI !<\/p><\/div>\n<div id=\"attachment_1893\" style=\"width: 310px\" class=\"wp-caption aligncenter\"><a href=\"http:\/\/www.lelag.fr\/site\/wp-content\/uploads\/2014\/01\/Gari-02.jpg\"><img loading=\"lazy\" decoding=\"async\" aria-describedby=\"caption-attachment-1893\" class=\"size-medium wp-image-1893\" alt=\"\u00a1 GARI !\" src=\"http:\/\/www.lelag.fr\/site\/wp-content\/uploads\/2014\/01\/Gari-02-300x168.jpg\" width=\"300\" height=\"168\" srcset=\"https:\/\/www.lelag.fr\/site\/wp-content\/uploads\/2014\/01\/Gari-02-300x168.jpg 300w, https:\/\/www.lelag.fr\/site\/wp-content\/uploads\/2014\/01\/Gari-02.jpg 640w\" sizes=\"auto, (max-width: 300px) 100vw, 300px\" \/><\/a><p id=\"caption-attachment-1893\" class=\"wp-caption-text\">\u00a1 GARI !<\/p><\/div>\n<div id=\"attachment_1894\" style=\"width: 310px\" class=\"wp-caption aligncenter\"><a href=\"http:\/\/www.lelag.fr\/site\/wp-content\/uploads\/2014\/01\/Gari-03.jpg\"><img loading=\"lazy\" decoding=\"async\" aria-describedby=\"caption-attachment-1894\" class=\"size-medium wp-image-1894\" alt=\"\u00a1 GARI !\" src=\"http:\/\/www.lelag.fr\/site\/wp-content\/uploads\/2014\/01\/Gari-03-300x168.jpg\" width=\"300\" height=\"168\" srcset=\"https:\/\/www.lelag.fr\/site\/wp-content\/uploads\/2014\/01\/Gari-03-300x168.jpg 300w, https:\/\/www.lelag.fr\/site\/wp-content\/uploads\/2014\/01\/Gari-03.jpg 640w\" sizes=\"auto, (max-width: 300px) 100vw, 300px\" \/><\/a><p id=\"caption-attachment-1894\" class=\"wp-caption-text\">\u00a1 GARI !<\/p><\/div>\n<div id=\"attachment_1895\" style=\"width: 310px\" class=\"wp-caption aligncenter\"><a href=\"http:\/\/www.lelag.fr\/site\/wp-content\/uploads\/2014\/01\/Gari-04.jpg\"><img loading=\"lazy\" decoding=\"async\" aria-describedby=\"caption-attachment-1895\" class=\"size-medium wp-image-1895\" alt=\"\u00a1 GARI !\" src=\"http:\/\/www.lelag.fr\/site\/wp-content\/uploads\/2014\/01\/Gari-04-300x168.jpg\" width=\"300\" height=\"168\" srcset=\"https:\/\/www.lelag.fr\/site\/wp-content\/uploads\/2014\/01\/Gari-04-300x168.jpg 300w, https:\/\/www.lelag.fr\/site\/wp-content\/uploads\/2014\/01\/Gari-04.jpg 640w\" sizes=\"auto, (max-width: 300px) 100vw, 300px\" \/><\/a><p id=\"caption-attachment-1895\" class=\"wp-caption-text\">\u00a1 GARI !<\/p><\/div>\n<div id=\"attachment_1896\" style=\"width: 310px\" class=\"wp-caption aligncenter\"><a href=\"http:\/\/www.lelag.fr\/site\/wp-content\/uploads\/2014\/01\/Gari-05.jpg\"><img loading=\"lazy\" decoding=\"async\" aria-describedby=\"caption-attachment-1896\" class=\"size-medium wp-image-1896\" alt=\"\u00a1 GARI !\" src=\"http:\/\/www.lelag.fr\/site\/wp-content\/uploads\/2014\/01\/Gari-05-300x168.jpg\" width=\"300\" height=\"168\" srcset=\"https:\/\/www.lelag.fr\/site\/wp-content\/uploads\/2014\/01\/Gari-05-300x168.jpg 300w, https:\/\/www.lelag.fr\/site\/wp-content\/uploads\/2014\/01\/Gari-05.jpg 640w\" sizes=\"auto, (max-width: 300px) 100vw, 300px\" \/><\/a><p id=\"caption-attachment-1896\" class=\"wp-caption-text\">\u00a1 GARI !<\/p><\/div>\n<div id=\"attachment_1897\" style=\"width: 310px\" class=\"wp-caption aligncenter\"><a href=\"http:\/\/www.lelag.fr\/site\/wp-content\/uploads\/2014\/01\/Gari-06.jpg\"><img loading=\"lazy\" decoding=\"async\" aria-describedby=\"caption-attachment-1897\" class=\"size-medium wp-image-1897\" alt=\"\u00a1 GARI !\" src=\"http:\/\/www.lelag.fr\/site\/wp-content\/uploads\/2014\/01\/Gari-06-300x168.jpg\" width=\"300\" height=\"168\" srcset=\"https:\/\/www.lelag.fr\/site\/wp-content\/uploads\/2014\/01\/Gari-06-300x168.jpg 300w, https:\/\/www.lelag.fr\/site\/wp-content\/uploads\/2014\/01\/Gari-06.jpg 640w\" sizes=\"auto, (max-width: 300px) 100vw, 300px\" \/><\/a><p id=\"caption-attachment-1897\" class=\"wp-caption-text\">\u00a1 GARI !<\/p><\/div>\n<div id=\"attachment_1898\" style=\"width: 310px\" class=\"wp-caption aligncenter\"><a href=\"http:\/\/www.lelag.fr\/site\/wp-content\/uploads\/2014\/01\/Gari-07.jpg\"><img loading=\"lazy\" decoding=\"async\" aria-describedby=\"caption-attachment-1898\" class=\"size-medium wp-image-1898\" alt=\"\u00a1 GARI !\" src=\"http:\/\/www.lelag.fr\/site\/wp-content\/uploads\/2014\/01\/Gari-07-300x168.jpg\" width=\"300\" height=\"168\" srcset=\"https:\/\/www.lelag.fr\/site\/wp-content\/uploads\/2014\/01\/Gari-07-300x168.jpg 300w, https:\/\/www.lelag.fr\/site\/wp-content\/uploads\/2014\/01\/Gari-07.jpg 640w\" sizes=\"auto, (max-width: 300px) 100vw, 300px\" \/><\/a><p id=\"caption-attachment-1898\" class=\"wp-caption-text\">\u00a1 GARI !<\/p><\/div>\n<div id=\"attachment_1899\" style=\"width: 310px\" class=\"wp-caption aligncenter\"><a href=\"http:\/\/www.lelag.fr\/site\/wp-content\/uploads\/2014\/01\/Gari-08.jpg\"><img loading=\"lazy\" decoding=\"async\" aria-describedby=\"caption-attachment-1899\" class=\"size-medium wp-image-1899\" alt=\"\u00a1 GARI !\" src=\"http:\/\/www.lelag.fr\/site\/wp-content\/uploads\/2014\/01\/Gari-08-300x168.jpg\" width=\"300\" height=\"168\" srcset=\"https:\/\/www.lelag.fr\/site\/wp-content\/uploads\/2014\/01\/Gari-08-300x168.jpg 300w, https:\/\/www.lelag.fr\/site\/wp-content\/uploads\/2014\/01\/Gari-08.jpg 640w\" sizes=\"auto, (max-width: 300px) 100vw, 300px\" \/><\/a><p id=\"caption-attachment-1899\" class=\"wp-caption-text\">\u00a1 GARI !<\/p><\/div>\n<div id=\"attachment_1900\" style=\"width: 310px\" class=\"wp-caption aligncenter\"><a href=\"http:\/\/www.lelag.fr\/site\/wp-content\/uploads\/2014\/01\/Gari-09.jpg\"><img loading=\"lazy\" decoding=\"async\" aria-describedby=\"caption-attachment-1900\" class=\"size-medium wp-image-1900\" alt=\"\u00a1 GARI !\" src=\"http:\/\/www.lelag.fr\/site\/wp-content\/uploads\/2014\/01\/Gari-09-300x168.jpg\" width=\"300\" height=\"168\" srcset=\"https:\/\/www.lelag.fr\/site\/wp-content\/uploads\/2014\/01\/Gari-09-300x168.jpg 300w, https:\/\/www.lelag.fr\/site\/wp-content\/uploads\/2014\/01\/Gari-09.jpg 640w\" sizes=\"auto, (max-width: 300px) 100vw, 300px\" \/><\/a><p id=\"caption-attachment-1900\" class=\"wp-caption-text\">\u00a1 GARI !<\/p><\/div>\n<p>&nbsp;<\/p>\n<p>&nbsp;<\/p>\n<p>&nbsp;<\/p>\n<p>&nbsp;<\/p>\n<p>&nbsp;<\/p>\n<p>&nbsp;<\/p>\n<p>&nbsp;<\/p>\n<p>&nbsp;<\/p>\n","protected":false},"excerpt":{"rendered":"<p>Programmation au LAG durant le festival Bobines rebelles 2014, le samedi 12 avril 2014 \u00e0 14H30. Un film de Nicolas R\u00e9glat &#8211; 2013 &#8211; France &#8211; 83 minutes En pr\u00e9sence de Nicolas R\u00e9glat R\u00e9sum\u00e9 Espagne, mars 1974. Alors que le &hellip; <a href=\"https:\/\/www.lelag.fr\/site\/gari\/\">Continuer la lecture <span class=\"meta-nav\">&rarr;<\/span><\/a><\/p>\n","protected":false},"author":1,"featured_media":0,"comment_status":"closed","ping_status":"closed","sticky":false,"template":"","format":"standard","meta":{"footnotes":""},"categories":[8],"tags":[],"class_list":["post-1888","post","type-post","status-publish","format-standard","hentry","category-bobines-rebelles-2014"],"_links":{"self":[{"href":"https:\/\/www.lelag.fr\/site\/wp-json\/wp\/v2\/posts\/1888","targetHints":{"allow":["GET"]}}],"collection":[{"href":"https:\/\/www.lelag.fr\/site\/wp-json\/wp\/v2\/posts"}],"about":[{"href":"https:\/\/www.lelag.fr\/site\/wp-json\/wp\/v2\/types\/post"}],"author":[{"embeddable":true,"href":"https:\/\/www.lelag.fr\/site\/wp-json\/wp\/v2\/users\/1"}],"replies":[{"embeddable":true,"href":"https:\/\/www.lelag.fr\/site\/wp-json\/wp\/v2\/comments?post=1888"}],"version-history":[{"count":5,"href":"https:\/\/www.lelag.fr\/site\/wp-json\/wp\/v2\/posts\/1888\/revisions"}],"predecessor-version":[{"id":1955,"href":"https:\/\/www.lelag.fr\/site\/wp-json\/wp\/v2\/posts\/1888\/revisions\/1955"}],"wp:attachment":[{"href":"https:\/\/www.lelag.fr\/site\/wp-json\/wp\/v2\/media?parent=1888"}],"wp:term":[{"taxonomy":"category","embeddable":true,"href":"https:\/\/www.lelag.fr\/site\/wp-json\/wp\/v2\/categories?post=1888"},{"taxonomy":"post_tag","embeddable":true,"href":"https:\/\/www.lelag.fr\/site\/wp-json\/wp\/v2\/tags?post=1888"}],"curies":[{"name":"wp","href":"https:\/\/api.w.org\/{rel}","templated":true}]}}