{"id":1880,"date":"2014-01-18T14:17:41","date_gmt":"2014-01-18T13:17:41","guid":{"rendered":"http:\/\/www.lelag.fr\/site\/?p=1880"},"modified":"2014-02-16T11:54:29","modified_gmt":"2014-02-16T10:54:29","slug":"demain","status":"publish","type":"post","link":"https:\/\/www.lelag.fr\/site\/demain\/","title":{"rendered":"Demain"},"content":{"rendered":"<p><strong>Programmation au LAG durant le <a title=\"Bobines Rebelles 2014\" href=\"http:\/\/www.lelag.fr\/site\/cinema\/bobines-rebelles\/bobines-rebelles-2014\/\">festival Bobines rebelles 2014<\/a>, le samedi 12 avril 2014 \u00e0 17h00.<br \/>\n<\/strong><\/p>\n<p><strong>Un film de Carmit Harash &#8211; 2010 &#8211; France, Isra\u00ebl &#8211; 58 minutes<\/strong><\/p>\n<p><strong>En pr\u00e9sence de Carmit Harash<\/strong><\/p>\n<h2>Pr\u00e9sentation<\/h2>\n<p><em>Demain <\/em>est la deuxi\u00e8me partie de la trilogie de Carmit Harash (Film de guerre &#8211; Demain &#8211; Tr\u00eave).<\/p>\n<p>La premi\u00e8re partie de cette trilogie, <em>Film de guerre<\/em>, a \u00e9t\u00e9 <a title=\"Film de guerre\" href=\"http:\/\/www.lelag.fr\/site\/film-de-guerre\/\">projet\u00e9e \u00e0 l&rsquo;occasion de Bobines rebelles 2013.<\/a><\/p>\n<h2>R\u00e9sum\u00e9<\/h2>\n<p>A 30 ans, la vie d&rsquo;Isra\u00ebl va nulle part.<br \/>\nDe retour au pays, apr\u00e8s des ann\u00e9es \u00e0 l&rsquo;\u00e9tranger, sa s\u0153ur le force \u00e0 confronter des questions qu&rsquo;il aurait pr\u00e9f\u00e9r\u00e9 \u00e9viter.<\/p>\n<div id=\"attachment_1881\" style=\"width: 310px\" class=\"wp-caption aligncenter\"><a href=\"http:\/\/www.lelag.fr\/site\/wp-content\/uploads\/2014\/01\/Demain-01.jpg\"><img loading=\"lazy\" decoding=\"async\" aria-describedby=\"caption-attachment-1881\" class=\"size-medium wp-image-1881\" alt=\"Demain - Carmit Harash\" src=\"http:\/\/www.lelag.fr\/site\/wp-content\/uploads\/2014\/01\/Demain-01-300x240.jpg\" width=\"300\" height=\"240\" srcset=\"https:\/\/www.lelag.fr\/site\/wp-content\/uploads\/2014\/01\/Demain-01-300x240.jpg 300w, https:\/\/www.lelag.fr\/site\/wp-content\/uploads\/2014\/01\/Demain-01.jpg 800w\" sizes=\"auto, (max-width: 300px) 100vw, 300px\" \/><\/a><p id=\"caption-attachment-1881\" class=\"wp-caption-text\">Demain &#8211; Carmit Harash<\/p><\/div>\n<div id=\"attachment_1883\" style=\"width: 340px\" class=\"wp-caption aligncenter\"><a href=\"http:\/\/www.lelag.fr\/site\/wp-content\/uploads\/2014\/01\/Demain-02.jpg\"><img loading=\"lazy\" decoding=\"async\" aria-describedby=\"caption-attachment-1883\" class=\"size-full wp-image-1883\" alt=\"Demain - Carmit Harash\" src=\"http:\/\/www.lelag.fr\/site\/wp-content\/uploads\/2014\/01\/Demain-02.jpg\" width=\"330\" height=\"232\" srcset=\"https:\/\/www.lelag.fr\/site\/wp-content\/uploads\/2014\/01\/Demain-02.jpg 330w, https:\/\/www.lelag.fr\/site\/wp-content\/uploads\/2014\/01\/Demain-02-300x210.jpg 300w\" sizes=\"auto, (max-width: 330px) 100vw, 330px\" \/><\/a><p id=\"caption-attachment-1883\" class=\"wp-caption-text\">Demain &#8211; Carmit Harash<\/p><\/div>\n<div id=\"attachment_1885\" style=\"width: 340px\" class=\"wp-caption aligncenter\"><a href=\"http:\/\/www.lelag.fr\/site\/wp-content\/uploads\/2014\/01\/Demain-03.jpg\"><img loading=\"lazy\" decoding=\"async\" aria-describedby=\"caption-attachment-1885\" class=\"size-full wp-image-1885\" alt=\"Demain - Carmit Harash\" src=\"http:\/\/www.lelag.fr\/site\/wp-content\/uploads\/2014\/01\/Demain-03.jpg\" width=\"330\" height=\"232\" srcset=\"https:\/\/www.lelag.fr\/site\/wp-content\/uploads\/2014\/01\/Demain-03.jpg 330w, https:\/\/www.lelag.fr\/site\/wp-content\/uploads\/2014\/01\/Demain-03-300x210.jpg 300w\" sizes=\"auto, (max-width: 330px) 100vw, 330px\" \/><\/a><p id=\"caption-attachment-1885\" class=\"wp-caption-text\">Demain &#8211; Carmit Harash<\/p><\/div>\n<div id=\"attachment_1886\" style=\"width: 340px\" class=\"wp-caption aligncenter\"><a href=\"http:\/\/www.lelag.fr\/site\/wp-content\/uploads\/2014\/01\/Demain-04.jpg\"><img loading=\"lazy\" decoding=\"async\" aria-describedby=\"caption-attachment-1886\" class=\"size-full wp-image-1886\" alt=\"Demain - Carmit Harash\" src=\"http:\/\/www.lelag.fr\/site\/wp-content\/uploads\/2014\/01\/Demain-04.jpg\" width=\"330\" height=\"232\" srcset=\"https:\/\/www.lelag.fr\/site\/wp-content\/uploads\/2014\/01\/Demain-04.jpg 330w, https:\/\/www.lelag.fr\/site\/wp-content\/uploads\/2014\/01\/Demain-04-300x210.jpg 300w\" sizes=\"auto, (max-width: 330px) 100vw, 330px\" \/><\/a><p id=\"caption-attachment-1886\" class=\"wp-caption-text\">Demain &#8211; Carmit Harash<\/p><\/div>\n<p>&nbsp;<\/p>\n<p>&nbsp;<\/p>\n<p>&nbsp;<\/p>\n","protected":false},"excerpt":{"rendered":"<p>Programmation au LAG durant le festival Bobines rebelles 2014, le samedi 12 avril 2014 \u00e0 17h00. Un film de Carmit Harash &#8211; 2010 &#8211; France, Isra\u00ebl &#8211; 58 minutes En pr\u00e9sence de Carmit Harash Pr\u00e9sentation Demain est la deuxi\u00e8me partie &hellip; <a href=\"https:\/\/www.lelag.fr\/site\/demain\/\">Continuer la lecture <span class=\"meta-nav\">&rarr;<\/span><\/a><\/p>\n","protected":false},"author":1,"featured_media":0,"comment_status":"closed","ping_status":"closed","sticky":false,"template":"","format":"standard","meta":{"footnotes":""},"categories":[8],"tags":[],"class_list":["post-1880","post","type-post","status-publish","format-standard","hentry","category-bobines-rebelles-2014"],"_links":{"self":[{"href":"https:\/\/www.lelag.fr\/site\/wp-json\/wp\/v2\/posts\/1880","targetHints":{"allow":["GET"]}}],"collection":[{"href":"https:\/\/www.lelag.fr\/site\/wp-json\/wp\/v2\/posts"}],"about":[{"href":"https:\/\/www.lelag.fr\/site\/wp-json\/wp\/v2\/types\/post"}],"author":[{"embeddable":true,"href":"https:\/\/www.lelag.fr\/site\/wp-json\/wp\/v2\/users\/1"}],"replies":[{"embeddable":true,"href":"https:\/\/www.lelag.fr\/site\/wp-json\/wp\/v2\/comments?post=1880"}],"version-history":[{"count":5,"href":"https:\/\/www.lelag.fr\/site\/wp-json\/wp\/v2\/posts\/1880\/revisions"}],"predecessor-version":[{"id":1956,"href":"https:\/\/www.lelag.fr\/site\/wp-json\/wp\/v2\/posts\/1880\/revisions\/1956"}],"wp:attachment":[{"href":"https:\/\/www.lelag.fr\/site\/wp-json\/wp\/v2\/media?parent=1880"}],"wp:term":[{"taxonomy":"category","embeddable":true,"href":"https:\/\/www.lelag.fr\/site\/wp-json\/wp\/v2\/categories?post=1880"},{"taxonomy":"post_tag","embeddable":true,"href":"https:\/\/www.lelag.fr\/site\/wp-json\/wp\/v2\/tags?post=1880"}],"curies":[{"name":"wp","href":"https:\/\/api.w.org\/{rel}","templated":true}]}}